{"id":3469,"date":"2012-04-15T20:08:58","date_gmt":"2012-04-15T19:08:58","guid":{"rendered":"http:\/\/f8185580-656a-42be-9661-422715d6d4d6"},"modified":"2019-07-25T10:32:44","modified_gmt":"2019-07-25T09:32:44","slug":"streichung-von-betteinlagen-aus-dem-leistungskatalog-der-wgkk-per-31-01-2012","status":"publish","type":"post","link":"https:\/\/bmin.info\/WP\/2012\/04\/15\/streichung-von-betteinlagen-aus-dem-leistungskatalog-der-wgkk-per-31-01-2012\/","title":{"rendered":"Streichung von Betteinlagen aus dem Leistungskatalog der WGKK per 31.01.2012"},"content":{"rendered":"\n<p><br \/>Sehr geehrte Frau Maga. Ingrid Reischl, Obfrau der WGKK!<br \/><\/p>\n\n\n\n<p>Bedanke mich f\u00fcr Ihr Antwortschreiben vom 23.3.2012, das ich leider erst heute, 21 Tage nach Ausfertigung Ihres Briefes erhalten habe. Es h\u00e4tte Zivilcourage Ihrerseits bedurft, die von Direktor Ing. Erich Sulzbacher getroffene Entscheidung, wieder r\u00fcckg\u00e4ngig zu machen. Inzwischen ist die Berufungsbeantwortung der WGKK bei der Anwaltskanzlei eingelangt. Das letztinstanzliche Gerichtsurteil steht noch aus. Scheinbar hat die WGKK das Urteil schon vorweggenommen und hat mit 31.J\u00e4nner 2012 die Betteinlagen aus ihrem Leistungskatalog gestrichen.<br \/><\/p>\n\n\n\n<p>Ihre Argumentation, dass die WGKK Betteinlagen noch als letzte Krankenkasse im Leistungskatalog gef\u00fchrt hat, ist f\u00fcr den Sachverhalt irrelevant und \u00e4ndert nichts an das Tatsache, dass die WGKK mit allen Mitteln versucht, Betteinlagen von Heillbehelfen als Pflegeartikel umzudeklarieren- sogar mit h\u00f6chstgerichtlichem Entscheid, damit die Versicherten die Kosten selber tragen m\u00fcssen. Dabei wird \u00fcbersehen, dass jene Versicherten, die ohnedies am untersten Rand der Gesellschaft zu finden sind und die sich am allerwenigsten wehren k\u00f6nnen, \u201eden G\u00fcrtel noch enger schnallen\u201c m\u00fcssen. Vor allem Pensionisten mit Ausgleichszulage z\u00e4hlen zu den Hauptbetroffenen dieser unverst\u00e4ndlichen Entscheidung.<br \/><\/p>\n\n\n\n<p>Der Satz, dass \u201e alle \u00c4nderungen des Leistungsgeschehens immer auch mit den, in der WGKK Besch\u00e4ftigten \u00c4rzt\/innen abgesprochen werden und es sich keinesfalls um eine willk\u00fcrliche Entscheidung einer \u201eabgehobenen B\u00fcrokratie\u201c handelt\u201c, ist zu hinterfragen. Behandelnde \u00c4rzte meinen, dass Betteinlagen zu den Heilbehelfen zu z\u00e4hlen sind (<a rel=\"noreferrer noopener\" aria-label=\" (\u00f6ffnet in neuem Tab)\" href=\"https:\/\/bmin.info\/WP\/wp-content\/uploads\/2019\/07\/120413_WGKKReischlSam.pdf\" target=\"_blank\">siehe Anhang PDF<\/a>). Sogar auf den R\u00fcckseiten der Verordnungsscheine der WGKK werden Betteinlagen als Heilbehelfe tituliert (<a rel=\"noreferrer noopener\" aria-label=\" (\u00f6ffnet in neuem Tab)\" href=\"https:\/\/bmin.info\/WP\/wp-content\/uploads\/2019\/07\/120413_WGKKReischlSam.pdf\" target=\"_blank\">siehe Anhang PDF<\/a>). Krankheiten, speziell im Zusammenhang in F\u00e4llen k\u00f6rperlicher Beeintr\u00e4chtigungen und Behinderungen, sind individuell zu betrachten. Deshalb w\u00e4re es zwingend erforderlich, dass Betteinlagen nicht aus den Leistungskatalogen aller Gebietskrankenkassen gestrichen , sondern weiterhin nach chef\u00e4rztlicher Begutachtung gew\u00e4hrt werden, wie ich bereits in meinen an Sie pers\u00f6nlich gerichteten Briefen vom 5.3. bzw. 29.3. ausf\u00fchrlich dargelegt habe (<a href=\"https:\/\/bmin.info\/WP\/wp-content\/uploads\/2019\/07\/120413_WGKKReischlSam.pdf\" target=\"_blank\" rel=\"noreferrer noopener\" aria-label=\" (\u00f6ffnet in neuem Tab)\">siehe Anhang PDF<\/a>).\u00a0<strong>Auch wenn Politik und Rechnungshof die Rahmenbedingungen vorgeben, ist es skandal\u00f6s, dass die Krankenkassen zum Schaden ihrer Versicherten Entscheidungen treffen. Es darf nicht sein, dass die Versicherten durch solche Ma\u00dfnahmen der WGKK gesundheitlich gesch\u00e4digt werden k\u00f6nnen<\/strong>. Besonders bedauerlich ist, dass gerade die WGKK, die haupts\u00e4chlich mit sozialdemokratischen Entscheidungstr\u00e4gern aufgestellt ist, unter einem sozialdemokratischen Bundeskanzler und einem sozialdemokratischen Gesundheitsminister, als autonome Gebietsk\u00f6rperschaft, solch fragw\u00fcrdige Entscheidungen trifft.<br \/><\/p>\n\n\n\n<p>Ist es wirklich n\u00f6tig, auf Kosten einer Minderheit solche Sparma\u00dfnamen zu setzen und das in einem der reichsten L\u00e4nder weltweit?&nbsp;<br \/><\/p>\n\n\n\n<p><strong>Sanierungsbem\u00fchungen \u00fcber dem Plan &#8211; Eine Milliarde weniger Schulden der Krankenkassen in einem Jahr<\/strong>:&nbsp;<br \/><\/p>\n\n\n\n<p><a href=\"http:\/\/derstandard.at\/1333528813199\/Auf-Kurs-Krankenkassen-liegen-bei-Sanierung-ueber-Plan%20http:\/\/oesterreich.orf.at\/stories\/2528565\/\" target=\"_blank\" rel=\"noreferrer noopener\" aria-label=\" (\u00f6ffnet in neuem Tab)\">Link DerStandart.at<br \/><\/a><\/p>\n\n\n\n<p>Abschlie\u00dfend bleibt f\u00fcr alle Betroffenen nur die Hoffnung, dass das letztinstanzliche Urteil des Gerichtes positiv f\u00fcr diese ausgeht, aber auch Gesundheitsminister Alois St\u00f6ger seine Kontrollfunktion wahrnimmt.<br \/><\/p>\n\n\n\n<p>Mit besten Gr\u00fc\u00dfen<br \/><\/p>\n\n\n\n<p>Pepo Meia<br \/><\/p>\n\n\n\n<p>Initiative BMIN<br \/><\/p>\n\n\n\n<p>Behinderte Menschen in Not<br \/><\/p>\n\n\n\n<p><a href=\"http:\/\/www.smilerkreativ.at\/picture_library\/120413_WGKKReischlSam.pdf\">Anhang als PDF<\/a><\/p>\n","protected":false},"excerpt":{"rendered":"<p>Sehr geehrte Frau Maga. Ingrid Reischl, Obfrau der WGKK! Bedanke mich f\u00fcr Ihr Antwortschreiben vom 23.3.2012, das ich leider erst heute, 21 Tage nach Ausfertigung Ihres Briefes erhalten habe. Es h\u00e4tte Zivilcourage Ihrerseits bedurft, die von Direktor Ing. Erich Sulzbacher getroffene Entscheidung, wieder r\u00fcckg\u00e4ngig zu machen. Inzwischen ist die Berufungsbeantwortung der WGKK bei der Anwaltskanzlei&#8230; <a href=\"https:\/\/bmin.info\/WP\/2012\/04\/15\/streichung-von-betteinlagen-aus-dem-leistungskatalog-der-wgkk-per-31-01-2012\/\" class=\"more-link\">Continue reading <span class=\"screen-reader-text\">Streichung von Betteinlagen aus dem Leistungskatalog der WGKK per 31.01.2012<\/span><\/a><\/p>\n","protected":false},"author":1,"featured_media":0,"comment_status":"closed","ping_status":"closed","sticky":false,"template":"","format":"standard","meta":{"footnotes":""},"categories":[3],"tags":[],"class_list":["post-3469","post","type-post","status-publish","format-standard","hentry","category-info"],"_links":{"self":[{"href":"https:\/\/bmin.info\/WP\/wp-json\/wp\/v2\/posts\/3469","targetHints":{"allow":["GET"]}}],"collection":[{"href":"https:\/\/bmin.info\/WP\/wp-json\/wp\/v2\/posts"}],"about":[{"href":"https:\/\/bmin.info\/WP\/wp-json\/wp\/v2\/types\/post"}],"author":[{"embeddable":true,"href":"https:\/\/bmin.info\/WP\/wp-json\/wp\/v2\/users\/1"}],"replies":[{"embeddable":true,"href":"https:\/\/bmin.info\/WP\/wp-json\/wp\/v2\/comments?post=3469"}],"version-history":[{"count":2,"href":"https:\/\/bmin.info\/WP\/wp-json\/wp\/v2\/posts\/3469\/revisions"}],"predecessor-version":[{"id":6719,"href":"https:\/\/bmin.info\/WP\/wp-json\/wp\/v2\/posts\/3469\/revisions\/6719"}],"wp:attachment":[{"href":"https:\/\/bmin.info\/WP\/wp-json\/wp\/v2\/media?parent=3469"}],"wp:term":[{"taxonomy":"category","embeddable":true,"href":"https:\/\/bmin.info\/WP\/wp-json\/wp\/v2\/categories?post=3469"},{"taxonomy":"post_tag","embeddable":true,"href":"https:\/\/bmin.info\/WP\/wp-json\/wp\/v2\/tags?post=3469"}],"curies":[{"name":"wp","href":"https:\/\/api.w.org\/{rel}","templated":true}]}}