{"id":3471,"date":"2012-04-13T19:24:19","date_gmt":"2012-04-13T18:24:19","guid":{"rendered":"http:\/\/0663fb32-c979-4e39-9199-76a3d186f1de"},"modified":"2019-04-26T08:16:42","modified_gmt":"2019-04-26T07:16:42","slug":"sozialstaat-fairbessern-interview-mit-gb-prsident-erich-foglar","status":"publish","type":"post","link":"https:\/\/bmin.info\/WP\/2012\/04\/13\/sozialstaat-fairbessern-interview-mit-gb-prsident-erich-foglar\/","title":{"rendered":"Blecha fordert Teile des Pflegegeldes an Sachleistungen zu binden"},"content":{"rendered":"\n<p>Am 12. April 2012 fanden unter diesem Motto in vielen St\u00e4dten \u00d6sterreichs Aktionen statt.<br \/><\/p>\n\n\n\n<p>In Wien nahm \u00d6GB-Pr\u00e4sident Erich Foglar an einer Aktion vor dem Gesundheitszentrum Mariahilf der Wiener Gebietskrankenkasse teil. Im Anschluss stellte sich Pr\u00e4sident Foglar den MedienvertreterInnen im Cafe Ritter, in der Mariahilfer Stra\u00dfe zur Verf\u00fcgung.<br \/><\/p>\n\n\n\n<p>Im Interview mit Pepo Meia kamen auch aktuelle Sparma\u00dfnahmen der WGKK zur Sprache.<br \/><\/p>\n\n\n\n<p><a href=\"http:\/\/www.smilerkreativ.at\/Pepo_MEIA\/SMILER-Magazin\/Eintrage\/2012\/4\/13_SOZIALSTAAT_FAIRBESSERN_Interview_mit_OGB-Prasident_Erich_Foglar.html\">Link Smiler das Magazin<\/a><br \/><\/p>\n\n\n\n<p>Leider ist das Cafe Ritter nur \u00fcber eine ca. 15cm hohe Stufe begehbar und somit nicht barrierefrei zug\u00e4nglich.<br \/><\/p>\n\n\n\n<p>Von einer Schlichtung nach dem Bundesbehindertengleichstellungsgesetz wurde abgesehen. Bei Verurteilung h\u00e4tte der \u00d6GB 1000,- Euro Strafe zahlen m\u00fcssen.<\/p>\n","protected":false},"excerpt":{"rendered":"<p>Am 12. April 2012 fanden unter diesem Motto in vielen St\u00e4dten \u00d6sterreichs Aktionen statt. In Wien nahm \u00d6GB-Pr\u00e4sident Erich Foglar an einer Aktion vor dem Gesundheitszentrum Mariahilf der Wiener Gebietskrankenkasse teil. Im Anschluss stellte sich Pr\u00e4sident Foglar den MedienvertreterInnen im Cafe Ritter, in der Mariahilfer Stra\u00dfe zur Verf\u00fcgung. Im Interview mit Pepo Meia kamen auch&#8230; <a href=\"https:\/\/bmin.info\/WP\/2012\/04\/13\/sozialstaat-fairbessern-interview-mit-gb-prsident-erich-foglar\/\" class=\"more-link\">Continue reading <span class=\"screen-reader-text\">Blecha fordert Teile des Pflegegeldes an Sachleistungen zu binden<\/span><\/a><\/p>\n","protected":false},"author":1,"featured_media":0,"comment_status":"closed","ping_status":"closed","sticky":false,"template":"","format":"standard","meta":{"footnotes":""},"categories":[3],"tags":[],"class_list":["post-3471","post","type-post","status-publish","format-standard","hentry","category-info"],"_links":{"self":[{"href":"https:\/\/bmin.info\/WP\/wp-json\/wp\/v2\/posts\/3471","targetHints":{"allow":["GET"]}}],"collection":[{"href":"https:\/\/bmin.info\/WP\/wp-json\/wp\/v2\/posts"}],"about":[{"href":"https:\/\/bmin.info\/WP\/wp-json\/wp\/v2\/types\/post"}],"author":[{"embeddable":true,"href":"https:\/\/bmin.info\/WP\/wp-json\/wp\/v2\/users\/1"}],"replies":[{"embeddable":true,"href":"https:\/\/bmin.info\/WP\/wp-json\/wp\/v2\/comments?post=3471"}],"version-history":[{"count":2,"href":"https:\/\/bmin.info\/WP\/wp-json\/wp\/v2\/posts\/3471\/revisions"}],"predecessor-version":[{"id":6390,"href":"https:\/\/bmin.info\/WP\/wp-json\/wp\/v2\/posts\/3471\/revisions\/6390"}],"wp:attachment":[{"href":"https:\/\/bmin.info\/WP\/wp-json\/wp\/v2\/media?parent=3471"}],"wp:term":[{"taxonomy":"category","embeddable":true,"href":"https:\/\/bmin.info\/WP\/wp-json\/wp\/v2\/categories?post=3471"},{"taxonomy":"post_tag","embeddable":true,"href":"https:\/\/bmin.info\/WP\/wp-json\/wp\/v2\/tags?post=3471"}],"curies":[{"name":"wp","href":"https:\/\/api.w.org\/{rel}","templated":true}]}}