{"id":3472,"date":"2012-04-13T12:26:51","date_gmt":"2012-04-13T11:26:51","guid":{"rendered":"http:\/\/0aa08dc2-4c76-4701-a006-72897fc84191"},"modified":"2019-04-26T08:15:30","modified_gmt":"2019-04-26T07:15:30","slug":"blecha-fordert-teile-des-pflegegeldes-an-sachleistungen-zu-binden","status":"publish","type":"post","link":"https:\/\/bmin.info\/WP\/2012\/04\/13\/blecha-fordert-teile-des-pflegegeldes-an-sachleistungen-zu-binden\/","title":{"rendered":"Blecha fordert Teile des Pflegegeldes an Sachleistungen zu binden"},"content":{"rendered":"\n<p>Immer wieder entwickelt die SP\u00d6 Pflegegeld-Enteigungsdiskussionen &#8211; dieses Mal ist es Karl Blechas. Ein Kommentar.<br \/><\/p>\n\n\n\n<p><a href=\"http:\/\/www.bizeps.or.at\/news.php?nr=13133\">Link Bizeps<\/a><br \/><\/p>\n\n\n\n<p>Links zum Blecha-Vorstoss:&nbsp;<br \/><\/p>\n\n\n\n<p><a href=\"http:\/\/www.bizeps.or.at\/news.php?nr=13139\">Cs\u00f6rgits: Pflegegeld wird nicht angetastet &#8211; Sachleistungen werden weiter ausgebaut<\/a><br \/><\/p>\n\n\n\n<p>&#8222;Das Pflegegeld wird nicht angetastet. Es bleibt in seiner jetzigen Form erhalten und zus\u00e4tzlich werden die Sachleistungen ausgebaut.&#8220; Das stellte SP\u00d6-Sozialsprecherin Renate Cs\u00f6rgits zur laufenden Diskussion um die Zukunft der Pflege klar..<br \/><\/p>\n\n\n\n<p><a href=\"http:\/\/www.bizeps.or.at\/news.php?nr=13135\">Jarmer: Pflegegeld muss als reine Geldleistung erhalten bleiben<\/a><br \/><\/p>\n\n\n\n<p>Gr\u00fcne warnen davor, Behinderte in Heime und Institutionen zu dr\u00e4ngen.<br \/><\/p>\n\n\n\n<p><a href=\"http:\/\/www.bizeps.or.at\/news.php?nr=13136\">SP\u00d6 will Teil des Pflegegeldes als Sachleistung widmen<\/a><br \/><\/p>\n\n\n\n<p>Hofer: &#8222;Selbstbestimmung \u00fcber den Einsatz der Geldleistung muss erhalten bleiben.&#8220;.<br \/><\/p>\n\n\n\n<p><a href=\"http:\/\/www.bizeps.or.at\/news.php?nr=13138\">Huainigg: Pflegegeld muss Geldleistung bleiben!<\/a><br \/><\/p>\n\n\n\n<p>Huainigg weist Forderung von Blecha nach Umwandlung in Sachleistungen zur\u00fcck &#8211; Auch behinderte und pflegebed\u00fcrftige Menschen wollen selbst entscheiden k\u00f6nnen.<br \/><\/p>\n\n\n\n<p><a href=\"http:\/\/www.bizeps.or.at\/news.php?nr=13137\">\u00d6ZIV: Pflegegeld muss Geldleistung bleiben<\/a><br \/><\/p>\n\n\n\n<p>Die vom PV\u00d6 (Pensionistenverband \u00d6sterreichs) gestern erhobenen Forderungen zum Pflegegeld werden vom \u00d6ZIV ambivalent beurteilt.<\/p>\n","protected":false},"excerpt":{"rendered":"<p>Immer wieder entwickelt die SP\u00d6 Pflegegeld-Enteigungsdiskussionen &#8211; dieses Mal ist es Karl Blechas. Ein Kommentar. Link Bizeps Links zum Blecha-Vorstoss:&nbsp; Cs\u00f6rgits: Pflegegeld wird nicht angetastet &#8211; Sachleistungen werden weiter ausgebaut &#8222;Das Pflegegeld wird nicht angetastet. Es bleibt in seiner jetzigen Form erhalten und zus\u00e4tzlich werden die Sachleistungen ausgebaut.&#8220; Das stellte SP\u00d6-Sozialsprecherin Renate Cs\u00f6rgits zur laufenden&#8230; <a href=\"https:\/\/bmin.info\/WP\/2012\/04\/13\/blecha-fordert-teile-des-pflegegeldes-an-sachleistungen-zu-binden\/\" class=\"more-link\">Continue reading <span class=\"screen-reader-text\">Blecha fordert Teile des Pflegegeldes an Sachleistungen zu binden<\/span><\/a><\/p>\n","protected":false},"author":1,"featured_media":0,"comment_status":"closed","ping_status":"closed","sticky":false,"template":"","format":"standard","meta":{"footnotes":""},"categories":[3],"tags":[],"class_list":["post-3472","post","type-post","status-publish","format-standard","hentry","category-info"],"_links":{"self":[{"href":"https:\/\/bmin.info\/WP\/wp-json\/wp\/v2\/posts\/3472","targetHints":{"allow":["GET"]}}],"collection":[{"href":"https:\/\/bmin.info\/WP\/wp-json\/wp\/v2\/posts"}],"about":[{"href":"https:\/\/bmin.info\/WP\/wp-json\/wp\/v2\/types\/post"}],"author":[{"embeddable":true,"href":"https:\/\/bmin.info\/WP\/wp-json\/wp\/v2\/users\/1"}],"replies":[{"embeddable":true,"href":"https:\/\/bmin.info\/WP\/wp-json\/wp\/v2\/comments?post=3472"}],"version-history":[{"count":2,"href":"https:\/\/bmin.info\/WP\/wp-json\/wp\/v2\/posts\/3472\/revisions"}],"predecessor-version":[{"id":6389,"href":"https:\/\/bmin.info\/WP\/wp-json\/wp\/v2\/posts\/3472\/revisions\/6389"}],"wp:attachment":[{"href":"https:\/\/bmin.info\/WP\/wp-json\/wp\/v2\/media?parent=3472"}],"wp:term":[{"taxonomy":"category","embeddable":true,"href":"https:\/\/bmin.info\/WP\/wp-json\/wp\/v2\/categories?post=3472"},{"taxonomy":"post_tag","embeddable":true,"href":"https:\/\/bmin.info\/WP\/wp-json\/wp\/v2\/tags?post=3472"}],"curies":[{"name":"wp","href":"https:\/\/api.w.org\/{rel}","templated":true}]}}