{"id":3481,"date":"2012-03-27T11:27:55","date_gmt":"2012-03-27T10:27:55","guid":{"rendered":"http:\/\/2d3019c4-a68f-4f16-aa80-055528317cc6"},"modified":"2019-04-26T08:39:49","modified_gmt":"2019-04-26T07:39:49","slug":"vor-fnf-jahren-unterzeichnete-sterreich-die-un-behindertenrechtskonvention","status":"publish","type":"post","link":"https:\/\/bmin.info\/WP\/2012\/03\/27\/vor-fnf-jahren-unterzeichnete-sterreich-die-un-behindertenrechtskonvention\/","title":{"rendered":"Vor f\u00fcnf Jahren unterzeichnete \u00d6sterreich die UN-Behindertenrechtskonvention"},"content":{"rendered":"\n<p>BIZEPS-INFO befragte dazu ausf\u00fchrlich Dr. Erwin Buchinger (nun Anwalt f\u00fcr Gleichstellungsfragen f\u00fcr Menschen mit Behinderung), da er damals f\u00fcr \u00d6sterreich als Sozialminister unterschrieben hat.<br \/><\/p>\n\n\n\n<p><a href=\"http:\/\/www.bizeps.or.at\/news.php?nr=13098\" target=\"_blank\" rel=\"noreferrer noopener\" aria-label=\"Link Bizeps (\u00f6ffnet in neuem Tab)\">Link Bizeps<\/a><\/p>\n","protected":false},"excerpt":{"rendered":"<p>BIZEPS-INFO befragte dazu ausf\u00fchrlich Dr. Erwin Buchinger (nun Anwalt f\u00fcr Gleichstellungsfragen f\u00fcr Menschen mit Behinderung), da er damals f\u00fcr \u00d6sterreich als Sozialminister unterschrieben hat. Link Bizeps<\/p>\n","protected":false},"author":1,"featured_media":0,"comment_status":"closed","ping_status":"closed","sticky":false,"template":"","format":"standard","meta":{"footnotes":""},"categories":[3],"tags":[],"class_list":["post-3481","post","type-post","status-publish","format-standard","hentry","category-info"],"_links":{"self":[{"href":"https:\/\/bmin.info\/WP\/wp-json\/wp\/v2\/posts\/3481","targetHints":{"allow":["GET"]}}],"collection":[{"href":"https:\/\/bmin.info\/WP\/wp-json\/wp\/v2\/posts"}],"about":[{"href":"https:\/\/bmin.info\/WP\/wp-json\/wp\/v2\/types\/post"}],"author":[{"embeddable":true,"href":"https:\/\/bmin.info\/WP\/wp-json\/wp\/v2\/users\/1"}],"replies":[{"embeddable":true,"href":"https:\/\/bmin.info\/WP\/wp-json\/wp\/v2\/comments?post=3481"}],"version-history":[{"count":3,"href":"https:\/\/bmin.info\/WP\/wp-json\/wp\/v2\/posts\/3481\/revisions"}],"predecessor-version":[{"id":6405,"href":"https:\/\/bmin.info\/WP\/wp-json\/wp\/v2\/posts\/3481\/revisions\/6405"}],"wp:attachment":[{"href":"https:\/\/bmin.info\/WP\/wp-json\/wp\/v2\/media?parent=3481"}],"wp:term":[{"taxonomy":"category","embeddable":true,"href":"https:\/\/bmin.info\/WP\/wp-json\/wp\/v2\/categories?post=3481"},{"taxonomy":"post_tag","embeddable":true,"href":"https:\/\/bmin.info\/WP\/wp-json\/wp\/v2\/tags?post=3481"}],"curies":[{"name":"wp","href":"https:\/\/api.w.org\/{rel}","templated":true}]}}