{"id":3484,"date":"2012-03-21T11:03:29","date_gmt":"2012-03-21T10:03:29","guid":{"rendered":"http:\/\/bc5b9877-7621-49a7-8070-8746e1cf6183"},"modified":"2019-04-26T08:42:34","modified_gmt":"2019-04-26T07:42:34","slug":"fp-und-vp-wollen-in-obersterreich-verpflichtung-zur-barrierefreiheit-reduzieren","status":"publish","type":"post","link":"https:\/\/bmin.info\/WP\/2012\/03\/21\/fp-und-vp-wollen-in-obersterreich-verpflichtung-zur-barrierefreiheit-reduzieren\/","title":{"rendered":"FP\u00d6 und \u00d6VP wollen in Ober\u00f6sterreich Verpflichtung zur Barrierefreiheit reduzieren"},"content":{"rendered":"\n<p>Im Sommer soll die Novelle des Bautechnikgesetzes den Landtag passieren. Betroffene und die SP\u00d6 sind dagegen.<br \/><\/p>\n\n\n\n<p><a href=\"http:\/\/www.bizeps.or.at\/news.php?nr=13069\" target=\"_blank\" rel=\"noreferrer noopener\" aria-label=\"Link BIZEPS (\u00f6ffnet in neuem Tab)\">Link BIZEPS<\/a><\/p>\n","protected":false},"excerpt":{"rendered":"<p>Im Sommer soll die Novelle des Bautechnikgesetzes den Landtag passieren. Betroffene und die SP\u00d6 sind dagegen. Link BIZEPS<\/p>\n","protected":false},"author":1,"featured_media":0,"comment_status":"closed","ping_status":"closed","sticky":false,"template":"","format":"standard","meta":{"footnotes":""},"categories":[3],"tags":[],"class_list":["post-3484","post","type-post","status-publish","format-standard","hentry","category-info"],"_links":{"self":[{"href":"https:\/\/bmin.info\/WP\/wp-json\/wp\/v2\/posts\/3484","targetHints":{"allow":["GET"]}}],"collection":[{"href":"https:\/\/bmin.info\/WP\/wp-json\/wp\/v2\/posts"}],"about":[{"href":"https:\/\/bmin.info\/WP\/wp-json\/wp\/v2\/types\/post"}],"author":[{"embeddable":true,"href":"https:\/\/bmin.info\/WP\/wp-json\/wp\/v2\/users\/1"}],"replies":[{"embeddable":true,"href":"https:\/\/bmin.info\/WP\/wp-json\/wp\/v2\/comments?post=3484"}],"version-history":[{"count":2,"href":"https:\/\/bmin.info\/WP\/wp-json\/wp\/v2\/posts\/3484\/revisions"}],"predecessor-version":[{"id":6407,"href":"https:\/\/bmin.info\/WP\/wp-json\/wp\/v2\/posts\/3484\/revisions\/6407"}],"wp:attachment":[{"href":"https:\/\/bmin.info\/WP\/wp-json\/wp\/v2\/media?parent=3484"}],"wp:term":[{"taxonomy":"category","embeddable":true,"href":"https:\/\/bmin.info\/WP\/wp-json\/wp\/v2\/categories?post=3484"},{"taxonomy":"post_tag","embeddable":true,"href":"https:\/\/bmin.info\/WP\/wp-json\/wp\/v2\/tags?post=3484"}],"curies":[{"name":"wp","href":"https:\/\/api.w.org\/{rel}","templated":true}]}}