{"id":3509,"date":"2011-12-15T21:42:12","date_gmt":"2011-12-15T20:42:12","guid":{"rendered":"http:\/\/d6b0b4cd-2b11-4f71-b6db-7878a523063d"},"modified":"2019-07-25T10:00:31","modified_gmt":"2019-07-25T09:00:31","slug":"projekt-barrierefreies-gallneukirchen","status":"publish","type":"post","link":"https:\/\/bmin.info\/WP\/2011\/12\/15\/projekt-barrierefreies-gallneukirchen\/","title":{"rendered":"Projekt Barrierefreies Gallneukirchen"},"content":{"rendered":"<p class=\"paragraph_style\"><strong>Privatinitiative\u00a0 \u2022\u00a0 KUNST ma helfen\u00a0 \u2022\u00a0 Gallneukirchen<\/strong><\/p>\n<p class=\"paragraph_style_1\">Die Privatinitiative Kunst ma helfen verfolgt eine Vision. Sie m\u00f6chte Gallneukirchen zur ersten 100 Prozent barrierefreien Stadt \u00d6sterreichs machen. Um dieses Ziel zu verwirklichen, wurde gemeinsam mit Sch\u00fcler\/innen der Ludwig-Schwarz-Schulen f\u00fcr Sozialbetreuungsberufe des Diakoniewerkes das Projekt gestartet.<\/p>\n<p class=\"paragraph_style_1\">Ziel dieses Projekt war, s\u00e4mtliche Stra\u00dfen der Stadtgemeinde mit dem Rollstuhl abzufahren und Barrieren fotografisch dokumentieren.<\/p>\n<p class=\"paragraph_style_1\">Links:<a title=\"http:\/\/barrierefreies.gallneukirchen.net\/_seiten\/richtlinien.php\" href=\"http:\/\/barrierefreies.gallneukirchen.net\/_seiten\/richtlinien.php\" target=\"_blank\" rel=\"noopener noreferrer\"><br \/>\nRichtlinien<\/a><br \/>\n<a title=\"http:\/\/barrierefreies.gallneukirchen.net\/presse\/gallneukirchen_barrierefrei.pdf\" href=\"http:\/\/barrierefreies.gallneukirchen.net\/presse\/gallneukirchen_barrierefrei.pdf\" target=\"_blank\" rel=\"noopener noreferrer\">Gallneukirchen barrierefrei.pdf<\/a><\/p>\n","protected":false},"excerpt":{"rendered":"<p>Privatinitiative\u00a0 \u2022\u00a0 KUNST ma helfen\u00a0 \u2022\u00a0 Gallneukirchen Die Privatinitiative Kunst ma helfen verfolgt eine Vision. Sie m\u00f6chte Gallneukirchen zur ersten 100 Prozent barrierefreien Stadt \u00d6sterreichs machen. Um dieses Ziel zu verwirklichen, wurde gemeinsam mit Sch\u00fcler\/innen der Ludwig-Schwarz-Schulen f\u00fcr Sozialbetreuungsberufe des Diakoniewerkes das Projekt gestartet. Ziel dieses Projekt war, s\u00e4mtliche Stra\u00dfen der Stadtgemeinde mit dem Rollstuhl&#8230; <a href=\"https:\/\/bmin.info\/WP\/2011\/12\/15\/projekt-barrierefreies-gallneukirchen\/\" class=\"more-link\">Continue reading <span class=\"screen-reader-text\">Projekt Barrierefreies Gallneukirchen<\/span><\/a><\/p>\n","protected":false},"author":1,"featured_media":0,"comment_status":"closed","ping_status":"closed","sticky":false,"template":"","format":"standard","meta":{"footnotes":""},"categories":[1],"tags":[],"class_list":["post-3509","post","type-post","status-publish","format-standard","hentry","category-uncategorized"],"_links":{"self":[{"href":"https:\/\/bmin.info\/WP\/wp-json\/wp\/v2\/posts\/3509","targetHints":{"allow":["GET"]}}],"collection":[{"href":"https:\/\/bmin.info\/WP\/wp-json\/wp\/v2\/posts"}],"about":[{"href":"https:\/\/bmin.info\/WP\/wp-json\/wp\/v2\/types\/post"}],"author":[{"embeddable":true,"href":"https:\/\/bmin.info\/WP\/wp-json\/wp\/v2\/users\/1"}],"replies":[{"embeddable":true,"href":"https:\/\/bmin.info\/WP\/wp-json\/wp\/v2\/comments?post=3509"}],"version-history":[{"count":5,"href":"https:\/\/bmin.info\/WP\/wp-json\/wp\/v2\/posts\/3509\/revisions"}],"predecessor-version":[{"id":6704,"href":"https:\/\/bmin.info\/WP\/wp-json\/wp\/v2\/posts\/3509\/revisions\/6704"}],"wp:attachment":[{"href":"https:\/\/bmin.info\/WP\/wp-json\/wp\/v2\/media?parent=3509"}],"wp:term":[{"taxonomy":"category","embeddable":true,"href":"https:\/\/bmin.info\/WP\/wp-json\/wp\/v2\/categories?post=3509"},{"taxonomy":"post_tag","embeddable":true,"href":"https:\/\/bmin.info\/WP\/wp-json\/wp\/v2\/tags?post=3509"}],"curies":[{"name":"wp","href":"https:\/\/api.w.org\/{rel}","templated":true}]}}