{"id":3510,"date":"2011-12-14T21:47:08","date_gmt":"2011-12-14T20:47:08","guid":{"rendered":"http:\/\/a8ef4c8b-7388-46b8-aa14-d86f5abc1bbd"},"modified":"2019-07-25T09:59:54","modified_gmt":"2019-07-25T08:59:54","slug":"barrierefreies-bauen-in-obersterreich","status":"publish","type":"post","link":"https:\/\/bmin.info\/WP\/2011\/12\/14\/barrierefreies-bauen-in-obersterreich\/","title":{"rendered":"Barrierefreies Bauen in Ober\u00f6sterreich"},"content":{"rendered":"<p>Die Publikation soll unseren Kunden\/innen eine umfassende Information \u00fcber die barrierefreie Gestaltung baulicher Anlagen und den \u201canpassbaren Wohnbau\u201d bei der Planung und Ausf\u00fchrung von Bauvorhaben bringen. Das Informationsangebot richtet sich insbesondere an Planerinnen und Planer, Bauf\u00fchrerinnen und Bauf\u00fchrer sowie Bauabteilungen von Gemeinden und Magistraten.<\/p>\n<p>Links: <a href=\"http:\/\/www2.land-oberoesterreich.gv.at\/internetpub\/Start.jsp?SessionID=SID-46C1328D-2EDBE77F&amp;xmlid=39515_DEU_HTML.htm&amp;pbNr=1449\" target=\"_blank\" rel=\"noopener noreferrer\">Publikation<\/a><\/p>\n<p><a href=\"file:\/\/\/Volumes\/Mac%202nd\/BMIN%20Dateien\/BMIN-Nachrichten%20HTML\/BMIN%20Nachrichten%20HTML\/BMIN.achrichten\/Nachrichten\/Eintrage\/2011\/12\/13_Ruckschritt_fur_barrierefreies_Bauen_in_Oberosterreich.html\" target=\"_blank\" rel=\"noopener noreferrer\">Aktuell: R\u00fcckschritt f\u00fcr barrierefreies Bauen in Ober\u00f6sterreich?<\/a><br \/>\n<a href=\"file:\/\/\/Volumes\/Mac%202nd\/BMIN%20Dateien\/BMIN-Nachrichten%20HTML\/BMIN%20Nachrichten%20HTML\/BMIN.achrichten\/Nachrichten\/Eintrage\/2011\/12\/13_Ruckschritt_fur_barrierefreies_Bauen_in_Oberosterreich.html\" target=\"_blank\" rel=\"noopener noreferrer\">\u00d6VP und FP\u00d6 will das O\u00f6.Bautechnikgesetzes wieder entscheidend \u201czur\u00fcckzufahren\u201d!<\/a><\/p>\n","protected":false},"excerpt":{"rendered":"<p>Die Publikation soll unseren Kunden\/innen eine umfassende Information \u00fcber die barrierefreie Gestaltung baulicher Anlagen und den \u201canpassbaren Wohnbau\u201d bei der Planung und Ausf\u00fchrung von Bauvorhaben bringen. Das Informationsangebot richtet sich insbesondere an Planerinnen und Planer, Bauf\u00fchrerinnen und Bauf\u00fchrer sowie Bauabteilungen von Gemeinden und Magistraten. Links: Publikation Aktuell: R\u00fcckschritt f\u00fcr barrierefreies Bauen in Ober\u00f6sterreich? \u00d6VP und&#8230; <a href=\"https:\/\/bmin.info\/WP\/2011\/12\/14\/barrierefreies-bauen-in-obersterreich\/\" class=\"more-link\">Continue reading <span class=\"screen-reader-text\">Barrierefreies Bauen in Ober\u00f6sterreich<\/span><\/a><\/p>\n","protected":false},"author":1,"featured_media":0,"comment_status":"closed","ping_status":"closed","sticky":false,"template":"","format":"standard","meta":{"footnotes":""},"categories":[1],"tags":[],"class_list":["post-3510","post","type-post","status-publish","format-standard","hentry","category-uncategorized"],"_links":{"self":[{"href":"https:\/\/bmin.info\/WP\/wp-json\/wp\/v2\/posts\/3510","targetHints":{"allow":["GET"]}}],"collection":[{"href":"https:\/\/bmin.info\/WP\/wp-json\/wp\/v2\/posts"}],"about":[{"href":"https:\/\/bmin.info\/WP\/wp-json\/wp\/v2\/types\/post"}],"author":[{"embeddable":true,"href":"https:\/\/bmin.info\/WP\/wp-json\/wp\/v2\/users\/1"}],"replies":[{"embeddable":true,"href":"https:\/\/bmin.info\/WP\/wp-json\/wp\/v2\/comments?post=3510"}],"version-history":[{"count":4,"href":"https:\/\/bmin.info\/WP\/wp-json\/wp\/v2\/posts\/3510\/revisions"}],"predecessor-version":[{"id":6699,"href":"https:\/\/bmin.info\/WP\/wp-json\/wp\/v2\/posts\/3510\/revisions\/6699"}],"wp:attachment":[{"href":"https:\/\/bmin.info\/WP\/wp-json\/wp\/v2\/media?parent=3510"}],"wp:term":[{"taxonomy":"category","embeddable":true,"href":"https:\/\/bmin.info\/WP\/wp-json\/wp\/v2\/categories?post=3510"},{"taxonomy":"post_tag","embeddable":true,"href":"https:\/\/bmin.info\/WP\/wp-json\/wp\/v2\/tags?post=3510"}],"curies":[{"name":"wp","href":"https:\/\/api.w.org\/{rel}","templated":true}]}}