{"id":3511,"date":"2011-12-13T10:51:22","date_gmt":"2011-12-13T09:51:22","guid":{"rendered":"http:\/\/e80e0dbb-0149-462d-a865-1f798d8cdd25"},"modified":"2019-07-25T09:59:33","modified_gmt":"2019-07-25T08:59:33","slug":"rckschritt-fr-barrierefreies-bauen-in-obersterreich","status":"publish","type":"post","link":"https:\/\/bmin.info\/WP\/2011\/12\/13\/rckschritt-fr-barrierefreies-bauen-in-obersterreich\/","title":{"rendered":"R\u00fcckschritt f\u00fcr barrierefreies Bauen in Ober\u00f6sterreich?"},"content":{"rendered":"<p><strong>\u00d6VP und FP\u00d6 will das O\u00f6. Bautechnikgesetzes wieder entscheidend &#8222;zur\u00fcckzufahren&#8220;!<\/strong><\/p>\n<p>Aktuell ist nun, dass \u00d6VP und FP\u00d6 derzeit heftig daran arbeiten die derzeit geltenden Richtlinien f\u00fcr barrierefreies Bauen im \u00a727 u.a. des O\u00f6. Bautechnikgesetzes wieder entscheidend &#8222;zur\u00fcckzufahren&#8220;.<\/p>\n<p>Vor 2 Jahren noch hochgelobt, werden nun wichtige Anliegen in Frage gestellt. So soll z.B. ge\u00e4ndert werden:<\/p>\n<p>\u2022 \u00d6ffentliche Geb\u00e4ude nur mehr barrierefrei, wenn sie f\u00fcr mehr als 50 Personen ausgelegt sind.<\/p>\n<p>\u2022 Rampen mit einer maximalen Steigung bis 10% (!)<\/p>\n<p>\u2022 Verpflichtender Lifteinbau in mehrgescho\u00dfigen Wohnh\u00e4usern erst ab dem 4ten Obergescho\u00df (statt bisher ab dem 3ten).<\/p>\n<p>\u2022 In der Wohnbauf\u00f6rderungen sollen barrierefreie Wohnungen nur mehr im Erdgescho\u00df gef\u00f6rdert werden u.s.w.<\/p>\n<p>Das ist R\u00fcckschritt pur! Und wir m\u00fcssen auch gemeinsam aktiv werden, Aktionsplattform etc.<\/p>\n<p>Die Umsetzung der Konvention f\u00fcr die Rechte von Menschen mit Behinderungen samt Monitoringausschuss h\u00e4ngt in O\u00d6 immer noch in der Luft. Hier werden von SOS Mitmensch bereits viele Gespr\u00e4che mit Antidiskriminierungsstelle, den Gr\u00fcnen, dem Verfassungsdienst beim Land O\u00d6. u.s.w.<\/p>\n","protected":false},"excerpt":{"rendered":"<p>\u00d6VP und FP\u00d6 will das O\u00f6. Bautechnikgesetzes wieder entscheidend &#8222;zur\u00fcckzufahren&#8220;! Aktuell ist nun, dass \u00d6VP und FP\u00d6 derzeit heftig daran arbeiten die derzeit geltenden Richtlinien f\u00fcr barrierefreies Bauen im \u00a727 u.a. des O\u00f6. Bautechnikgesetzes wieder entscheidend &#8222;zur\u00fcckzufahren&#8220;. Vor 2 Jahren noch hochgelobt, werden nun wichtige Anliegen in Frage gestellt. So soll z.B. ge\u00e4ndert werden: \u2022&#8230; <a href=\"https:\/\/bmin.info\/WP\/2011\/12\/13\/rckschritt-fr-barrierefreies-bauen-in-obersterreich\/\" class=\"more-link\">Continue reading <span class=\"screen-reader-text\">R\u00fcckschritt f\u00fcr barrierefreies Bauen in Ober\u00f6sterreich?<\/span><\/a><\/p>\n","protected":false},"author":1,"featured_media":0,"comment_status":"closed","ping_status":"closed","sticky":false,"template":"","format":"standard","meta":{"footnotes":""},"categories":[3],"tags":[],"class_list":["post-3511","post","type-post","status-publish","format-standard","hentry","category-info"],"_links":{"self":[{"href":"https:\/\/bmin.info\/WP\/wp-json\/wp\/v2\/posts\/3511","targetHints":{"allow":["GET"]}}],"collection":[{"href":"https:\/\/bmin.info\/WP\/wp-json\/wp\/v2\/posts"}],"about":[{"href":"https:\/\/bmin.info\/WP\/wp-json\/wp\/v2\/types\/post"}],"author":[{"embeddable":true,"href":"https:\/\/bmin.info\/WP\/wp-json\/wp\/v2\/users\/1"}],"replies":[{"embeddable":true,"href":"https:\/\/bmin.info\/WP\/wp-json\/wp\/v2\/comments?post=3511"}],"version-history":[{"count":2,"href":"https:\/\/bmin.info\/WP\/wp-json\/wp\/v2\/posts\/3511\/revisions"}],"predecessor-version":[{"id":4361,"href":"https:\/\/bmin.info\/WP\/wp-json\/wp\/v2\/posts\/3511\/revisions\/4361"}],"wp:attachment":[{"href":"https:\/\/bmin.info\/WP\/wp-json\/wp\/v2\/media?parent=3511"}],"wp:term":[{"taxonomy":"category","embeddable":true,"href":"https:\/\/bmin.info\/WP\/wp-json\/wp\/v2\/categories?post=3511"},{"taxonomy":"post_tag","embeddable":true,"href":"https:\/\/bmin.info\/WP\/wp-json\/wp\/v2\/tags?post=3511"}],"curies":[{"name":"wp","href":"https:\/\/api.w.org\/{rel}","templated":true}]}}