{"id":380,"date":"2016-03-05T09:24:25","date_gmt":"2016-03-05T08:24:25","guid":{"rendered":"http:\/\/bmin.info\/WP\/?p=380"},"modified":"2017-04-01T09:14:53","modified_gmt":"2017-04-01T08:14:53","slug":"pagro-filiale-doebling-zugang-fuer-rollis-moeglich","status":"publish","type":"post","link":"https:\/\/bmin.info\/WP\/2016\/03\/05\/pagro-filiale-doebling-zugang-fuer-rollis-moeglich\/","title":{"rendered":"Pagro-Filiale D\u00f6bling: Zugang f\u00fcr \u201eRollis\u201c m\u00f6glich"},"content":{"rendered":"<p><em><strong>&#8222;Behindertenglocke\u201c funktioniert<\/strong><\/em><br \/>\nText: Pepo Meia, Niels Cimpa, David Herrmann-Meng<br \/>\nWie in den <a href=\"https:\/\/bmin.info\/WP\/2016\/02\/22\/kein-barrierefreier-zugang-nach-neueroeffnung-eines-bueroartikel-diskonters\/\" target=\"_blank\">BMIN-Nachrichten im Februar berichtet<\/a>, wurde in Wien D\u00f6bling eine neue Pagro-Filiale er\u00f6ffnet. Wir waren zum Teil positiv \u00fcberrascht. Der B\u00fcroartikeldiskonter Pagro, der zur Managment Trust Holding (MTH) Gruppe von Josef Taus (ehem. \u00d6VP-Parteivorsitzender) geh\u00f6rt, betreibt an die 140 Filialen (Stand 2015).<\/p>\n<p><img loading=\"lazy\" decoding=\"async\" class=\"alignleft wp-image-321\" src=\"https:\/\/bmin.info\/WP\/wp-content\/uploads\/2016\/02\/160222Pagro1-300x207.jpg\" alt=\"160222Pagro1\" width=\"289\" height=\"200\" \/><\/p>\n<p><img loading=\"lazy\" decoding=\"async\" class=\"alignleft wp-image-408\" src=\"https:\/\/bmin.info\/WP\/wp-content\/uploads\/2016\/03\/Pagro-Glocke1-300x228.jpg\" alt=\"Pagro Glocke1\" width=\"264\" height=\"200\" \/><a href=\"https:\/\/bmin.info\/WP\/wp-content\/uploads\/2016\/03\/Pagro-Lieferant.jpg\" rel=\"attachment wp-att-409\"><img loading=\"lazy\" decoding=\"async\" class=\"alignleft wp-image-409\" src=\"https:\/\/bmin.info\/WP\/wp-content\/uploads\/2016\/03\/Pagro-Lieferant-300x207.jpg\" alt=\"Pagro Lieferant\" width=\"290\" height=\"200\" \/><\/a><\/p>\n<p>&nbsp;<\/p>\n<p>&nbsp;<\/p>\n<p>&nbsp;<\/p>\n<p>&nbsp;<\/p>\n<p>&nbsp;<\/p>\n<p><strong>Lokalaugenschein<\/strong>: \u00a0Die angebrachte \u201eBehindertenglocke\u201c ben\u00f6tigt keine Kamera, da\u00a0die Angestellten Sichtkontakt zum betroffenen \u201eRolli\u201c haben. Einer der Angestellten kommt zum Eingang und verweist auf den Liefereingang (Heiligenst\u00e4dter Stra\u00dfe 89). Der Lieferanteneingang wird automatisch ge\u00f6ffnet und der Betroffene gelangt \u00fcber leichte Steigungen zum Notausgang, der direkt ans hintere Ende des Gesch\u00e4ftslokals f\u00fchrt. Die Produkte sind zwar nicht alle selbstst\u00e4ndig aus den Regalen zu entnehmen, jedoch helfen aufmerksame PAGRO-Bedienstete.\u00a0<em>Der Kritikpunkt bzgl. der viel zu steilen Kinderwagen-Rampe im inneren Eingangsbereich bleibt aufrecht (Unfallgefahr).<\/em><\/p>\n<p><strong>Wir erhielten eine schriftliche Stellungnahme (MA 28 \u2013 Z-K-158800\/16)<\/strong><br \/>\n<em><strong>Originalzitat der MA 28 vom 3.3.2016<\/strong>:\u00a0<\/em><em>\u201eMit Freitag den 26.02.2016 wurde von der MA 28 mit der Wirtschaftskammer Wien als gesetzliche Interessensvertretung f\u00fcr Gewerbebetriebe telefonisch Kontakt aufgenommen. Die Wirtschaftskammer wurde gebeten, die Kontaktdaten der MA 28 der Firma PAGRO zur Verf\u00fcgung zu stellen.<\/em><br \/>\n<em> Die MA 28 steht dem oben genannten Unternehmen als Fachdienststelle zur Unterst\u00fctzung sehr gerne zur Verf\u00fcgung, um durch bauliche Ma\u00dfnahmen (z.B. lokale Gehsteigadaptierungen) einen barrierefreien Zugang zu dem gegenst\u00e4ndlichen Gesch\u00e4ftslokal zu schaffen.\u00a0<\/em><em><strong>Vollst\u00e4ndigkeitshalber wird angemerkt, dass die Kosten f\u00fcr derartige Ma\u00dfnahmen vom jeweiligen Gewerbebetrieb zu bedecken w\u00e4ren.\u201c<\/strong><\/em><\/p>\n<p>Wir bedanken uns nochmals auf diesem Weg bei der MA 28 f\u00fcr die positive Reaktion und das informative Schreiben.<\/p>\n<p><strong>Auch PAGRO gab uns eine schriftliche Stellungnahme (4.3.2016) die wir gek\u00fcrzt wiedergeben: &#8230;<\/strong><em>\u201eDie Filialen befinden sich ausschlie\u00dflich in Mietobjekten, d.h. PAGRO ist Mieter oder P\u00e4chter und f\u00fcr alle baulichen Ma\u00dfnahmen ist daher die Zustimmung des Vermieters oder Verp\u00e4chters erforderlich. <\/em><br \/>\n<em>&#8230;Wie Sie wissen, muss PAGRO wie alle anderen \u00f6sterreichweit t\u00e4tigen Filialketten neun verschiedene Bauordnungen ber\u00fccksichtigen, neben den Vorschriften der Gewerbeordnung, des Betriebsanlagenrechtes und den Arbeitnehmerschutzbestimmungen. All diese Ma\u00dfnahmen erfordern sorgf\u00e4ltige Vorbereitung und verursachen erhebliche Kosten.\u00a0<\/em><em>Demnach wurden sukzessive Ma\u00dfnahmen getroffen, die zum einen faktisch und rechtlich umzusetzen waren und zum anderen auf das Verh\u00e4ltnis zwischen Investitionsaufwand und Ertragslage der Filiale Bedacht nahmen.\u00a0<\/em><em>Weiters aber auch, dass einige wenige Filialen in ganz \u00d6sterreich einen Niveauunterschied im Eingangsbereich vorweisen. Aufgrund dieser Evaluierung wurde gepr\u00fcft, ob eine faktische Umsetzung m\u00f6glich ist bzw. mit welchen umsetzbaren Ma\u00dfnahmen der Niveauunterschied ausgeglichen werden k\u00f6nnte und welche Kosten damit verbunden sind.<\/em><\/p>\n<p><em><strong>Die Filiale Heiligenst\u00e4dter Stra\u00dfe<\/strong> befindet sich in einem \u201espeziellen\u201c baulichen Zustand, da man sowohl eine T\u00fcre im Eingangsbereich samt Stufe als auch danach Stufen in die Filiale zu \u00fcberwinden hat. Um dies entsprechend barrierefrei herzustellen scheinen Eingriffe in die statische Substanz von Geb\u00e4udeteilen erforderliche zu werden, welche nicht ohne Baubewilligungsverfahren umgesetzt werden d\u00fcrfen.<\/em><br \/>\n<em>Da ein Baubewilligungsverfahren weit \u00fcber sechs Monate in Anspruch nehmen kann, haben wir uns dazu entschlossen die Filiale zu er\u00f6ffnen um zur Belebung der Einkaufsstra\u00dfe beizutragen und parallel eine wirtschaftliche Pr\u00fcfung hinsichtlich der behindertengerechten Ma\u00dfnahmen vornehmen zu k\u00f6nnen.<\/em><br \/>\n<strong><em>&#8230;Ob \u00fcberhaupt eine rechtliche M\u00f6glichkeit gegeben w\u00e4re \u2013 wir verweisen in diesem Zusammenhang auf unsere eingangs erw\u00e4hnten Ausf\u00fchrungen, wonach wir Mieter sind und letztendlich auf \u00f6ffentlichen Grund davon betroffen w\u00e4re \u2013 wird bereits gepr\u00fcft.\u201c<\/em><\/strong><\/p>\n<p><strong>Anm.BMIN-Red<\/strong>.: Wir sind der Auffassung, dass die Taus-Gruppe, die j\u00e4hrliche Zuwachsraten in Millionenh\u00f6he verzeichnet, aber auch der Hauseigent\u00fcmer, f\u00fcr die Kosten der lokalen Gehsteiganhebung aufkommen sollten (kundenorientiert). Wir treten jedoch f\u00fcr nachhaltige L\u00f6sungen ein:<\/p>\n<p><strong>Unsere Stellungnahme<\/strong>:\u00a0Die BMIN-Redaktion ist der Meinung, dass\u00a0klare Vorgaben bzgl. barrierefreier Ma\u00dfnahmen im \u00d6ffentlichen Bereich vom B\u00fcro f\u00fcr Stadtentwicklung, Verkehr, Klimaschutz, Energieplanung und B\u00fcrgerInnenbeteiligung, bzw. vom Wiener Landtag\/Gemeinderat formuliert werden m\u00fcssen. Es geht um die Ernsthaftigkeit der Entscheidungstr\u00e4ger unserer Bundeshauptstadt hinsichtlich barrierefreier Ma\u00dfnahmen, sowie darum, Rechtssicherheit sowohl \u00a0f\u00fcr die Gewerbebetriebe, als auch\u00a0f\u00fcr die B\u00fcrger.<\/p>\n<p>Im Falle der vorgeschlagenen Ma\u00dfnahmen f\u00fcr die D\u00f6blinger PAGRO-Filiale w\u00e4ren die barrierefreien Ma\u00dfnahmen (wie der von uns vorgeschlagene Hublift \u2013 darunter fallen auch die Wartungskosten) vom B\u00fcroartikeldiskonter PAGRO und dem Hauseigent\u00fcmer zu bezahlen. Dadurch erh\u00f6ht sich der Wert des Mietobjektes (Lokalit\u00e4t). Die Kosten der Gehsteiganhebung m\u00fcsste (zumindest teilweise) die &#8222;\u00d6ffentliche Hand&#8220; begleichen \u2013 auch der Bund m\u00fcsste sich an den Kosten beteiligen (Schaffung von Arbeitspl\u00e4tzen), da alle B\u00fcrger von solchen Ma\u00dfnahmen profitieren. Dieser L\u00f6sungsansatz ist logisch und nachvollziehbar.<\/p>\n<p>Es wird in einer historisch gewachsenen Millionen-Metropole wie Wien, nicht von heute auf morgen m\u00f6glich sein, fl\u00e4chendeckende Barrierefreiheit herzustellen. Jedoch m\u00fcssen nachhaltige gesetzliche Rahmenbedingungen geschaffen werden, um eine inklusive Gesellschaft in n\u00e4herer Zukunft zu erm\u00f6glichen. Dazu bedarf es allerdings auch einer Novellierung der Gewerbeordnung.<\/p>\n<p><strong>Wir wollen ein positives Beispiel anf\u00fchren &#8211; die Privatklinik D\u00f6bling<\/strong>:<br \/>\n\u00dcber die Heiligenst\u00e4dter Stra\u00dfe wurde ein br\u00fccken\u00e4hnlicher \u00dcbergang geschaffen. Zwei musterg\u00fcltige Rampen wurden errichtet und auch eine komplette Neugestaltung des Gehweges mit Gehsteigverbreiterung. Au\u00dferdem wurden neue Rettungsparkm\u00f6glichkeiten geschaffen. Auch an Behindertenparkpl\u00e4tze hat man gedacht. (<a href=\"http:\/\/www.smilerkreativ.at\/bi\/BMINklusiv\/Nachrichten\/Eintrage\/2013\/8\/12_Privatklinik_Dobling_Rampenlosung.html\" target=\"_blank\">Privatklinik D\u00f6bling: Rampenl\u00f6sung<\/a> &#8211; BMIN-Artikel vom 12 August 2013)<br \/>\nMit gutem Willen aller Beteiligten war dies m\u00f6glich &#8211; auch mit der MA 28 und dem B\u00fcro f\u00fcr Stadtentwicklung, Verkehr, Klimaschutz, Energieplanung und B\u00fcrgerInnenbeteiligung (Frau Vizeb\u00fcrgermeister Mag.a Maria Vassilakou).<\/p>\n","protected":false},"excerpt":{"rendered":"<p>&#8222;Behindertenglocke\u201c funktioniert Text: Pepo Meia, Niels Cimpa, David Herrmann-Meng Wie in den BMIN-Nachrichten im Februar berichtet, wurde in Wien D\u00f6bling eine neue Pagro-Filiale er\u00f6ffnet. Wir waren zum Teil positiv \u00fcberrascht. Der B\u00fcroartikeldiskonter Pagro, der zur Managment Trust Holding (MTH) Gruppe von Josef Taus (ehem. \u00d6VP-Parteivorsitzender) geh\u00f6rt, betreibt an die 140 Filialen (Stand 2015). &nbsp; &nbsp;&#8230; <a href=\"https:\/\/bmin.info\/WP\/2016\/03\/05\/pagro-filiale-doebling-zugang-fuer-rollis-moeglich\/\" class=\"more-link\">Continue reading <span class=\"screen-reader-text\">Pagro-Filiale D\u00f6bling: Zugang f\u00fcr \u201eRollis\u201c m\u00f6glich<\/span><\/a><\/p>\n","protected":false},"author":3,"featured_media":0,"comment_status":"closed","ping_status":"closed","sticky":false,"template":"","format":"standard","meta":{"footnotes":""},"categories":[3],"tags":[],"class_list":["post-380","post","type-post","status-publish","format-standard","hentry","category-info"],"_links":{"self":[{"href":"https:\/\/bmin.info\/WP\/wp-json\/wp\/v2\/posts\/380","targetHints":{"allow":["GET"]}}],"collection":[{"href":"https:\/\/bmin.info\/WP\/wp-json\/wp\/v2\/posts"}],"about":[{"href":"https:\/\/bmin.info\/WP\/wp-json\/wp\/v2\/types\/post"}],"author":[{"embeddable":true,"href":"https:\/\/bmin.info\/WP\/wp-json\/wp\/v2\/users\/3"}],"replies":[{"embeddable":true,"href":"https:\/\/bmin.info\/WP\/wp-json\/wp\/v2\/comments?post=380"}],"version-history":[{"count":71,"href":"https:\/\/bmin.info\/WP\/wp-json\/wp\/v2\/posts\/380\/revisions"}],"predecessor-version":[{"id":474,"href":"https:\/\/bmin.info\/WP\/wp-json\/wp\/v2\/posts\/380\/revisions\/474"}],"wp:attachment":[{"href":"https:\/\/bmin.info\/WP\/wp-json\/wp\/v2\/media?parent=380"}],"wp:term":[{"taxonomy":"category","embeddable":true,"href":"https:\/\/bmin.info\/WP\/wp-json\/wp\/v2\/categories?post=380"},{"taxonomy":"post_tag","embeddable":true,"href":"https:\/\/bmin.info\/WP\/wp-json\/wp\/v2\/tags?post=380"}],"curies":[{"name":"wp","href":"https:\/\/api.w.org\/{rel}","templated":true}]}}