{"id":45,"date":"2015-11-14T11:30:02","date_gmt":"2015-11-14T10:30:02","guid":{"rendered":"http:\/\/bmin.info\/WP\/?p=45"},"modified":"2017-04-01T09:15:18","modified_gmt":"2017-04-01T08:15:18","slug":"pr-garage-spittelau-mit-698-stellplaetzen-eroeffnet","status":"publish","type":"post","link":"https:\/\/bmin.info\/WP\/2015\/11\/14\/pr-garage-spittelau-mit-698-stellplaetzen-eroeffnet\/","title":{"rendered":"P&#038;R Garage Spittelau mit 698 Stellpl\u00e4tzen er\u00f6ffnet"},"content":{"rendered":"<div class=\"blog-entry-date\">\n<div class=\"blog-entry-date\">Text: Pepo Meia<\/div>\n<div class=\"blog-entry-date\"><\/div>\n<div class=\"blog-entry-date\"><img loading=\"lazy\" decoding=\"async\" class=\"imageStyle alignright\" src=\"http:\/\/www.bmin.info\/Nachrichten\/Nachrichten_files\/prs_fassade_02.jpg\" alt=\"Fassadenansicht des Park and Ride Geb\u00e4udes\" width=\"391\" height=\"261\" \/>Die Park &amp; Ride Anlage in Spittelau ist am 13. Oktober 2015 wieder er\u00f6ffnet worden und es k\u00f6nnen jetzt insgesamt 698 PKW eingestellt werden. Davon sind 23 Stellpl\u00e4tze im Erdgescho\u00df als Behindertenstellpl\u00e4tze eingerichtet.<\/div>\n<p>Von den 23 Behindertenparkpl\u00e4tze sind acht Stellpl\u00e4tze weniger als 2,5 m breit. Von den 15 Behindertenparkpl\u00e4tzen, die wie vorgeschrieben eine Mindestbreite von 3,5 m haben, befinden sich leider 12 im Freien. Bei Schlechtwetter ist dies f\u00fcr Rollstuhlnutzer besonders unangenehm.<\/p>\n<p><img loading=\"lazy\" decoding=\"async\" class=\"imageStyle alignright\" src=\"http:\/\/www.bmin.info\/Nachrichten\/Nachrichten_files\/prs_03.jpg\" alt=\"Weiteres Bild eines Parkplatz im Freien\" width=\"389\" height=\"247\" \/>Die Bahnsteige der U-Bahn Linien U4 und U6 (Station Spittelau) sind durch die Stiege 3 direkt angebunden (<a href=\"https:\/\/de.wikipedia.org\/wiki\/Spittelauer_Br%FCcke\" target=\"_blank\" rel=\"external\">Spittelauer Br\u00fccke<\/a>) und somit ist eine Erreichbarkeit der Wiener Innenstadt in wenigen Minuten gegeben. Zu- und Abfahrt: 1090 Wien, Spittelauer L\u00e4nde 12.<\/p>\n<p>Die Garage ist von 0 \u2013 24 Uhr ge\u00f6ffnet. Es gilt sinngem\u00e4\u00df die\u00a0 Stra\u00dfenverkehrsordnung und eine generelle Geb\u00fchrenbefreiung f\u00fcr Inhaber von Behindertenausweisen, wie dies die Stadt Wien teilweise gew\u00e4hrt, ist nicht vorgesehen.<img loading=\"lazy\" decoding=\"async\" class=\"imageStyle alignright\" src=\"http:\/\/www.bmin.info\/Nachrichten\/Nachrichten_files\/prs_04.jpg\" alt=\"Parkplatz im Freien\" width=\"387\" height=\"244\" \/><\/p>\n<p>Aufgrund des stark reduzierten Preisniveaus f\u00fcr Park + Ride Stellpl\u00e4tze gibt es, au\u00dfer den Erm\u00e4\u00dfigungen f\u00fcr Inhaber von Zeitkarten der Wiener Linien, keine weiteren Preisreduktionen.<br \/>\nParkgeb\u00fchr f\u00fcr einen Tag: \u20ac 3,40<\/p>\n<p>Die Tarifliste ist auf der <a href=\"http:\/\/www.bestinparking.at\/de\/garage\/wien\/spittelauer-laende\/12\" target=\"_blank\" rel=\"external\">Homepage des Betreibers<\/a> der Best in Parking \u2013 Holding GmbH ver\u00f6ffentlicht.<\/p>\n<\/div>\n<div class=\"blog-entry-date\">\n<p><img loading=\"lazy\" decoding=\"async\" class=\"imageStyle alignright\" src=\"http:\/\/www.bmin.info\/Nachrichten\/Nachrichten_files\/pr2_01.jpg\" alt=\"Zugang von der U-bahn\" width=\"387\" height=\"229\" \/>Die Park &amp; Ride Garage Spittelau ist als Hochgarage mit einer Ebene im Erdgeschoss\u00a0, f\u00fcnf gedeckten Obergeschossen und einem Freiparkdeck konzipiert. Die Obergeschosse sind durch drei Stiegenh\u00e4user und zwei Liftanlagen (in den Stiegen 1 und 3) komfortabel erschlossen.<\/p>\n<p>&nbsp;<\/p>\n<p>&nbsp;<\/p>\n<p>Durch den Einsatz bew\u00e4hrter Farbleit- und Beschilderungssysteme, einer \u00fcbersichtlichen Ausgestaltung der einzelnen Parkdecks sowie intelligenter und stromsparender Lichttechnik und Video\u00fcberwachungssystemen wird Komfort und Sicherheit auf h\u00f6chstem Stand der Technik geboten<\/p>\n<\/div>\n<div class=\"blog-entry-date\">\n<p><img loading=\"lazy\" decoding=\"async\" class=\"imageStyle alignright\" src=\"http:\/\/www.bmin.info\/Nachrichten\/Nachrichten_files\/prs_02.jpg\" alt=\"Lift Schild: Au\u00dferhalb der Betriebszeiten des Liftes ist f\u00fcr Personen mit besonderen Bed\u00fcrfnissen der Ruf des Liftes \u00fcber die Sprechanlage m\u00f6glich. \" width=\"382\" height=\"221\" \/><\/p>\n<p>&nbsp;<\/p>\n<p>B\u00fcrgermeister Dr. Michael H\u00e4upl: \u201eIn Wien werden laufend Infrastrukturprojekte geplant sowie fertig gestellt. Wir leisten damit einen wichtigen Beitrag, Wien als lebenswerte Weltstadt zu erhalten und\u00a0f\u00fcr die Zukunft nachhaltig zu positionieren<\/p>\n<p>&nbsp;<\/p>\n<p>BMIN-Artikel zum Thema<img loading=\"lazy\" decoding=\"async\" class=\"imageStyle alignright\" src=\"http:\/\/www.bmin.info\/Nachrichten\/Nachrichten_files\/prs_kassastiege3_01.jpg\" alt=\"Kassa Stiege 3 bei der U-Bahn\" width=\"377\" height=\"252\" \/><\/p>\n<p><a href=\"http:\/\/www.bmin.info\/N-Archiv\/BMIN.achrichten\/Nachrichten\/Eintrage\/2014\/6\/29_Wipark-Aufzug_Spittelauer_Steg__Spar-_oder_Umbaumassnahme.html\">Wipark-Aufzug SpittelauerSteg: Spar- oder Umbaumassnahme?<\/a> (29. Juni 2014)<\/p>\n<p><a href=\"http:\/\/www.bmin.info\/N-Archiv\/BMIN.achrichten\/Nachrichten\/Eintrage\/2014\/7\/14_Wipark-Aufzug_Spittelauer-Steg__Wegen_Vandalismus_ausser_Betrieb.html\">Wipark-Aufzug Spittelauer-Steg: Wegen Vandalismus ausser Betrieb<\/a> (14. Juli 2014)<\/p>\n<\/div>\n<p>&nbsp;<\/p>\n<div class=\"blog-entry-date\"><\/div>\n","protected":false},"excerpt":{"rendered":"<p>Text: Pepo Meia Die Park &amp; Ride Anlage in Spittelau ist am 13. Oktober 2015 wieder er\u00f6ffnet worden und es k\u00f6nnen jetzt insgesamt 698 PKW eingestellt werden. Davon sind 23 Stellpl\u00e4tze im Erdgescho\u00df als Behindertenstellpl\u00e4tze eingerichtet. Von den 23 Behindertenparkpl\u00e4tze sind acht Stellpl\u00e4tze weniger als 2,5 m breit. Von den 15 Behindertenparkpl\u00e4tzen, die wie vorgeschrieben&#8230; <a href=\"https:\/\/bmin.info\/WP\/2015\/11\/14\/pr-garage-spittelau-mit-698-stellplaetzen-eroeffnet\/\" class=\"more-link\">Continue reading <span class=\"screen-reader-text\">P&#038;R Garage Spittelau mit 698 Stellpl\u00e4tzen er\u00f6ffnet<\/span><\/a><\/p>\n","protected":false},"author":1,"featured_media":0,"comment_status":"closed","ping_status":"closed","sticky":false,"template":"","format":"standard","meta":{"footnotes":""},"categories":[3],"tags":[],"class_list":["post-45","post","type-post","status-publish","format-standard","hentry","category-info"],"_links":{"self":[{"href":"https:\/\/bmin.info\/WP\/wp-json\/wp\/v2\/posts\/45","targetHints":{"allow":["GET"]}}],"collection":[{"href":"https:\/\/bmin.info\/WP\/wp-json\/wp\/v2\/posts"}],"about":[{"href":"https:\/\/bmin.info\/WP\/wp-json\/wp\/v2\/types\/post"}],"author":[{"embeddable":true,"href":"https:\/\/bmin.info\/WP\/wp-json\/wp\/v2\/users\/1"}],"replies":[{"embeddable":true,"href":"https:\/\/bmin.info\/WP\/wp-json\/wp\/v2\/comments?post=45"}],"version-history":[{"count":10,"href":"https:\/\/bmin.info\/WP\/wp-json\/wp\/v2\/posts\/45\/revisions"}],"predecessor-version":[{"id":103,"href":"https:\/\/bmin.info\/WP\/wp-json\/wp\/v2\/posts\/45\/revisions\/103"}],"wp:attachment":[{"href":"https:\/\/bmin.info\/WP\/wp-json\/wp\/v2\/media?parent=45"}],"wp:term":[{"taxonomy":"category","embeddable":true,"href":"https:\/\/bmin.info\/WP\/wp-json\/wp\/v2\/categories?post=45"},{"taxonomy":"post_tag","embeddable":true,"href":"https:\/\/bmin.info\/WP\/wp-json\/wp\/v2\/tags?post=45"}],"curies":[{"name":"wp","href":"https:\/\/api.w.org\/{rel}","templated":true}]}}