{"id":4664,"date":"2017-10-16T11:45:58","date_gmt":"2017-10-16T10:45:58","guid":{"rendered":"http:\/\/bmin.info\/WP\/?p=4664"},"modified":"2017-10-17T08:19:19","modified_gmt":"2017-10-17T07:19:19","slug":"5-jahre-selbstbestimmt-leben-steiermark","status":"publish","type":"post","link":"https:\/\/bmin.info\/WP\/2017\/10\/16\/5-jahre-selbstbestimmt-leben-steiermark\/","title":{"rendered":"5 Jahre Selbstbestimmt Leben Steiermark"},"content":{"rendered":"<p>Text: SLI-Steiermark<br \/>\nAm Mittwoch, den 25.10.2017 ab 15 Uhr, feiert Selbstbestimmt Leben Steiermark in Graz, sein 5-j\u00e4hriges Jubil\u00e4um.<\/p>\n<p>Zeitplan:15:00 Uhr Eintreffen der G\u00e4ste, Willkommenstrunk<\/p>\n<p>Selbstbestimmt Leben Gedanke dargestellt durch McBEE<\/p>\n<p>15.45 Uhr Begr\u00fc\u00dfung der G\u00e4ste durch Obmann Robert Konegger<br \/>\n15.50 Uhr Gru\u00dfworte der Stadt Graz von Stadtrat Kurt Hohensinner, MBA<br \/>\n16.00 Uhr Er\u00f6ffnungsrede von Landesr\u00e4tin Mag.a Doris Kampus<\/p>\n<p>Showeinlage \u201eValue Aurora\u201c \u2013 Beatbox, Chello und Tanz<\/p>\n<p>16.30 Uhr R\u00fcck- und Ausblick von Vereinsgr\u00fcnder <a href=\"http:\/\/www.bmin.info\/Aktivist\/Aktivist\/Ruppe.html\" target=\"_blank\" rel=\"noopener noreferrer\">Mag. Sebastian Ruppe<\/a><\/p>\n<p>Musikeinlage Hans Lechner mit \u201eFunky Jazz Lounge\u201c und \u00dcberraschungsgast<\/p>\n<p>16.45 Uhr Interview mit Obmann Robert Konegger und Stellvertreter Dietmar Ogris<br \/>\nEhrung des ehemaligen Obmannes Thadd\u00e4us Promberger, MAS<\/p>\n<p>Hans Lechner, Saxophon, mit \u201eFunky Jazz Lounge\u201c<\/p>\n<p>17.00 Uhr Er\u00f6ffnung des Rollstuhl- und Blindenparcours Sensibilisierung durch Menschen mit Lernschwierigkeiten Buchpr\u00e4sentation: \u201eUnm\u00f6glich ist gar nichts\u201c<\/p>\n<p>Buffet \u2013 Kastanien und Sturm \u2013 Jubil\u00e4umstorte<\/p>\n<p>Durch die Veranstaltung f\u00fchrt Dr. Peter Rudlof, Journalist (ORF, Zeitschrift BEHINDERTE MENSCHEN)<\/p>\n<p>Anfahrt: Linien E7 und 62 bis Franz-Steiner-Gasse.<br \/>\nDas B\u00fcro befindet sich im Innenhof des Geb\u00e4udes Eggenberger Allee 49 neben dem Ruefa-Reiseb\u00fcro.<\/p>\n<p>B\u00fcro: Eggenberger Allee 49, 8020 Graz;<br \/>\nTel.: +43 316 902089<br \/>\nE-Mail: <a href=\"mailto:office@sl-stmk.at\" target=\"_blank\" rel=\"noopener noreferrer\">office@sl-stmk.at<\/a>;<\/p>\n","protected":false},"excerpt":{"rendered":"<p>Text: SLI-Steiermark Am Mittwoch, den 25.10.2017 ab 15 Uhr, feiert Selbstbestimmt Leben Steiermark in Graz, sein 5-j\u00e4hriges Jubil\u00e4um. Zeitplan:15:00 Uhr Eintreffen der G\u00e4ste, Willkommenstrunk Selbstbestimmt Leben Gedanke dargestellt durch McBEE 15.45 Uhr Begr\u00fc\u00dfung der G\u00e4ste durch Obmann Robert Konegger 15.50 Uhr Gru\u00dfworte der Stadt Graz von Stadtrat Kurt Hohensinner, MBA 16.00 Uhr Er\u00f6ffnungsrede von Landesr\u00e4tin&#8230; <a href=\"https:\/\/bmin.info\/WP\/2017\/10\/16\/5-jahre-selbstbestimmt-leben-steiermark\/\" class=\"more-link\">Continue reading <span class=\"screen-reader-text\">5 Jahre Selbstbestimmt Leben Steiermark<\/span><\/a><\/p>\n","protected":false},"author":3,"featured_media":0,"comment_status":"closed","ping_status":"closed","sticky":false,"template":"","format":"standard","meta":{"footnotes":""},"categories":[3],"tags":[],"class_list":["post-4664","post","type-post","status-publish","format-standard","hentry","category-info"],"_links":{"self":[{"href":"https:\/\/bmin.info\/WP\/wp-json\/wp\/v2\/posts\/4664","targetHints":{"allow":["GET"]}}],"collection":[{"href":"https:\/\/bmin.info\/WP\/wp-json\/wp\/v2\/posts"}],"about":[{"href":"https:\/\/bmin.info\/WP\/wp-json\/wp\/v2\/types\/post"}],"author":[{"embeddable":true,"href":"https:\/\/bmin.info\/WP\/wp-json\/wp\/v2\/users\/3"}],"replies":[{"embeddable":true,"href":"https:\/\/bmin.info\/WP\/wp-json\/wp\/v2\/comments?post=4664"}],"version-history":[{"count":6,"href":"https:\/\/bmin.info\/WP\/wp-json\/wp\/v2\/posts\/4664\/revisions"}],"predecessor-version":[{"id":4673,"href":"https:\/\/bmin.info\/WP\/wp-json\/wp\/v2\/posts\/4664\/revisions\/4673"}],"wp:attachment":[{"href":"https:\/\/bmin.info\/WP\/wp-json\/wp\/v2\/media?parent=4664"}],"wp:term":[{"taxonomy":"category","embeddable":true,"href":"https:\/\/bmin.info\/WP\/wp-json\/wp\/v2\/categories?post=4664"},{"taxonomy":"post_tag","embeddable":true,"href":"https:\/\/bmin.info\/WP\/wp-json\/wp\/v2\/tags?post=4664"}],"curies":[{"name":"wp","href":"https:\/\/api.w.org\/{rel}","templated":true}]}}