{"id":4699,"date":"2017-10-25T10:42:23","date_gmt":"2017-10-25T09:42:23","guid":{"rendered":"http:\/\/bmin.info\/WP\/?p=4699"},"modified":"2017-10-31T04:55:08","modified_gmt":"2017-10-31T03:55:08","slug":"5-forderung-an-die-kuenftige-regierung-gleiche-chancen-gleiche-rechte-fuer-behinderte-menschen","status":"publish","type":"post","link":"https:\/\/bmin.info\/WP\/2017\/10\/25\/5-forderung-an-die-kuenftige-regierung-gleiche-chancen-gleiche-rechte-fuer-behinderte-menschen\/","title":{"rendered":"5 Forderung an die k\u00fcnftige Regierung: \u201eGleiche Chancen \u2013 Gleiche Rechte!\u201c f\u00fcr behinderte Menschen"},"content":{"rendered":"<p>Text: Pepo Meia, Raoul Josef Senekovic<br \/>\nWien (<a href=\"https:\/\/www.ots.at\/presseaussendung\/OTS_20171019_OTS0070\/menschen-mit-behinderungen-gleiche-chancen-gleiche-rechte\" target=\"_blank\" rel=\"noopener noreferrer\">OTS &#8211; 19-10-2017<\/a>) Am Beginn der Regierungsverhandlungen erheben Volksanwalt G\u00fcnther Kr\u00e4uter, Behindertenanwalt Hansj\u00f6rg Hofer, Christina Wurzinger vom Monitoringausschuss und Martin Ladst\u00e4tter als Vertreter der Zivilgesellschaft f\u00fcnf zentrale Forderungen f\u00fcr Menschen mit Behinderung.<\/p>\n<p>* Faire Chancen am Arbeitsmarkt!<br \/>\n* Lohn statt Taschengeld!<br \/>\n* Massiver Ausbau der Pers\u00f6nlichen Assistenz!<br \/>\n* Inklusion auf allen Ebenen!<br \/>\n* Nationalen Aktionsplan nachsch\u00e4rfen!<img loading=\"lazy\" decoding=\"async\" class=\"aligncenter wp-image-4700\" src=\"https:\/\/bmin.info\/WP\/wp-content\/uploads\/2017\/10\/171019_PKVA-300x162.jpg\" alt=\"\" width=\"374\" height=\"202\" \/><\/p>\n<p>Am 19.Oktober 2017 fand in den R\u00e4umlichkeiten der Volksanwaltschaft eine Pressekonferenz zum Thema: \u201eGleiche Chancen \u2013 Gleiche Rechte!\u201c f\u00fcr Menschen mit Behinderungen statt. Denn: Diskriminierung gibt es immer noch in nahezu allen Lebensbereichen. Ein Mensch mit Behinderung in \u00d6sterreich zu\u00a0sein bedeutet: Weniger Bildung, kaum Besch\u00e4ftigung, Diskriminierung im Alltag aber auch oft Isolation und Einsamkeit!<\/p>\n<p>Erfreulicherweise beschloss der Nationalrat am 12. Oktober mit den Stimmen aller Parlamentsparteien das Inklusionspaket. Das Bundes- Behindertengleichstellunggesetz, das Behinderteneinstellungsgesetz sowie das Bundesbehindertengesetz wurden ge\u00e4ndert.<\/p>\n<p>Die Budgetmittel f\u00fcr berufliche Integration und f\u00fcr den Monitoringausschuss wurden angehoben, der Rechtsschutz im Falle von Diskriminierungen wurde verbessert, aber auch die Bundesbehindertenanwaltschaft wurde gest\u00e4rkt.<\/p>\n<p>Volksanwalt Kr\u00e4uter k\u00fcndigte an, baldigst die k\u00fcnftigen Behindertensprecher aller Parlamentsparteien zu einem runden Tisch in die Volksanwaltschaft einzuladen.<\/p>\n<p>Pepo Meia war vor Ort und hat mit Martin Ladst\u00e4tter SLI\u00d6 ein Interview gef\u00fchrt, welches am Ende des Beitrags h\u00f6ren ist.<\/p>\n<p>Die Pressekonferenz und das Interview kann man sich auch im <a href=\"https:\/\/cba.fro.at\/352424\" target=\"_blank\" rel=\"noopener noreferrer\">Cultural Broadcasting Archive (CBA)<\/a>\u00a0anh\u00f6ren.<\/p>\n<p>Presseaussendung zum Thema: <a href=\"https:\/\/bmin.info\/WP\/2017\/10\/20\/menschen-mit-behinderungen-gleiche-chancen-gleiche-rechte\/\" target=\"_blank\" rel=\"noopener noreferrer\">Menschen mit Behinderungen: \u201eGleiche Chancen \u2013 Gleiche Rechte!\u201c<\/a><\/p>\n","protected":false},"excerpt":{"rendered":"<p>Text: Pepo Meia, Raoul Josef Senekovic Wien (OTS &#8211; 19-10-2017) Am Beginn der Regierungsverhandlungen erheben Volksanwalt G\u00fcnther Kr\u00e4uter, Behindertenanwalt Hansj\u00f6rg Hofer, Christina Wurzinger vom Monitoringausschuss und Martin Ladst\u00e4tter als Vertreter der Zivilgesellschaft f\u00fcnf zentrale Forderungen f\u00fcr Menschen mit Behinderung. * Faire Chancen am Arbeitsmarkt! * Lohn statt Taschengeld! * Massiver Ausbau der Pers\u00f6nlichen Assistenz! *&#8230; <a href=\"https:\/\/bmin.info\/WP\/2017\/10\/25\/5-forderung-an-die-kuenftige-regierung-gleiche-chancen-gleiche-rechte-fuer-behinderte-menschen\/\" class=\"more-link\">Continue reading <span class=\"screen-reader-text\">5 Forderung an die k\u00fcnftige Regierung: \u201eGleiche Chancen \u2013 Gleiche Rechte!\u201c f\u00fcr behinderte Menschen<\/span><\/a><\/p>\n","protected":false},"author":3,"featured_media":0,"comment_status":"closed","ping_status":"closed","sticky":false,"template":"","format":"standard","meta":{"footnotes":""},"categories":[3],"tags":[],"class_list":["post-4699","post","type-post","status-publish","format-standard","hentry","category-info"],"_links":{"self":[{"href":"https:\/\/bmin.info\/WP\/wp-json\/wp\/v2\/posts\/4699","targetHints":{"allow":["GET"]}}],"collection":[{"href":"https:\/\/bmin.info\/WP\/wp-json\/wp\/v2\/posts"}],"about":[{"href":"https:\/\/bmin.info\/WP\/wp-json\/wp\/v2\/types\/post"}],"author":[{"embeddable":true,"href":"https:\/\/bmin.info\/WP\/wp-json\/wp\/v2\/users\/3"}],"replies":[{"embeddable":true,"href":"https:\/\/bmin.info\/WP\/wp-json\/wp\/v2\/comments?post=4699"}],"version-history":[{"count":7,"href":"https:\/\/bmin.info\/WP\/wp-json\/wp\/v2\/posts\/4699\/revisions"}],"predecessor-version":[{"id":4751,"href":"https:\/\/bmin.info\/WP\/wp-json\/wp\/v2\/posts\/4699\/revisions\/4751"}],"wp:attachment":[{"href":"https:\/\/bmin.info\/WP\/wp-json\/wp\/v2\/media?parent=4699"}],"wp:term":[{"taxonomy":"category","embeddable":true,"href":"https:\/\/bmin.info\/WP\/wp-json\/wp\/v2\/categories?post=4699"},{"taxonomy":"post_tag","embeddable":true,"href":"https:\/\/bmin.info\/WP\/wp-json\/wp\/v2\/tags?post=4699"}],"curies":[{"name":"wp","href":"https:\/\/api.w.org\/{rel}","templated":true}]}}