{"id":4795,"date":"2017-12-07T11:58:19","date_gmt":"2017-12-07T10:58:19","guid":{"rendered":"http:\/\/bmin.info\/WP\/?p=4795"},"modified":"2017-12-08T13:51:12","modified_gmt":"2017-12-08T12:51:12","slug":"sozialunternehmen-und-behindertenvertreter-fordern-erweiterten-arbeitsmarkt-10-bausteine-vorgestellt","status":"publish","type":"post","link":"https:\/\/bmin.info\/WP\/2017\/12\/07\/sozialunternehmen-und-behindertenvertreter-fordern-erweiterten-arbeitsmarkt-10-bausteine-vorgestellt\/","title":{"rendered":"Sozialunternehmen und Behindertenvertreter fordern \u201eerweiterten\u201c Arbeitsmarkt \u2013 10 Bausteine vorgestellt"},"content":{"rendered":"<p>Der \u00d6sterreichische Behindertenrat, dabei-austria, arbeit plus, die BAG und die Sozialwirtschaft \u00d6sterreich pr\u00e4sentierten im Rahmen einer gemeinsamen Pressekonferenz am 30. November 2017 \u201e10 Bausteine f\u00fcr eine inklusive Arbeitsmarktpolitik\u201c.<\/p>\n<p>Die zuk\u00fcftige Arbeitsmarktpolitik soll allen \u2013 insbesondere Personen mit gesundheitlichen Vermittlungseinschr\u00e4nkungen, Lanzeitarbeitslosen und Menschen mit Behinderungen \u2013 den Zugang zum Arbeitsmarkt er\u00f6ffnen. Die Bandbreite der\u00a0<a style=\"box-sizing: inherit; background-color: transparent; color: #dd3333; text-decoration: none; outline-width: 0px; outline-style: initial; outline-color: initial;\" href=\"https:\/\/www.behindertenarbeit.at\/wp-content\/uploads\/10-Bausteine-PK_30112017_final.pdf\" target=\"_blank\" rel=\"noopener noreferrer\">10 Bausteine<\/a>\u00a0(PDF)\u00a0ist gro\u00df und reicht von der individuellen F\u00f6rderung aller Kinder \u00fcber das Recht auf Ausbildung bis hin zur Forderung nach einem ausreichend finanzierten Inklusionsfonds.<\/p>\n<p>Quelle: <a href=\"https:\/\/www.behindertenarbeit.at\/\" target=\"_blank\" rel=\"noopener noreferrer\">behindertenarbeit.at<\/a><\/p>\n<p>Artikel zum Thema:<br \/>\n<strong>Katzianka: \u201ePflege braucht Vielfalt unterschiedlicher Angebote\u201c<\/strong><br \/>\nIn j\u00fcngster Zeit berichten die Medien vermehrt \u00fcber Missst\u00e4nde im Pflegebereich. Dies nahm Klaus Katzianka, der Gr\u00fcnder von \u201eEuropflege 24 Stunden Hilfe und Betreuung\u201c zum Anlass f\u00fcr ein Pressegespr\u00e4ch am 7. Dezember 2017 im Caf\u00e9 Landtmann in Wien. (<a href=\"https:\/\/www.bizeps.or.at\/katzianka-pflege-braucht-vielfalt-unterschiedlicher-angebote\/\" target=\"_blank\" rel=\"noopener noreferrer\">Quelle: Bizeps &#8211; online<\/a>)<\/p>\n<p><em><strong>Anm<\/strong>.: Die Rechte von Menschen mit Behinderung m\u00fcssen im k\u00fcnftigen Regierungsprogramm eine zentrale Rolle spielen, aber es\u00a0<\/em><em style=\"box-sizing: inherit;\">sollten\u00a0<\/em><em>auch\u00a0<\/em><em style=\"box-sizing: inherit;\">mehr Mittel f\u00fcr behinderte Menschen zur Verf\u00fcgung gestellt werden, anstatt diese zu k\u00fcrzen &#8211; dies gilt vor allem auch f\u00fcr die <\/em><em>Bundesl\u00e4nder.<\/em><\/p>\n","protected":false},"excerpt":{"rendered":"<p>Der \u00d6sterreichische Behindertenrat, dabei-austria, arbeit plus, die BAG und die Sozialwirtschaft \u00d6sterreich pr\u00e4sentierten im Rahmen einer gemeinsamen Pressekonferenz am 30. November 2017 \u201e10 Bausteine f\u00fcr eine inklusive Arbeitsmarktpolitik\u201c. Die zuk\u00fcftige Arbeitsmarktpolitik soll allen \u2013 insbesondere Personen mit gesundheitlichen Vermittlungseinschr\u00e4nkungen, Lanzeitarbeitslosen und Menschen mit Behinderungen \u2013 den Zugang zum Arbeitsmarkt er\u00f6ffnen. Die Bandbreite der\u00a010 Bausteine\u00a0(PDF)\u00a0ist gro\u00df&#8230; <a href=\"https:\/\/bmin.info\/WP\/2017\/12\/07\/sozialunternehmen-und-behindertenvertreter-fordern-erweiterten-arbeitsmarkt-10-bausteine-vorgestellt\/\" class=\"more-link\">Continue reading <span class=\"screen-reader-text\">Sozialunternehmen und Behindertenvertreter fordern \u201eerweiterten\u201c Arbeitsmarkt \u2013 10 Bausteine vorgestellt<\/span><\/a><\/p>\n","protected":false},"author":3,"featured_media":0,"comment_status":"closed","ping_status":"closed","sticky":false,"template":"","format":"standard","meta":{"footnotes":""},"categories":[3],"tags":[],"class_list":["post-4795","post","type-post","status-publish","format-standard","hentry","category-info"],"_links":{"self":[{"href":"https:\/\/bmin.info\/WP\/wp-json\/wp\/v2\/posts\/4795","targetHints":{"allow":["GET"]}}],"collection":[{"href":"https:\/\/bmin.info\/WP\/wp-json\/wp\/v2\/posts"}],"about":[{"href":"https:\/\/bmin.info\/WP\/wp-json\/wp\/v2\/types\/post"}],"author":[{"embeddable":true,"href":"https:\/\/bmin.info\/WP\/wp-json\/wp\/v2\/users\/3"}],"replies":[{"embeddable":true,"href":"https:\/\/bmin.info\/WP\/wp-json\/wp\/v2\/comments?post=4795"}],"version-history":[{"count":8,"href":"https:\/\/bmin.info\/WP\/wp-json\/wp\/v2\/posts\/4795\/revisions"}],"predecessor-version":[{"id":4816,"href":"https:\/\/bmin.info\/WP\/wp-json\/wp\/v2\/posts\/4795\/revisions\/4816"}],"wp:attachment":[{"href":"https:\/\/bmin.info\/WP\/wp-json\/wp\/v2\/media?parent=4795"}],"wp:term":[{"taxonomy":"category","embeddable":true,"href":"https:\/\/bmin.info\/WP\/wp-json\/wp\/v2\/categories?post=4795"},{"taxonomy":"post_tag","embeddable":true,"href":"https:\/\/bmin.info\/WP\/wp-json\/wp\/v2\/tags?post=4795"}],"curies":[{"name":"wp","href":"https:\/\/api.w.org\/{rel}","templated":true}]}}