{"id":481,"date":"2016-03-11T16:14:43","date_gmt":"2016-03-11T15:14:43","guid":{"rendered":"http:\/\/bmin.info\/WP\/?p=481"},"modified":"2016-03-11T19:38:16","modified_gmt":"2016-03-11T18:38:16","slug":"oebb-diskriminierung-von-menschen-mit-behinderung","status":"publish","type":"post","link":"https:\/\/bmin.info\/WP\/2016\/03\/11\/oebb-diskriminierung-von-menschen-mit-behinderung\/","title":{"rendered":"\u00d6BB: Diskriminierung von Menschen mit Behinderung"},"content":{"rendered":"<p><strong>Nur ein Rollstuhlplatz pro Zuggarnitur (\u201eTalent\u201c) vorhanden<\/strong><br \/>\nText: Pepo Meia, David Herrmann-Meng<br \/>\nWie bereits mehrmals in den <a href=\"http:\/\/www.bmin.info\/N-Archiv\/BMIN.achrichten\/Nachrichten\/Eintrage\/2014\/7\/31_OBBS45__Das_leidige_Problem_mit_der_Rollstuhlrampe_des_Talents.html\" target=\"_blank\">BMIN-Nachrichten<\/a> berichtet, kommt es immer wieder vor, dass die Einstiegshilfe f\u00fcr Rollstuhlnutzer im Schnellbahnbetrieb der \u00d6BB nicht in der N\u00e4he des Zugf\u00fchrers ist, sondern sich am Ende der Zuggarnituren befindet. Dadurch k\u00f6nnen, auch durch die unterschiedlichen Bahnsteigh\u00f6hen, gef\u00e4hrliche Situationen eintreten.<\/p>\n<p>Eine Versp\u00e4tung von drei Minuten ist eingeplant, wenn ein Rollstuhlnutzer die Einstiegshilfe des \u201eTalents\u201c ben\u00f6tigt, da der Zugf\u00fchrer diese durch Herunterklappen einer Rampe erm\u00f6glicht.<\/p>\n<div>\n<p><a href=\"https:\/\/bmin.info\/WP\/wp-content\/uploads\/2016\/03\/11.jpg\" rel=\"attachment wp-att-489\"><img loading=\"lazy\" decoding=\"async\" class=\"alignnone wp-image-489\" src=\"https:\/\/bmin.info\/WP\/wp-content\/uploads\/2016\/03\/11.jpg\" alt=\"11\" width=\"229\" height=\"305\" srcset=\"https:\/\/bmin.info\/WP\/wp-content\/uploads\/2016\/03\/11.jpg 119w, https:\/\/bmin.info\/WP\/wp-content\/uploads\/2016\/03\/11-108x144.jpg 108w\" sizes=\"auto, (max-width: 229px) 100vw, 229px\" \/><\/a>\u00a0 \u00a0 \u00a0 \u00a0<a href=\"https:\/\/bmin.info\/WP\/wp-content\/uploads\/2016\/03\/09.jpg\" rel=\"attachment wp-att-490\"><img loading=\"lazy\" decoding=\"async\" class=\"alignnone wp-image-490\" src=\"https:\/\/bmin.info\/WP\/wp-content\/uploads\/2016\/03\/09.jpg\" alt=\"09\" width=\"231\" height=\"305\" srcset=\"https:\/\/bmin.info\/WP\/wp-content\/uploads\/2016\/03\/09.jpg 120w, https:\/\/bmin.info\/WP\/wp-content\/uploads\/2016\/03\/09-109x144.jpg 109w\" sizes=\"auto, (max-width: 231px) 100vw, 231px\" \/><\/a><\/p>\n<\/div>\n<p>Wenn diese Einstiegshilfe am Ende der Zuggarnitur platziert ist, muss der Zugf\u00fchrer von seiner Kabine zur Fu\u00df bis an das Ende des Zuges, die Rampe herunterklappen, den Rollstuhlnutzer einsteigen lassen, die Rampe wieder einfahren und zur\u00fcck zur Kabine gehen. Diese Prozedur dauert wohl l\u00e4nger als drei Minuten. Wenn der Betroffene wieder aussteigen will, bet\u00e4tigt er die Gegensprechanlage und die Prozedur wiederholt sich.<br \/>\nE-Rollst\u00fchle haben an die 200 kg und man ben\u00f6tigt bis zu vier Personen, um den E-Rollstuhlnutzer \u00fcber die unterschiedlichen Bahnsteigh\u00f6hen zu heben. Dies scheint nicht l\u00f6sbar, da die \u00d6BB kaum zus\u00e4tzliches Personal anstellen w\u00fcrde.<\/p>\n<p><a href=\"https:\/\/bmin.info\/WP\/wp-content\/uploads\/2016\/03\/Oberd02.jpg\" rel=\"attachment wp-att-491\"><img loading=\"lazy\" decoding=\"async\" class=\"alignnone size-medium wp-image-491\" src=\"https:\/\/bmin.info\/WP\/wp-content\/uploads\/2016\/03\/Oberd02-300x225.jpg\" alt=\"Oberd02\" width=\"300\" height=\"225\" srcset=\"https:\/\/bmin.info\/WP\/wp-content\/uploads\/2016\/03\/Oberd02-300x225.jpg 300w, https:\/\/bmin.info\/WP\/wp-content\/uploads\/2016\/03\/Oberd02-768x576.jpg 768w, https:\/\/bmin.info\/WP\/wp-content\/uploads\/2016\/03\/Oberd02-144x108.jpg 144w, https:\/\/bmin.info\/WP\/wp-content\/uploads\/2016\/03\/Oberd02.jpg 985w\" sizes=\"auto, (max-width: 300px) 100vw, 300px\" \/><\/a>\u00a0\u00a0 <a href=\"https:\/\/bmin.info\/WP\/wp-content\/uploads\/2016\/03\/Oberd03.jpg\" rel=\"attachment wp-att-492\"><img loading=\"lazy\" decoding=\"async\" class=\"alignnone size-medium wp-image-492\" src=\"https:\/\/bmin.info\/WP\/wp-content\/uploads\/2016\/03\/Oberd03-300x225.jpg\" alt=\"Oberd03\" width=\"300\" height=\"225\" srcset=\"https:\/\/bmin.info\/WP\/wp-content\/uploads\/2016\/03\/Oberd03-300x225.jpg 300w, https:\/\/bmin.info\/WP\/wp-content\/uploads\/2016\/03\/Oberd03-768x576.jpg 768w, https:\/\/bmin.info\/WP\/wp-content\/uploads\/2016\/03\/Oberd03-144x108.jpg 144w, https:\/\/bmin.info\/WP\/wp-content\/uploads\/2016\/03\/Oberd03.jpg 985w\" sizes=\"auto, (max-width: 300px) 100vw, 300px\" \/><\/a><\/p>\n<p>Die L\u00f6sung dieses Problems: Installation einer zweiten Einstiegshilfe \u2013 nur so k\u00f6nnte man diese Diskriminierung beseitigen.<\/p>\n<p>Artikel zum Thema:<\/p>\n<p><a href=\"http:\/\/www.bmin.info\/N-Archiv\/BMIN.achrichten\/Nachrichten\/Eintrage\/2014\/7\/31_OBBS45__Das_leidige_Problem_mit_der_Rollstuhlrampe_des_Talents.html\" target=\"_blank\">Das leidige Problem mit der Rollstuhlrampe des &#8222;Talents&#8220;<\/a>\u00a0(31.07.2014)<\/p>\n<p><a href=\"http:\/\/www.smilerkreativ.at\/bi\/\/BMINklusiv\/Nachrichten\/Eintrage\/2014\/3\/19_OBB-S45__Stellungnahme_der_Infrastruktur_AG.html\" target=\"_blank\">\u00d6BB-S45: Stellungnahme der Infrastruktur AG<\/a>\u00a0(19.03.2014)<\/p>\n<p><a href=\"http:\/\/www.meinbezirk.at\/doebling\/lokales\/s45-oberdoebling-im-bz-check-ist-die-station-wirklich-barrierefrei-d882359.html\" target=\"_blank\">S45 Oberd\u00f6bling im bz-Check: Ist die Station wirklich barrierefrei?<\/a>\u00a0bezirkszeitung (25.03.2014)<\/p>\n<p><a href=\"http:\/\/www.smilerkreativ.at\/bmin\/Behinderte_Menschen_in_Not\/Nachrichten\/Eintrage\/2014\/2\/20_OBB-S31__Oberdobling__Barrierefreiheit_sieht_anders_aus.html\" target=\"_blank\">\u00d6BB-S45: Wien-Oberd\u00f6bling: Barrierefreiheit sieht anders aus<\/a>\u00a0(20.02.2014)<\/p>\n","protected":false},"excerpt":{"rendered":"<p>Nur ein Rollstuhlplatz pro Zuggarnitur (\u201eTalent\u201c) vorhanden Text: Pepo Meia, David Herrmann-Meng Wie bereits mehrmals in den BMIN-Nachrichten berichtet, kommt es immer wieder vor, dass die Einstiegshilfe f\u00fcr Rollstuhlnutzer im Schnellbahnbetrieb der \u00d6BB nicht in der N\u00e4he des Zugf\u00fchrers ist, sondern sich am Ende der Zuggarnituren befindet. Dadurch k\u00f6nnen, auch durch die unterschiedlichen Bahnsteigh\u00f6hen, gef\u00e4hrliche&#8230; <a href=\"https:\/\/bmin.info\/WP\/2016\/03\/11\/oebb-diskriminierung-von-menschen-mit-behinderung\/\" class=\"more-link\">Continue reading <span class=\"screen-reader-text\">\u00d6BB: Diskriminierung von Menschen mit Behinderung<\/span><\/a><\/p>\n","protected":false},"author":3,"featured_media":0,"comment_status":"closed","ping_status":"closed","sticky":false,"template":"","format":"standard","meta":{"footnotes":""},"categories":[3],"tags":[],"class_list":["post-481","post","type-post","status-publish","format-standard","hentry","category-info"],"_links":{"self":[{"href":"https:\/\/bmin.info\/WP\/wp-json\/wp\/v2\/posts\/481","targetHints":{"allow":["GET"]}}],"collection":[{"href":"https:\/\/bmin.info\/WP\/wp-json\/wp\/v2\/posts"}],"about":[{"href":"https:\/\/bmin.info\/WP\/wp-json\/wp\/v2\/types\/post"}],"author":[{"embeddable":true,"href":"https:\/\/bmin.info\/WP\/wp-json\/wp\/v2\/users\/3"}],"replies":[{"embeddable":true,"href":"https:\/\/bmin.info\/WP\/wp-json\/wp\/v2\/comments?post=481"}],"version-history":[{"count":10,"href":"https:\/\/bmin.info\/WP\/wp-json\/wp\/v2\/posts\/481\/revisions"}],"predecessor-version":[{"id":501,"href":"https:\/\/bmin.info\/WP\/wp-json\/wp\/v2\/posts\/481\/revisions\/501"}],"wp:attachment":[{"href":"https:\/\/bmin.info\/WP\/wp-json\/wp\/v2\/media?parent=481"}],"wp:term":[{"taxonomy":"category","embeddable":true,"href":"https:\/\/bmin.info\/WP\/wp-json\/wp\/v2\/categories?post=481"},{"taxonomy":"post_tag","embeddable":true,"href":"https:\/\/bmin.info\/WP\/wp-json\/wp\/v2\/tags?post=481"}],"curies":[{"name":"wp","href":"https:\/\/api.w.org\/{rel}","templated":true}]}}