{"id":4860,"date":"2018-01-08T09:16:36","date_gmt":"2018-01-08T08:16:36","guid":{"rendered":"http:\/\/bmin.info\/WP\/?p=4860"},"modified":"2018-01-10T09:18:42","modified_gmt":"2018-01-10T08:18:42","slug":"was-ist-neu-im-jahr-2018","status":"publish","type":"post","link":"https:\/\/bmin.info\/WP\/2018\/01\/08\/was-ist-neu-im-jahr-2018\/","title":{"rendered":"Was ist neu im Jahr 2018?"},"content":{"rendered":"<p>Text: BMIN<br \/>\nBehindertenpolitik ist Querschnittsmaterie und betrifft somit jedes Ministerium. Nat\u00fcrlich k\u00f6nnte man dieses System \u00e4ndern, wenn man ein eigenes Ressort &#8222;Behindertenpolitik&#8220; unter der Agenda des Bundeskanzleramtes (BKA) schaffen w\u00fcrde. Es stellt sich jedoch die Frage, ob so eine System\u00e4nderung eine Verbesserung f\u00fcr die Betroffenen bewirken w\u00fcrde.<\/p>\n<p>Bis jetzt hat Bundeskanzler Sebastian Kurz (\u00d6VP) und sein Regierungsteam (<a href=\"https:\/\/bmin.info\/WP\/2017\/12\/29\/mega-ministerium-fuer-gesundheit-soziales-arbeit-frauen-und-konsumentenschutz-auszuege-aus-dem-regierungsprogramm\/\" target=\"_blank\" rel=\"noopener noreferrer\">siehe Regierungsprogramm<\/a>) keine neuen Akzente in der Behindertenpolitik gesetzt. Die j\u00fcngsten Meinungsverschiedenheiten zwischen Arbeits-, Gesundheits- und Sozialministerin Beate Hartinger-Klein (FP\u00d6) und Bundeskanzler Kurz um Mindestsicherungsbezieher zeigen soziale K\u00e4lte. Diese Bev\u00f6lkerungsgruppe bleibt auf der Strecke und man nimmt diesen Menschen die letzte W\u00fcrde, da sie gen\u00f6tigt werden jede Arbeit anzunehmen, auch wenn diese \u00fcberqualifiziert sind, bzw. Kurse zu besuchen, um \u00fcberhaupt die Mindestsicherung zu bekommen.<\/p>\n<p>Die Art der neuen Bundesregierung, wie diese mit den Schw\u00e4chsten der Gesellschaft umgeht (dazu geh\u00f6ren nat\u00fcrlich auch arbeitslose \u00e4ltere Menschen, Menschen mit Behinderung, aber auch Fl\u00fcchtlinge und Migranten) l\u00e4sst nichts gutes ahnen, da ihnen die Zukunftsperspektiven genommen werden. Wir verstehen die Intentionen \u00f6ffentliche Mittel zu sparen, jedoch das Ziel (auch der vergangenen Bundesregierung), die Armutsschere zu verkleinern, kann so auf keinen Fall erreicht werden.<\/p>\n<p><strong>Help.gv.at<\/strong><br \/>\nAufgrund des gro\u00dfen Erfolgs stellt das Bundeskanzleramt heuer bereits zum achten Mal das Service &#8222;Was ist neu im Jahr &#8230;?&#8220; auf HELP.gv.at zur Verf\u00fcgung.<br \/>\nDieses Service verschafft einen \u00dcberblick \u00fcber die, f\u00fcr das jeweils kommende Jahr bereits im Nationalrat beschlossenen, zentralen Rechts\u00e4nderungen. Es werden gesetzliche \u00c4nderungen aufgenommen, die ausgew\u00e4hlte Themenbereiche betreffen und im Jahr 2018 in Kraft treten. (Stand: 18.12.2017)<\/p>\n<p>Das Service wird das ganze Jahr \u00fcber abrufbar sein, jedoch nicht laufend aktualisiert. \u00dcber laufende gesetzliche \u00c4nderungen informiert der Bereich &#8222;Gesetzliche Neuerungen&#8220; sowohl <a href=\"https:\/\/www.help.gv.at\/Portal.Node\/hlpd\/public\/content\/171\/Seite.1710000.html\" target=\"_blank\" rel=\"noopener noreferrer\">auf HELP.gv.at<\/a> als auch <a href=\"https:\/\/www.usp.gv.at\/Portal.Node\/usp\/public\/content\/gesetzliche_neuerungen\/40606.html\" target=\"_blank\" rel=\"noopener noreferrer\">auf USP.gv.at<\/a>\u00a0(Unternehmensservice Portal).<\/p>\n<p><strong>Die\u00a0unterschiedlichen Themen\u00a0sind in folgenden Kapiteln zusammengefasst<\/strong>:<\/p>\n<p><a href=\"https:\/\/www.help.gv.at\/Portal.Node\/hlpd\/public\/content\/340\/Seite.3406110.html\" target=\"_blank\" rel=\"noopener noreferrer\">Neuerungen im Bereich Arbeit und Soziales<\/a><br \/>\n<a href=\"https:\/\/www.help.gv.at\/Portal.Node\/hlpd\/public\/content\/340\/Seite.3406111.html\" target=\"_blank\" rel=\"noopener noreferrer\">Neuerungen im Bereich Familie<\/a><br \/>\n<a href=\"https:\/\/www.help.gv.at\/Portal.Node\/hlpd\/public\/content\/340\/Seite.3406112.html\" target=\"_blank\" rel=\"noopener noreferrer\">Neuerungen im Bereich Finanzen<\/a><br \/>\n<a href=\"https:\/\/www.help.gv.at\/Portal.Node\/hlpd\/public\/content\/340\/Seite.3406119.html\" target=\"_blank\" rel=\"noopener noreferrer\">Neuerungen im Bereich Gesundheit<\/a><br \/>\n<a href=\"https:\/\/www.help.gv.at\/Portal.Node\/hlpd\/public\/content\/340\/Seite.3406118.html\" target=\"_blank\" rel=\"noopener noreferrer\">Neuerungen im\u00a0Bereich Inneres<\/a><br \/>\n<a href=\"https:\/\/www.help.gv.at\/Portal.Node\/hlpd\/public\/content\/340\/Seite.3406113.html\" target=\"_blank\" rel=\"noopener noreferrer\">Neuerungen im Bereich Recht\/Justiz<\/a><br \/>\n<a href=\"https:\/\/www.help.gv.at\/Portal.Node\/hlpd\/public\/content\/340\/Seite.3406114.html\" target=\"_blank\" rel=\"noopener noreferrer\">Neuerungen\u00a0im Bereich Verkehr<\/a><br \/>\n<a href=\"https:\/\/www.help.gv.at\/Portal.Node\/hlpd\/public\/content\/340\/Seite.3406116.html\" target=\"_blank\" rel=\"noopener noreferrer\">Neuerungen im Bereich Wirtschaft<\/a><br \/>\n<a href=\"https:\/\/www.help.gv.at\/Portal.Node\/hlpd\/public\/content\/340\/Seite.3406117.html\" target=\"_blank\" rel=\"noopener noreferrer\">Neuerungen im Bereich Bildung<\/a><\/p>\n<p><strong>Was ist neu 2018? Neuerungen im Sozialbereich<\/strong><br \/>\nIm Dokument (<a href=\"https:\/\/www.sozialministerium.at\/cms\/site\/attachments\/8\/5\/9\/CH3582\/CMS1511426027711\/was_ist_neu_2018.pdf\" target=\"_blank\" rel=\"noopener noreferrer\">16 Seiten PDF<\/a>) finden Sie einen zusammenfassenden Ausblick auf wesentliche Neuerungen in den Bereichen<\/p>\n<p>\u2022 Arbeitsmarkt<br \/>\n\u2022 Arbeitsrecht<br \/>\n\u2022 Sozialversicherung\/Pensionen<br \/>\n\u2022 Pflege (Seite 8)<br \/>\n\u2022 Behinderung (Seite 9)<br \/>\n\u2022 Sozialentsch\u00e4digung<br \/>\n\u2022 Konsumentenschutz<\/p>\n","protected":false},"excerpt":{"rendered":"<p>Text: BMIN Behindertenpolitik ist Querschnittsmaterie und betrifft somit jedes Ministerium. Nat\u00fcrlich k\u00f6nnte man dieses System \u00e4ndern, wenn man ein eigenes Ressort &#8222;Behindertenpolitik&#8220; unter der Agenda des Bundeskanzleramtes (BKA) schaffen w\u00fcrde. Es stellt sich jedoch die Frage, ob so eine System\u00e4nderung eine Verbesserung f\u00fcr die Betroffenen bewirken w\u00fcrde. Bis jetzt hat Bundeskanzler Sebastian Kurz (\u00d6VP) und&#8230; <a href=\"https:\/\/bmin.info\/WP\/2018\/01\/08\/was-ist-neu-im-jahr-2018\/\" class=\"more-link\">Continue reading <span class=\"screen-reader-text\">Was ist neu im Jahr 2018?<\/span><\/a><\/p>\n","protected":false},"author":3,"featured_media":0,"comment_status":"closed","ping_status":"closed","sticky":false,"template":"","format":"standard","meta":{"footnotes":""},"categories":[3],"tags":[],"class_list":["post-4860","post","type-post","status-publish","format-standard","hentry","category-info"],"_links":{"self":[{"href":"https:\/\/bmin.info\/WP\/wp-json\/wp\/v2\/posts\/4860","targetHints":{"allow":["GET"]}}],"collection":[{"href":"https:\/\/bmin.info\/WP\/wp-json\/wp\/v2\/posts"}],"about":[{"href":"https:\/\/bmin.info\/WP\/wp-json\/wp\/v2\/types\/post"}],"author":[{"embeddable":true,"href":"https:\/\/bmin.info\/WP\/wp-json\/wp\/v2\/users\/3"}],"replies":[{"embeddable":true,"href":"https:\/\/bmin.info\/WP\/wp-json\/wp\/v2\/comments?post=4860"}],"version-history":[{"count":4,"href":"https:\/\/bmin.info\/WP\/wp-json\/wp\/v2\/posts\/4860\/revisions"}],"predecessor-version":[{"id":4865,"href":"https:\/\/bmin.info\/WP\/wp-json\/wp\/v2\/posts\/4860\/revisions\/4865"}],"wp:attachment":[{"href":"https:\/\/bmin.info\/WP\/wp-json\/wp\/v2\/media?parent=4860"}],"wp:term":[{"taxonomy":"category","embeddable":true,"href":"https:\/\/bmin.info\/WP\/wp-json\/wp\/v2\/categories?post=4860"},{"taxonomy":"post_tag","embeddable":true,"href":"https:\/\/bmin.info\/WP\/wp-json\/wp\/v2\/tags?post=4860"}],"curies":[{"name":"wp","href":"https:\/\/api.w.org\/{rel}","templated":true}]}}