{"id":4862,"date":"2018-01-12T10:06:57","date_gmt":"2018-01-12T09:06:57","guid":{"rendered":"http:\/\/bmin.info\/WP\/?p=4862"},"modified":"2018-01-29T18:09:52","modified_gmt":"2018-01-29T17:09:52","slug":"wohnbaustadtrat-dr-michael-ludwig-wird-wiens-wird-neuer-buergermeister","status":"publish","type":"post","link":"https:\/\/bmin.info\/WP\/2018\/01\/12\/wohnbaustadtrat-dr-michael-ludwig-wird-wiens-wird-neuer-buergermeister\/","title":{"rendered":"Wohnbaustadtrat Dr. Michael Ludwig wird Wiens neuer B\u00fcrgermeister"},"content":{"rendered":"<p>Text Pepo Meia (Kommentar)<br \/>\n<em>Nachdem die Gewerkschaft Dr. Michael Ludwig unterst\u00fctzt, d\u00fcrfte es fix sein \u2013 die Weichen f\u00fcr den neuen B\u00fcrgermeister sind gestellt. Werden die Zielvorgaben f\u00fcr Barrierefreiheit in Wien neu definiert?<\/em><\/p>\n<p><strong>Zentralisierung von Wiener Wohnen unter Ludwig<\/strong><br \/>\nUnter Stadtrat Ludwig wurde 2015 die Zentralisierung von <a href=\"http:\/\/www.wienerwohnen.at\/\" target=\"_blank\" rel=\"noopener noreferrer\">Stadt Wien-Wiener Wohnen<\/a> abgeschlossen. Die vermutlich gr\u00f6\u00dfte Hausverwaltung europaweit ist nun im Service\u2013Center in Wien 3.; Rosa-Fischer-Gasse 2, beheimatet.<br \/>\nEs gibt zwar eine Service-Hotline von Wiener Wohnen, R\u00fcckrufe erfolgen jedoch oftmals nicht bzw. anonym und man hat kaum kompetente Ansprechpersonen mehr. Au\u00dferdem soll sich die Servicenummer von den Anrufern selbst finanzieren. Zudem sucht man die ehrenamtlichen Mieterbeir\u00e4te in den Gemeindebauten oft vergeblich.<\/p>\n<p><strong>H\u00e4upl und Faymann &#8211; die Abschaffung der Hausbesorger nicht verhindert<\/strong><br \/>\nDie schrittweise Demontage der Hausbesorger zur Jahrtausendwende erfolgte unter der \u201cSchwarz-Blauen\u201c Bundesregierung &#8222;Sch\u00fcssel I&#8220;. B\u00fcrgermeister H\u00e4upl, und der damalige Wohnbaustadtrat Werner Faymann, der sp\u00e4ter Infrastrukturminister und Bundeskanzler wurde, konnten oder wollten keine radikalen Schritte dagegen setzen. Im Gegenteil, einzelne Gemeindebauten wurden \u201eprivatisiert\u201c.<\/p>\n<p><strong>Das System wurde rationalisiert und umgestellt<\/strong><br \/>\nDas Leben im Gemeindebau wurde immer anonymer. Durch die <a href=\"https:\/\/www.hausbetreuung-wien.at\/\" target=\"_blank\" rel=\"noopener noreferrer\">Haus- und Au\u00dfenbetreuungs GmbH<\/a> ersparte man sich zwar die Dienstwohnungen der Hausbesorger, jedoch stiegen die Kosten ebenfalls, da u.a. der Transport (Firmenautos) zu den Gemeindebauten finanziert werden muss. Wenn eine Kontrolle erfolgt, dann nur intern.<\/p>\n<p><strong>Menschen mit Behinderung nach wie vor diskriminiert und ausgegrenzt<\/strong><br \/>\n\u00c4ltere Gemeindebauten sind in der Regel nicht barrierefrei, wenn auch oftmals in Eigeninitiative, bzw. auch mit \u00f6ffentlichen Mitteln behindertenfreundlich adaptiert worden. Bei Generalsanierungen wurden vermutlich aus Kostengr\u00fcnden keine Vorgaben zur wesentlichen Verbesserung f\u00fcr diese Bev\u00f6lkerungsgruppe gesetzt. Ich denke da z.B. an Hauseing\u00e4nge oder M\u00fcllpl\u00e4tze mit Stufen, die man da nicht ber\u00fccksichtigt hat. Aufz\u00fcge, die in den Halbstock f\u00fchren, sind leider noch immer die Regel. Rollstuhlnutzer brauchen einen Schr\u00e4gaufzug um \u00fcberhaupt zum Aufzug zu gelangen. Sollte dieser defekt sein, k\u00f6nnen Betroffene oft tagelang, schlimmstenfalls wochenlang, die Wohnung nicht verlassen. \u00c4ltere Wohnbauten von Sozialen Wohnbautr\u00e4gern mussten mit viel Aufwand nicht nur in puncto Barrierefreiheit nachadaptiert werden. Zusch\u00fcsse und F\u00f6rderungen f\u00fcr Wohnungsadaptierungen nehmen laufend ab. Dies bedeutet auch, dass Senioren- und Pflegeheime in Wien weiter boomen. Dieser Missstand geht jedoch weit \u00fcber den Sozialen Wohnbau hinaus.<\/p>\n<p><strong>Die Kompetenzstelle f\u00fcr barrierefreies Planen, Bauen und Wohnen<\/strong><br \/>\n<a href=\"https:\/\/www.wien.gv.at\/menschen\/barrierefreiestadt\/kompetenzstelle.html\" target=\"_blank\" rel=\"noopener noreferrer\">Die Kompetenzstelle f\u00fcr barrierefreies Planen, Bauen und Wohnen<\/a> wurde unter Wohnbaustadtrat Ludwig neu strukturiert. Oberbaurat DI Robert Labi, (MA25 \u2013 MA34) der Ing. Peter Groiss (MA12) nachgefolgt ist, hat inzwischen auch hervorragende betroffene Mitarbeiter. Diese Fachabteilung arbeitet jedoch ausschlie\u00dflich im Beratungsmodus.<\/p>\n<p><strong>Wohnpartner werden immer \u00f6fter beansprucht<\/strong><br \/>\n<a href=\"https:\/\/www.wohnpartner-wien.at\/\" target=\"_blank\" rel=\"noopener noreferrer\">Die Wohnpartner<\/a>, eine Organisation die professionelle Mediatoren besch\u00e4ftigt, um u.a. Streitigkeiten unter Mietern zu schlichten, wurde ebenfalls unter Wohnbaustadtrat Ludwig ins Leben gerufen. Diese Organisation wird laut eigenen Angaben recht oft beansprucht (Tendenz steigend).<\/p>\n<p><strong>Gemeindewohnungen kaum noch leistbar<\/strong><br \/>\nEine Gemeindewohnung k\u00f6nnen in der Regel nur B\u00fcrger aus Wien beanspruchen. Sanierte Gemeindebauten der A-Kategorie sind f\u00fcr Jungfamilien oft nicht mehr leistbar, da die Betriebskosten immer wieder explodieren.\u00a0Diese Familien weichen oft in Alt- bzw. in Privatwohnungen aus. Viele ziehen dann in einen der vielen Vororte von Wien, wo die Mieten noch einigerma\u00dfen erschwinglich sind. Auch k\u00f6nnen sich viele \u201eZugereiste\u201c das Leben in einem Dorf oder einer Kleinstadt gar nicht mehr vorstellen.<\/p>\n<p><strong>Der einstige &#8222;Migrant&#8220; H\u00e4upl wurde B\u00fcrgermeister<\/strong><br \/>\nImmer mehr \u201ePendler\u201c wollen &#8211; eher m\u00fcssen &#8211; jedoch in der Bundeshauptstadt arbeiten bzw. eine geregelte Einkommensm\u00f6glichkeit finden. \u00dcbrigens auch der Nieder\u00f6sterreicher Michael H\u00e4upl ist seinerzeit nach Wien emigriert um zu studieren. Er hat es immerhin bis zu einem der charismatischsten und volksnahen B\u00fcrgermeister geschafft. Einige Genossen trauern ihm schon heute nach&#8230;<\/p>\n<p><strong>&#8222;Little History&#8220;: Von Jonas, Zilk, H\u00e4upl bis Ludwig?<\/strong><br \/>\nIn der Nachkriegszeit ist <a href=\"https:\/\/de.wikipedia.org\/wiki\/Franz_Jonas\" target=\"_blank\" rel=\"noopener noreferrer\">Franz Jonas<\/a> als Wohnbaustadtrat, sp\u00e4terer B\u00fcrgermeister von Wien und 4. Bundespr\u00e4sident der 2. Republik hervorzuheben. Auch der popul\u00e4re B\u00fcrgermeister <a href=\"https:\/\/de.wikipedia.org\/wiki\/Helmut_Zilk\" target=\"_blank\" rel=\"noopener noreferrer\">Dr. Helmut Zilk<\/a> (Lehrer und ORF-Medienprofi) hat deutliche Spuren in Wien hinterlassen. In seiner Amtszeit wurde in Wien die systematische Adaptierung der Gehsteige bei Kreuzungen und \u00dcberg\u00e4ngen (Gehsteigabsenkungen) eingef\u00fchrt. Sein Nachfolger und Langzeitb\u00fcrgermeister Dr. Michael H\u00e4upl wird nun \u201eschweren Herzens\u201c, vermutlich noch heuer im Juni, zur\u00fccktreten.<\/p>\n<p><strong>Was k\u00f6nnen wir von H\u00e4upl in der \u201ePolitpension\u201c erwarten?<\/strong><br \/>\nAls Abschiedsgeschenk von \u201eSt. Michael H\u00e4upl\u201c w\u00fcnschen wir uns, dass er in der \u201ePolitpension\u201c vehement f\u00fcr die langversprochene Adaptierung der SP\u00d6\u2013Parteizentrale eintritt, damit endlich auch Rollstuhlfahrer_innen barrierefrei in die SP-Zentrale rollen k\u00f6nnen. Im Wiener Rathaus k\u00f6nnte noch immer kein \u201eRollender B\u00fcrgermeister\u201c amtieren. Auch daf\u00fcr sollte sich H\u00e4upl einsetzen, damit Diskriminierungen dieser Art endlich ein Ende haben.<\/p>\n<p><strong>Ludwig oder Schieder?<\/strong><br \/>\nKnapp vor der Landtagswahl in Nieder\u00f6sterreich, am 28. J\u00e4nner, erfolgt auf einen\u00a0Sonderparteitag der Wiener SP\u00d6 am 27. J\u00e4nner 2018, die Wahl des neuen Wiener Parteichefs. Der Historiker und \u201eNeubau (7. Bez.) &#8211; Floridsdorfer (21. Bez.)\u201c <a href=\"https:\/\/de.wikipedia.org\/wiki\/Michael_Ludwig_(Politiker)\" target=\"_blank\" rel=\"noopener noreferrer\">Michael Ludwig<\/a> wird gegen\u00fcber <a href=\"https:\/\/www.andreas-schieder.wien\/\" target=\"_blank\" rel=\"noopener noreferrer\">Andreas\u00a0Schieder<\/a>, Bundesgesch\u00e4ftsf\u00fchrer der Bundes-SP\u00d6 und Lebensgef\u00e4hrte von Ex- Sozial- u. Gesundheitsstadtr\u00e4tin <a href=\"https:\/\/de.wikipedia.org\/wiki\/Sonja_Wehsely\" target=\"_blank\" rel=\"noopener noreferrer\">Sonja Wehsely<\/a>, favorisiert. Nachdem sich nun auch die Gewerkschaft f\u00fcr Ludwig entschieden hat, wird Ludwig h\u00f6chstwahrscheinlich neuer B\u00fcrgermeister und Wiener SP-Chef.<\/p>\n<p><strong>Barrierefreiheit neu definieren &#8211; vorausschauend bauen &#8211; barrierefrei denken<\/strong><br \/>\nFalls Ludwig tats\u00e4chlich Wiener SP-Chef und Landeshauptmann wird, sollte er die Zielvorgabe f\u00fcr Barrierefreiheit neu definieren und bessere Qualit\u00e4tsstandards f\u00fcr nachhaltiges Bauen geschaffen werden. Selbst B\u00fcrgermeister H\u00e4upl war die Fristvorgabe f\u00fcr ein \u201eBarrierefreies Wien\u201c (Amtsgeb\u00e4ude, Behinderten WC\u2013Anlagen, Kinderg\u00e4rten, Schulen etc.) bis 2042 zu lange.<br \/>\nBarrierefreiheit ist eines der wichtigsten Anliegen f\u00fcr eine moderne Stadterneuerung. Die Glas-Hochhauspolitik (immer h\u00f6her \u2013 mehr B\u00fcros \u2013 mehr Wohnungen auf weniger Fl\u00e4che) muss wieder gestoppt werden. Leistbares Wohnen sollte nicht nur ein \u201eSlogan\u201c (Schlagwort) sein.<br \/>\nDer k\u00fcnftige B\u00fcrgermeister kann sicherlich \u00fcberzeugt werden, damit auch die Sitzungss\u00e4le im Wiener Rathaus adaptiert und barrierefrei umgebaut werden, damit auch kompetente &#8222;Rollende Gemeinder\u00e4te\u201c mitgestalten k\u00f6nnen.<br \/>\nIch bin zuversichtlich, dass unter Ludwig der von der SP\u00d6 versprochene zweite U-Bahn-Aufzug am Stephansplatz nun endlich gebaut wird.<\/p>\n<p>Eine politische Bewegung, die sich vehement gegen die Diskriminierung und Benachteiligung von Minderheiten einsetzt, sollte auch ihre Parteizentrale f\u00fcr mobilit\u00e4tseingeschr\u00e4nkte Personen und Rollstuhlnutzer zug\u00e4nglich machen.<br \/>\nAuch die SP-Zentrale in der L\u00f6welstra\u00dfe muss endlich, wie seit Jahrzehnten versprochen, barrierefrei umgebaut werden.<\/p>\n","protected":false},"excerpt":{"rendered":"<p>Text Pepo Meia (Kommentar) Nachdem die Gewerkschaft Dr. Michael Ludwig unterst\u00fctzt, d\u00fcrfte es fix sein \u2013 die Weichen f\u00fcr den neuen B\u00fcrgermeister sind gestellt. Werden die Zielvorgaben f\u00fcr Barrierefreiheit in Wien neu definiert? Zentralisierung von Wiener Wohnen unter Ludwig Unter Stadtrat Ludwig wurde 2015 die Zentralisierung von Stadt Wien-Wiener Wohnen abgeschlossen. Die vermutlich gr\u00f6\u00dfte Hausverwaltung&#8230; <a href=\"https:\/\/bmin.info\/WP\/2018\/01\/12\/wohnbaustadtrat-dr-michael-ludwig-wird-wiens-wird-neuer-buergermeister\/\" class=\"more-link\">Continue reading <span class=\"screen-reader-text\">Wohnbaustadtrat Dr. Michael Ludwig wird Wiens neuer B\u00fcrgermeister<\/span><\/a><\/p>\n","protected":false},"author":3,"featured_media":0,"comment_status":"closed","ping_status":"closed","sticky":false,"template":"","format":"standard","meta":{"footnotes":""},"categories":[3],"tags":[],"class_list":["post-4862","post","type-post","status-publish","format-standard","hentry","category-info"],"_links":{"self":[{"href":"https:\/\/bmin.info\/WP\/wp-json\/wp\/v2\/posts\/4862","targetHints":{"allow":["GET"]}}],"collection":[{"href":"https:\/\/bmin.info\/WP\/wp-json\/wp\/v2\/posts"}],"about":[{"href":"https:\/\/bmin.info\/WP\/wp-json\/wp\/v2\/types\/post"}],"author":[{"embeddable":true,"href":"https:\/\/bmin.info\/WP\/wp-json\/wp\/v2\/users\/3"}],"replies":[{"embeddable":true,"href":"https:\/\/bmin.info\/WP\/wp-json\/wp\/v2\/comments?post=4862"}],"version-history":[{"count":34,"href":"https:\/\/bmin.info\/WP\/wp-json\/wp\/v2\/posts\/4862\/revisions"}],"predecessor-version":[{"id":4946,"href":"https:\/\/bmin.info\/WP\/wp-json\/wp\/v2\/posts\/4862\/revisions\/4946"}],"wp:attachment":[{"href":"https:\/\/bmin.info\/WP\/wp-json\/wp\/v2\/media?parent=4862"}],"wp:term":[{"taxonomy":"category","embeddable":true,"href":"https:\/\/bmin.info\/WP\/wp-json\/wp\/v2\/categories?post=4862"},{"taxonomy":"post_tag","embeddable":true,"href":"https:\/\/bmin.info\/WP\/wp-json\/wp\/v2\/tags?post=4862"}],"curies":[{"name":"wp","href":"https:\/\/api.w.org\/{rel}","templated":true}]}}