{"id":4868,"date":"2018-01-15T10:18:33","date_gmt":"2018-01-15T09:18:33","guid":{"rendered":"http:\/\/bmin.info\/WP\/?p=4868"},"modified":"2018-01-15T10:30:42","modified_gmt":"2018-01-15T09:30:42","slug":"heimopferrentengesetz-behindertenanwalt-hansjoerg-hofer-stellt-benachteiligung-von-menschen-mit-behinderung-fest","status":"publish","type":"post","link":"https:\/\/bmin.info\/WP\/2018\/01\/15\/heimopferrentengesetz-behindertenanwalt-hansjoerg-hofer-stellt-benachteiligung-von-menschen-mit-behinderung-fest\/","title":{"rendered":"Heimopferrentengesetz: Behindertenanwalt Hansj\u00f6rg Hofer stellt Benachteiligung von Menschen mit Behinderung fest"},"content":{"rendered":"<p>Text: Bundesbehindertenanwaltschaft<br \/>\nWien (OTS) &#8211; Mit 1. Juli 2017 ist das Heimopferrentengesetz in Kraft getreten. Mit diesem Gesetz erfahren Menschen, die in Heimen oder in Pflegefamilien Gewalt erlitten haben, endlich eine bundesgesetzliche Anerkennung und haben Anspruch auf eine monatliche Rente von derzeit 306,60 Euro netto. F\u00fcr noch nicht gekl\u00e4rte F\u00e4lle ist bei der Volksanwaltschaft eine weisungsfreie Rentenkommission eingerichtet, der unter anderem auch der Behindertenanwalt Hansj\u00f6rg Hofer angeh\u00f6rt.<\/p>\n<p>Auf der Basis der bisherigen Erfahrungen ist in Bezug auf Menschen mit Behinderung Folgendes festzustellen:<br \/>\nHeimopferrenten k\u00f6nnen Personen nur erhalten, wenn sie eine Eigenpension beziehen oder das Regelpensionsalter (60 Jahre f\u00fcr Frauen, 65 Jahre f\u00fcr M\u00e4nner) erreicht haben. Unter einer Eigenpension ist zum Beispiel eine Alterspension, aber auch eine Invalidit\u00e4tspension zu verstehen. Beziehern und Bezieherinnen einer Eigenpension sind Menschen gleichgestellt, die wegen einer festgestellten Arbeitsunf\u00e4higkeit eine Mindestsicherung als Dauerleistung erhalten.<\/p>\n<p>Menschen mit einer schweren Behinderung, die am allgemeinen Arbeitsmarkt keiner Besch\u00e4ftigung nachgehen k\u00f6nnen, erhalten keine Eigenpension, da sie keine Versicherungszeiten erwerben konnten. Diese Menschen beziehen in vielen F\u00e4llen eine Waisenpension, diese ist aber keine Eigenpension und erf\u00fcllt daher die Anspruchsvoraussetzungen f\u00fcr die Heimopferrente nicht. Wird keine Leistung der Mindestsicherung bezogen, m\u00fcssen gerade schwer behinderte Menschen auf den Eintritt des Regelpensionsalters warten, bis die Heimopferrente geb\u00fchrt.<\/p>\n<p>Wurde also ein m\u00e4nnliches Kind in den 80er-Jahren des vorigen Jahrhunderts in einem staatlichen oder kirchlichen Heim schwer misshandelt und war sp\u00e4ter m\u00f6glicherweise sogar deshalb nicht in der Lage eine Arbeit anzunehmen, bezieht aber eine Waisenpension samt Ausgleichszulage, so kann nach der derzeitigen Rechtslage eine Heimopferrente erst mit Erreichen des 65. Lebensjahres gew\u00e4hrt werden. Unter der Annahme einer Geburt im Jahr 1978 m\u00fcsste der Mensch mit Behinderung noch 25 Jahre warten, bis die Heimopferrente zum ersten Mal ausgezahlt werden k\u00f6nnte.<\/p>\n<p>Damit werden Menschen, die ohnehin nach wie vor mit allt\u00e4glichen Diskriminierungen konfrontiert sind, auch im Zusammenhang mit einer wenngleich eher symbolischen, so doch sehr bedeutsamen Leistung noch einmal benachteiligt. Das Heimopferrentengesetz muss in diesem Punkt so rasch wie m\u00f6glich ge\u00e4ndert werden, um Menschen mit Behinderung gleich zu behandeln wie andere Gewaltopfer. \u201eEs handelt sich zwar um wenige F\u00e4lle, eine derart krasse Schlechterstellung von Menschen mit Behinderung muss aber schleunigst behoben werden\u201c, fordert Behindertenanwalt Hofer.<\/p>\n<p>Artikel zum Thema:<br \/>\n<a href=\"https:\/\/volksanwaltschaft.gv.at\/artikel\/Heimopferrente-Bilanz-und-Reformbedarf?topic_type=aktuelles&amp;archiv=0\" target=\"_blank\" rel=\"noopener\"><strong>Heimopfernrente: Bilanz und Reformbedarf<\/strong><span style=\"display: inline-block; width: 0px; overflow-x: hidden; overflow-y: hidden; line-height: 0; \" data-mce-type=\"bookmark\" class=\"mce_SELRES_start\">\ufeff<\/span><\/a><br \/>\nVolksanw\u00e4lte: \u201eOpfer aus Spit\u00e4lern und privaten Einrichtungen sowie junge Menschen mit Behinderungen m\u00fcssen unbedingt miteinbezogen werden!\u201c<\/p>\n","protected":false},"excerpt":{"rendered":"<p>Text: Bundesbehindertenanwaltschaft Wien (OTS) &#8211; Mit 1. Juli 2017 ist das Heimopferrentengesetz in Kraft getreten. Mit diesem Gesetz erfahren Menschen, die in Heimen oder in Pflegefamilien Gewalt erlitten haben, endlich eine bundesgesetzliche Anerkennung und haben Anspruch auf eine monatliche Rente von derzeit 306,60 Euro netto. F\u00fcr noch nicht gekl\u00e4rte F\u00e4lle ist bei der Volksanwaltschaft eine&#8230; <a href=\"https:\/\/bmin.info\/WP\/2018\/01\/15\/heimopferrentengesetz-behindertenanwalt-hansjoerg-hofer-stellt-benachteiligung-von-menschen-mit-behinderung-fest\/\" class=\"more-link\">Continue reading <span class=\"screen-reader-text\">Heimopferrentengesetz: Behindertenanwalt Hansj\u00f6rg Hofer stellt Benachteiligung von Menschen mit Behinderung fest<\/span><\/a><\/p>\n","protected":false},"author":3,"featured_media":0,"comment_status":"closed","ping_status":"closed","sticky":false,"template":"","format":"standard","meta":{"footnotes":""},"categories":[3],"tags":[],"class_list":["post-4868","post","type-post","status-publish","format-standard","hentry","category-info"],"_links":{"self":[{"href":"https:\/\/bmin.info\/WP\/wp-json\/wp\/v2\/posts\/4868","targetHints":{"allow":["GET"]}}],"collection":[{"href":"https:\/\/bmin.info\/WP\/wp-json\/wp\/v2\/posts"}],"about":[{"href":"https:\/\/bmin.info\/WP\/wp-json\/wp\/v2\/types\/post"}],"author":[{"embeddable":true,"href":"https:\/\/bmin.info\/WP\/wp-json\/wp\/v2\/users\/3"}],"replies":[{"embeddable":true,"href":"https:\/\/bmin.info\/WP\/wp-json\/wp\/v2\/comments?post=4868"}],"version-history":[{"count":5,"href":"https:\/\/bmin.info\/WP\/wp-json\/wp\/v2\/posts\/4868\/revisions"}],"predecessor-version":[{"id":4903,"href":"https:\/\/bmin.info\/WP\/wp-json\/wp\/v2\/posts\/4868\/revisions\/4903"}],"wp:attachment":[{"href":"https:\/\/bmin.info\/WP\/wp-json\/wp\/v2\/media?parent=4868"}],"wp:term":[{"taxonomy":"category","embeddable":true,"href":"https:\/\/bmin.info\/WP\/wp-json\/wp\/v2\/categories?post=4868"},{"taxonomy":"post_tag","embeddable":true,"href":"https:\/\/bmin.info\/WP\/wp-json\/wp\/v2\/tags?post=4868"}],"curies":[{"name":"wp","href":"https:\/\/api.w.org\/{rel}","templated":true}]}}