{"id":488,"date":"2016-03-12T10:06:08","date_gmt":"2016-03-12T09:06:08","guid":{"rendered":"http:\/\/bmin.info\/WP\/?p=488"},"modified":"2016-03-12T12:02:36","modified_gmt":"2016-03-12T11:02:36","slug":"barrierefreiheit-bekommt-qualitaet","status":"publish","type":"post","link":"https:\/\/bmin.info\/WP\/2016\/03\/12\/barrierefreiheit-bekommt-qualitaet\/","title":{"rendered":"Barrierefreiheit bekommt Qualit\u00e4t"},"content":{"rendered":"<p><b>\u00d6sterreichische Behindertenorganisationen erarbeiten ein Zertifizierungssystem zur Steigerung von Barrierefreiheit<br \/>\n<\/b>Text: \u00d6ZIV<br \/>\nDas Bundes-Behindertengleichstellungsgesetz ist mit 1.1.2016 f\u00fcr die Privatwirtschaft in vollem Umfang in Kraft getreten. Sp\u00e4testens ab diesem Zeitpunkt sollten alle \u00f6ffentlich zug\u00e4nglichen Geb\u00e4ude und Angebote barrierefrei, das hei\u00dft in der allgemein \u00fcblichen Weise und grunds\u00e4tzlich ohne fremde Hilfe von allen Menschen benutzbar sein.<\/p>\n<p>Das Ziel ist klar, aber der Weg noch weit. Um diese Forderung nachhaltig zu unterst\u00fctzen, verlangt es nach standardisierten Prozessen und einheitlichen Qualit\u00e4tskriterien. \u00d6sterreichische Behindertenorganisationen befassen sich nun im Rahmen eines vom Sozialministerium gef\u00f6rderten Programmes des \u00d6ZIV mit der Ausarbeitung eines Zertifizierungssystems zur nachhaltigen Steigerung von Barrierefreiheit.<\/p>\n<figure id=\"attachment_508\" aria-describedby=\"caption-attachment-508\" style=\"width: 348px\" class=\"wp-caption aligncenter\"><a href=\"https:\/\/bmin.info\/WP\/wp-content\/uploads\/2016\/03\/WCInfo2005OEAR.jpg\" rel=\"attachment wp-att-508\"><img loading=\"lazy\" decoding=\"async\" class=\"wp-image-508 \" src=\"https:\/\/bmin.info\/WP\/wp-content\/uploads\/2016\/03\/WCInfo2005OEAR-293x300.jpg\" alt=\"WCInfo2005OEAR\" width=\"348\" height=\"355\" srcset=\"https:\/\/bmin.info\/WP\/wp-content\/uploads\/2016\/03\/WCInfo2005OEAR-293x300.jpg 293w, https:\/\/bmin.info\/WP\/wp-content\/uploads\/2016\/03\/WCInfo2005OEAR-140x144.jpg 140w\" sizes=\"auto, (max-width: 348px) 100vw, 348px\" \/><\/a><figcaption id=\"caption-attachment-508\" class=\"wp-caption-text\">Raumansicht einer barrierefrei benutzbaren Toilettanlage in Mindestgr\u00f6\u00dfe<\/figcaption><\/figure>\n<p>Das Zertifizierungssystem wendet sich an die Wirtschaft sowie \u00f6ffentliche Einrichtungen und soll den Grad von Barrierefreiheit nach standardisierten Qualit\u00e4tsmerkmalen reflektieren. Der Kriterienkatalog zur Beurteilung der Barrierefreiheit umfasst alle Unternehmensbereiche wie Firmenphilosophie und Strategie, Management, Mitarbeiter, Kommunikation, rechtliche Aspekte und Infrastruktur. Barrierefreiheit soll damit Einzug ins Qualit\u00e4tsmanagement finden und mit Erstellung eines Zertifikats entsprechend nach au\u00dfen sichtbar gemacht werden. Die mitarbeitenden Organisationen sind zuversichtlich, dass sich damit nicht nur die Barrierefreiheit, sondern generell auch die Qualit\u00e4t der Betriebe und \u00f6ffentlichen Einrichtungen steigern wird. Die Zertifikatsansuchenden werden im Zertifizierungsprozess von einer Interessenvertretung von Menschen mit Behinderungen begleitet und bei der Ausarbeitung eines Ma\u00dfnahmenkataloges unterst\u00fctzt. Das Zertifikat belegt den Durchdringungsgrad der Barrierefreiheit im Unternehmen und erfordert, dass die definierten Ma\u00dfnahmen und Standards kontinuierlich umgesetzt, gepflegt und \u00fcberwacht werden.<\/p>\n<p>Die Ausarbeitung des Zertifizierungssystems soll bis Ende 2016 abgeschlossen sein. Bis zu diesem Zeitpunkt soll die Unterst\u00fctzung anderer Regierungsressorts gewonnen werden, um die geb\u00fchrende Beachtung und das entsprechende politische Gewicht zu gewinnen. Folgende Organisationen wirken am Zertifizierungsprogramm mit: \u2028Behindertenanwaltschaft, BIZEPS, Hilfsgemeinschaft der Blinden und Sehschwachen \u00d6sterreichs, \u00d6GB, \u00d6GLB, \u00d6SB &#8211; \u00d6sterreichischer Schwerh\u00f6rigenbund Dachverband, \u00d6AR und \u00d6ZIV.<\/p>\n<p>\u00d6ffentliche WC-Anlagen<a href=\"https:\/\/de.wikipedia.org\/wiki\/\u00d6sterreichische_Arbeitsgemeinschaft_f\u00fcr_Rehabilitation\" target=\"_blank\"> \u00d6AR<\/a>\u00a0&#8211; Informationsblatt &#8222;<a href=\"http:\/\/www.oear.or.at\/barrierefrei-gestalten\/barrierefrei-planen-und-bauen\/informationsblatter\/informationsblatter-des-netzwerkes\/Infoblatt_1%20-%202005-5.pdf\" target=\"_blank\">\u00d6ffentlichen WC-Anlagen<\/a>&#8220;<\/p>\n<p><a href=\"http:\/\/www.hindernisfrei-bauen.ch\/\" target=\"_blank\">Schweizer Fachstelle f\u00fcr behindertengerechtes Bauen<\/a> &#8211; Behindertengerechte WC-Anlagen &#8211; <a href=\"http:\/\/www.hindernisfrei-bauen.ch\/beitrag\/29_PDF_WC_Fragen.pdf\" target=\"_blank\">Antworten auf die 11 h\u00e4ufigsten Fragen<\/a><\/p>\n<p><strong><a href=\"http:\/\/www.ots.at\/presseaussendung\/OTS_20160226_OTS0043\/barrierefreies-planen-und-bauen-neue-informationsblaetter-als-orientierungshilfe\" target=\"_blank\">Barrierefreies Planen und Bauen: Neue Informationsbl\u00e4tter als Orientierungshilfe<\/a><\/strong>\u00a0&#8211;\u00a0<em>WK\u00d6-Bundessparten Tourismus und Handel, BMWFW und Beratungsstellen f\u00fcr barrierefreies Planen und Bauen pr\u00e4sentieren praxistaugliches Planungsinstrument<\/em><\/p>\n<p>Die Technischen Informationsbl\u00e4tter stehen zum kostenlosen Download auf folgenden Seiten zur Verf\u00fcgung:\u00a0<a href=\"https:\/\/www.wko.at\/Content.Node\/branchen\/oe\/Arbeitsrecht-und-Kollektivvertrag\/Barrierefreiheit-im-Handel.html\" target=\"_blank\">wko.at\/Barrierefreiheit-Handel<\/a>,\u00a0<a href=\"https:\/\/www.wko.at\/Content.Node\/branchen\/oe\/Barrierefreiheit-Tourismus-Freizeitwirtschaft.html\" target=\"_blank\">wko.at\/Barrierefreiheit-Tourismus<\/a>,\u00a0<a href=\"http:\/\/www.blickbestimmung.at\/netzwerk\/\" target=\"_blank\">www.barrierefrei.co<\/a>;<\/p>\n<p>Bestellungen sind auch \u00fcber die Tourismus-Servicestelle des BMWFW m\u00f6glich: <a href=\"mailto:barrierefreiesreisen@bmwfw.gv.at\" target=\"_blank\">barrierefreiesreisen@bmwfw.gv.at<\/a>\u00a0&#8211;\u00a0Tel.: 01 \/ 71100-5597 &#8211;\u00a0(PWK125\/ES)<\/p>\n","protected":false},"excerpt":{"rendered":"<p>\u00d6sterreichische Behindertenorganisationen erarbeiten ein Zertifizierungssystem zur Steigerung von Barrierefreiheit Text: \u00d6ZIV Das Bundes-Behindertengleichstellungsgesetz ist mit 1.1.2016 f\u00fcr die Privatwirtschaft in vollem Umfang in Kraft getreten. Sp\u00e4testens ab diesem Zeitpunkt sollten alle \u00f6ffentlich zug\u00e4nglichen Geb\u00e4ude und Angebote barrierefrei, das hei\u00dft in der allgemein \u00fcblichen Weise und grunds\u00e4tzlich ohne fremde Hilfe von allen Menschen benutzbar sein. Das&#8230; <a href=\"https:\/\/bmin.info\/WP\/2016\/03\/12\/barrierefreiheit-bekommt-qualitaet\/\" class=\"more-link\">Continue reading <span class=\"screen-reader-text\">Barrierefreiheit bekommt Qualit\u00e4t<\/span><\/a><\/p>\n","protected":false},"author":3,"featured_media":0,"comment_status":"closed","ping_status":"closed","sticky":false,"template":"","format":"standard","meta":{"footnotes":""},"categories":[3],"tags":[],"class_list":["post-488","post","type-post","status-publish","format-standard","hentry","category-info"],"_links":{"self":[{"href":"https:\/\/bmin.info\/WP\/wp-json\/wp\/v2\/posts\/488","targetHints":{"allow":["GET"]}}],"collection":[{"href":"https:\/\/bmin.info\/WP\/wp-json\/wp\/v2\/posts"}],"about":[{"href":"https:\/\/bmin.info\/WP\/wp-json\/wp\/v2\/types\/post"}],"author":[{"embeddable":true,"href":"https:\/\/bmin.info\/WP\/wp-json\/wp\/v2\/users\/3"}],"replies":[{"embeddable":true,"href":"https:\/\/bmin.info\/WP\/wp-json\/wp\/v2\/comments?post=488"}],"version-history":[{"count":10,"href":"https:\/\/bmin.info\/WP\/wp-json\/wp\/v2\/posts\/488\/revisions"}],"predecessor-version":[{"id":513,"href":"https:\/\/bmin.info\/WP\/wp-json\/wp\/v2\/posts\/488\/revisions\/513"}],"wp:attachment":[{"href":"https:\/\/bmin.info\/WP\/wp-json\/wp\/v2\/media?parent=488"}],"wp:term":[{"taxonomy":"category","embeddable":true,"href":"https:\/\/bmin.info\/WP\/wp-json\/wp\/v2\/categories?post=488"},{"taxonomy":"post_tag","embeddable":true,"href":"https:\/\/bmin.info\/WP\/wp-json\/wp\/v2\/tags?post=488"}],"curies":[{"name":"wp","href":"https:\/\/api.w.org\/{rel}","templated":true}]}}