{"id":4936,"date":"2018-01-30T11:57:20","date_gmt":"2018-01-30T10:57:20","guid":{"rendered":"http:\/\/bmin.info\/WP\/?p=4936"},"modified":"2018-02-02T09:43:48","modified_gmt":"2018-02-02T08:43:48","slug":"noe-wahl-oevp-verteidigt-absolute-mehrheit","status":"publish","type":"post","link":"https:\/\/bmin.info\/WP\/2018\/01\/30\/noe-wahl-oevp-verteidigt-absolute-mehrheit\/","title":{"rendered":"N\u00d6-Wahl: \u00d6VP verteidigt absolute Mehrheit"},"content":{"rendered":"<p>Text: Pepo Meia, David Herrmann<br \/>\nLandeshauptfrau Mikl-Leitner h\u00e4lt trotz geringer Verluste die Absolute, FP\u00d6 bleibt trotz Zugewinnen hinter den Erwartungen, die SP\u00d6 bleibt weiterhin zweitst\u00e4rkste Kraft. GR\u00dcNE und NEOS im Landtag. Nieder\u00f6sterreich ist weiterhin das einzige Bundesland welches mit absoluter Mehrheit regiert wird.<\/p>\n<p><strong>Vorl\u00e4ufiges Endergebnis inkl. Briefwahl<\/strong><br \/>\nDie nieder\u00f6sterreichische Landtagswahl ist geschlagen. <a href=\"http:\/\/www.noe.gv.at\/noe\/Landesregierung\/Mag_Johanna_Mikl_Leitner.html\" target=\"_blank\" rel=\"noopener\">Johanna Mikl-Leitner<\/a> verteidigt die absolute Mehrheit. Die Landeshauptfrau, die 2017 die Nachfolge von Erwin Pr\u00f6ll angetreten hat, erreicht mit der \u00d6VP 49,54 Prozent der Stimmen.<br \/>\nDie SP\u00d6 mit Spitzenkandidat <a href=\"http:\/\/noe.spoe.at\/person\/franz-schnabl-0\" target=\"_blank\" rel=\"noopener\">Franz Schnabl<\/a> kommt auf 23,92 Prozent und legt leicht zu.<br \/>\nDie FP\u00d6 unter dem umstrittenen Spitzenkandidat <a href=\"https:\/\/de.wikipedia.org\/wiki\/Udo_Landbauer\" target=\"_blank\" rel=\"noopener\">Udo Landbauer<\/a> erreicht diesmal 14,75 Prozent &#8211; das ist ein Plus von 6,5 Prozent im Vergleich zu den Wahlen 2013.<br \/>\nDie GR\u00dcNEN mit <a href=\"http:\/\/www.landtag-noe.at\/personen-ausschuesse\/aktuelle-abgeordnete-ausschuesse\/detailansicht\/abgeordneter\/Helga-Krismer-Huber\/MzY=\/A\" target=\"_blank\" rel=\"noopener\">Helga Krismer-Huber<\/a> ziehen mit 6,42 Prozent wieder in den Landtag ein und zeigen sich nach der desastr\u00f6sen Nationalratswahl erleichtert.<br \/>\nDie NEOS, die erstmals in Nieder\u00f6sterreich antreten, schaffen unter <a href=\"https:\/\/www.meineabgeordneten.at\/Abgeordnete\/indra.collini\" target=\"_blank\" rel=\"noopener\">Indra Collini<\/a> mit 5,15 Prozent ebenfalls den Einzug. NEOS ist damit zum dritten Mal in einem Landtag vertreten, nach Vorarlberg (2014) und Wien (2015).<br \/>\nDas Team Stronach (<a href=\"http:\/\/www.noen.at\/niederoesterreich\/politik\/noe-wahl-2018-mitglieder-der-frank-fraktion-kandidieren-nicht\/71.566.587\" target=\"_blank\" rel=\"noopener\">Liste FRANK<\/a>), das bei den Wahlen 2013 noch 9,8 Prozent der W\u00e4hlerstimmen erhalten hat, ist nicht mehr angetreten.<\/p>\n<p><strong>Proporz auf Landesebene noch zeitgem\u00e4\u00df?<\/strong><br \/>\nAn Regierungssitzen h\u00e4lt die \u00d6VP wie bisher sechs Landesr\u00e4te, die SP\u00d6 bleibt bei zwei. Der neunte Sitz geht an die FP\u00d6 (bisher Team Stronach).<br \/>\nKurier-Artikel (21.04.2013): <a href=\"https:\/\/kurier.at\/chronik\/niederoesterreich\/experte-peter-filzmaier-zu-niederoesterreichs-proporz-entscheidung-polit-kuriosum-statt-systemwandel\/9.871.900\" target=\"_blank\" rel=\"noopener\">Filzmaier &#8211; Polit-Kuriosum statt Systemwandel<\/a><\/p>\n<p><strong>Das Interesse an der Wahl<\/strong> war \u00fcberschaubar. Lediglich 66,47 Prozent der Wahlbeteiligten nahmen an der Abstimmung teil. Das sind um 4,40 Prozent weniger als noch vor f\u00fcnf Jahren.<\/p>\n<p>Die in Klosterneuburg lebende Landeshauptfrau Mikl-Leitner f\u00e4hrt damit das aktuell beste Ergebnisse unter den Landeshauptleuten (Wallner \u00d6VP-Vorarlberg: 42 Prozent, Niessl SP\u00d6-Burgenland: 42 Prozent) ein. Sie hatte die Absolute nicht als Wahlziel genannt. F\u00fcr viele Beobachter war ihr Triumph \u00fcberraschend.<\/p>\n<p>Der Quereinsteiger Franz Schnabl kann das historisch schlechteste Ergebnis der SP\u00d6 Nieder\u00f6sterreich verhindern. Die Sozialdemokraten setzten auf einen ungew\u00f6hnliche, humorvolle Plakate und sahen sich als soziale Gegenposition zur Volkspartei. Erstmals nach 15 Jahren gab es f\u00fcr die SP\u00d6 somit wieder einen Zuwachs im gr\u00f6\u00dften Bundesland.<\/p>\n<p>Die FP\u00d6 fuhr den gr\u00f6\u00dften Gewinn bei der Wahl ein. Das beste Ergebnis aller Zeiten in Nieder\u00f6sterreich (16,08 Prozent 1998) wurde allerdings klar verfehlt. Udo Landbauer war der umstrittenste Kandidat dieser Wahl. Das <a href=\"https:\/\/www.falter.at\/archiv\/wp\/wir-schaffen-die-siebte-million\" target=\"_blank\" rel=\"noopener\">NS-Liederbuch seiner Burschenschaft Germania Wiener Neustadt<\/a> sorgte im Vorfeld f\u00fcr Diskussion. Etliche Politiker, unter anderem Bundespr\u00e4sident Alexander Van der Bellen legten dem 31-J\u00e4hrigen den R\u00fccktritt nahe. Auch Landeshauptfrau Mikl-Leitner schlie\u00dft eine Zusammenarbeit mit Landbauer aus.<\/p>\n<p>Die GR\u00dcNEN erleben nach dem Desaster auf Bundesebene bei den Nationalratswahlen 2018 eine Art Wiederauferstehung. Helga Krismer-Huber will in der kommenden Legislaturperiode vor allem auf Umweltthemen setzen.<\/p>\n<p>Die NEOS schaffen auf Anhieb den Einzug in den nieder\u00f6sterreichischen Landtag. Indra Collini m\u00f6chte vor allem die Kontrollfunktion wahren.<\/p>\n<p><strong>&#8222;Entwicklungsland Nieder\u00f6sterreich&#8220;<\/strong><br \/>\nBez\u00fcglich Barrierefreiheit, aber auch viele Themen, die Menschen mit Behinderungen betreffen, z\u00e4hlt Nieder\u00f6sterreich leider noch immer zu den Entwicklungsl\u00e4ndern. Nicht nur die Oppositionsparteien sind gut beraten, mehr Augenmerk auf diese immer st\u00e4rker wachsende Bev\u00f6lkerungsgruppe zu legen. Das fl\u00e4chengr\u00f6\u00dfte Bundesland hat auch mit Abwanderung zu k\u00e4mpfen.<br \/>\nBarrierefreiheit kommt allen zu Gute und bedeutet Teilhabe am gesellschaftlichem Leben und Lebensqualit\u00e4t.<\/p>\n<p>Wir hoffen, dass unter Landeshauptfrau Johanna Mikl-Leitner die Lebensperspektiven behinderter Menschen nicht eingeschr\u00e4nkt, sondern weiter verbessert werden. Das gr\u00f6\u00dfte Bundesland muss auch f\u00fcr Menschen mit Behinderung lebenswert werden.<\/p>\n<p><strong>Anm<\/strong>.: BK Sebastian Kurz vereinbarte mit Innenminister Herbert Kickl die Aufl\u00f6sung der &#8222;Germania-Burschenschaft Wiener Neustadt&#8220; (31.01.2018)<\/p>\n<p><strong>\u00a0Anm<\/strong>.: Udo Landbauer legte am 1.2.2018 alle politischen Funktionen zur\u00fcck und hat seine Parteimitgliedschaft bei der FP\u00d6 ruhend gestellt, nachdem unter anderem Bundespr\u00e4sident Alexander Van der Bellen seinen R\u00fccktritt gefordert hat. Landeshauptfrau Johanna Mikl-Leitner schloss zudem eine Zusammenarbeit mit dem Spitzenkandidat der FP\u00d6-Nieder\u00f6sterreich aus. Nachfolger von Landbauer wird der bisherige FP\u00d6-Clubchef Gottfried Waldh\u00e4usl.<\/p>\n","protected":false},"excerpt":{"rendered":"<p>Text: Pepo Meia, David Herrmann Landeshauptfrau Mikl-Leitner h\u00e4lt trotz geringer Verluste die Absolute, FP\u00d6 bleibt trotz Zugewinnen hinter den Erwartungen, die SP\u00d6 bleibt weiterhin zweitst\u00e4rkste Kraft. GR\u00dcNE und NEOS im Landtag. Nieder\u00f6sterreich ist weiterhin das einzige Bundesland welches mit absoluter Mehrheit regiert wird. Vorl\u00e4ufiges Endergebnis inkl. Briefwahl Die nieder\u00f6sterreichische Landtagswahl ist geschlagen. Johanna Mikl-Leitner verteidigt&#8230; <a href=\"https:\/\/bmin.info\/WP\/2018\/01\/30\/noe-wahl-oevp-verteidigt-absolute-mehrheit\/\" class=\"more-link\">Continue reading <span class=\"screen-reader-text\">N\u00d6-Wahl: \u00d6VP verteidigt absolute Mehrheit<\/span><\/a><\/p>\n","protected":false},"author":3,"featured_media":0,"comment_status":"closed","ping_status":"closed","sticky":false,"template":"","format":"standard","meta":{"footnotes":""},"categories":[3],"tags":[],"class_list":["post-4936","post","type-post","status-publish","format-standard","hentry","category-info"],"_links":{"self":[{"href":"https:\/\/bmin.info\/WP\/wp-json\/wp\/v2\/posts\/4936","targetHints":{"allow":["GET"]}}],"collection":[{"href":"https:\/\/bmin.info\/WP\/wp-json\/wp\/v2\/posts"}],"about":[{"href":"https:\/\/bmin.info\/WP\/wp-json\/wp\/v2\/types\/post"}],"author":[{"embeddable":true,"href":"https:\/\/bmin.info\/WP\/wp-json\/wp\/v2\/users\/3"}],"replies":[{"embeddable":true,"href":"https:\/\/bmin.info\/WP\/wp-json\/wp\/v2\/comments?post=4936"}],"version-history":[{"count":6,"href":"https:\/\/bmin.info\/WP\/wp-json\/wp\/v2\/posts\/4936\/revisions"}],"predecessor-version":[{"id":4955,"href":"https:\/\/bmin.info\/WP\/wp-json\/wp\/v2\/posts\/4936\/revisions\/4955"}],"wp:attachment":[{"href":"https:\/\/bmin.info\/WP\/wp-json\/wp\/v2\/media?parent=4936"}],"wp:term":[{"taxonomy":"category","embeddable":true,"href":"https:\/\/bmin.info\/WP\/wp-json\/wp\/v2\/categories?post=4936"},{"taxonomy":"post_tag","embeddable":true,"href":"https:\/\/bmin.info\/WP\/wp-json\/wp\/v2\/tags?post=4936"}],"curies":[{"name":"wp","href":"https:\/\/api.w.org\/{rel}","templated":true}]}}