{"id":4937,"date":"2018-01-29T16:26:35","date_gmt":"2018-01-29T15:26:35","guid":{"rendered":"http:\/\/bmin.info\/WP\/?p=4937"},"modified":"2018-01-29T17:18:53","modified_gmt":"2018-01-29T16:18:53","slug":"michael-ludwig-ist-neuer-wiener-spoe-chef","status":"publish","type":"post","link":"https:\/\/bmin.info\/WP\/2018\/01\/29\/michael-ludwig-ist-neuer-wiener-spoe-chef\/","title":{"rendered":"Michael Ludwig ist neuer Wiener SP\u00d6-Chef"},"content":{"rendered":"<p>Text: Pepo Meia<br \/>\nDie SP\u00d6-Delegierten haben sich beim au\u00dferordentlichen Landesparteitag f\u00fcr Michael Ludwig entschieden. Der 56-j\u00e4hrige Wohnbaustadtrat ist neuer Landesvorsitzender der Wiener SP\u00d6. Das Amt des B\u00fcrgermeisters wird Michael H\u00e4upl innerhalb der n\u00e4chsten Monate &#8211; vermutlich im Mai &#8211; an Ludwig \u00fcbergeben.<\/p>\n<figure style=\"width: 505px\" class=\"wp-caption aligncenter\"><a href=\"https:\/\/bmin.info\/WP\/wp-content\/uploads\/2018\/01\/Ludfayhaeup.jpg\" target=\"_blank\" rel=\"noopener\"><img loading=\"lazy\" decoding=\"async\" src=\"https:\/\/bmin.info\/WP\/wp-content\/uploads\/2018\/01\/Ludfayhaeup.jpg\" alt=\"\" width=\"505\" height=\"401\" \/><\/a><figcaption class=\"wp-caption-text\">Bessere Zeiten f\u00fcr die SP\u00d6: Ludwig, Faymann, H\u00e4upl (1.Mai 2015)<\/figcaption><\/figure>\n<p><a href=\"https:\/\/de.wikipedia.org\/wiki\/Michael_Ludwig_(Politiker)\">Dr. Michael Ludwig<\/a> konnte sich mit 57 Prozent der Stimmen gegen <a href=\"https:\/\/de.wikipedia.org\/wiki\/Andreas_Schieder\">Mag. Andreas Schieder<\/a> (43 Prozent) durchsetzen. Der popul\u00e4re B\u00fcrgermeister <a href=\"https:\/\/de.wikipedia.org\/wiki\/Michael_H\u00e4upl\">Dr. Michael H\u00e4upl<\/a> soll Ehrenvorsitzender der Partei werden, der nach knapp 25 Jahren als Parteiobmann abtrat. Insgesamt wurden 972 Stimmen abgegeben, davon sieben ung\u00fcltig. 551 entfielen auf Ludwig, 414 auf Schieder.<\/p>\n<p><strong>&#8222;Br\u00fcckenschlag\u201c<\/strong><br \/>\nLudwig hat sich in seiner Rede bei seinen Unterst\u00fctzern bedankt. Auch seinen Kontrahenten Andreas Schieder lobte er f\u00fcr die gute Zusammenarbeit.<br \/>\n\u201eMit dem Landesparteitag seien \u201enoch nicht alle Herausforderungen gemeistert\u201c. Er wolle ab heute einen intensiven Dialog f\u00fchren und sehr bald eine Strategieklausur abhalten, bei der sich die Partei inhaltlich und personell f\u00fcr die Wahl 2020 aufstellen werde. Der neue Chef der SP\u00d6 Wien zeigte sich zuversichtlich, dass es gelingen werde, mit einem \u201eBr\u00fcckenschlag\u201c alle zu verbinden.<br \/>\nEr nannte auch drei Herausforderungen f\u00fcr die Zukunft: \u201eDas Wachstum der Stadt, die Digitalisierung und jene politische Kr\u00e4fte, die das Miteinander in unserer Stadt zerst\u00f6ren wollen: \u201eRechtspopulisten und Neoliberale.\u201c Ludwig sprach sich auch gegen eine Privatisierung von Gemeindebauten aus.<\/p>\n<p><strong>Schieder: \u201eGleiche Chancen, soziale Absicherung f\u00fcr Jeden\u201c<\/strong><br \/>\nAndreas Schieder, gesch\u00e4ftsf\u00fchrender Parlamentsklubobmann in seiner Rede sinngem\u00e4\u00df: Man muss klarmachen, dass in Wien weiterhin jeder \u00fcber dieselben Chancen und gleiche soziale Absicherung verf\u00fcgen soll und dass die SP\u00d6 f\u00fcr Lebensqualit\u00e4t steht.<br \/>\nDie Bedrohung durch den Bund bedeute somit auch eine gro\u00dfe Chance. Eine richtungsweisende Entscheidung mit nicht geringem Einfluss auf die Bundes-SP\u00d6. Denn es werde ein \u201eklares Gegenbild\u201c zu dem erwartet, was auf Bundesebene herrsche.<\/p>\n<p><strong>Zielvorgabe: Vorausschauend bauen, barrierefrei denken<\/strong><br \/>\nBarrierefreiheit ist eines der wichtigsten Anliegen f\u00fcr eine moderne Stadterneuerung. Qualit\u00e4tsstandards f\u00fcr nachhaltiges Bauen m\u00fcssen auch in Wien zum Standard werden. Barrierefreiheit kommt allen zu Gute und bedeutet Teilhabe am gesellschaftlichem Leben und an Lebensqualit\u00e4t.<\/p>\n<p>Wir w\u00fcnschen dem zuk\u00fcnftigen B\u00fcrgermeister Michael Ludwig viel Kraft und Ausdauer, damit die Lebensperspektiven behinderter Menschen nicht eingeschr\u00e4nkt, sondern verbessert werden. Dazu geh\u00f6rt nicht nur ein \u201eBarrierefreies Wien\u201c. Wien muss auch f\u00fcr Menschen mit Behinderung weiterhin eine lebenswerte Stadt bleiben.<\/p>\n<p>Artikel zum Thema:<br \/>\n<a href=\"https:\/\/bmin.info\/WP\/2018\/01\/12\/wohnbaustadtrat-dr-michael-ludwig-wird-wiens-wird-neuer-buergermeister\/\">Wohnbaustadtrat Dr. Michael Ludwig wird Wiens neuer B\u00fcrgermeister<\/a> (BMIN-Info)<br \/>\n<a href=\"http:\/\/wien.orf.at\/news\/stories\/2891896\/\">Michael Ludwig neuer SP\u00d6-Chef<\/a> (wien.orf.at)<\/p>\n","protected":false},"excerpt":{"rendered":"<p>Text: Pepo Meia Die SP\u00d6-Delegierten haben sich beim au\u00dferordentlichen Landesparteitag f\u00fcr Michael Ludwig entschieden. Der 56-j\u00e4hrige Wohnbaustadtrat ist neuer Landesvorsitzender der Wiener SP\u00d6. Das Amt des B\u00fcrgermeisters wird Michael H\u00e4upl innerhalb der n\u00e4chsten Monate &#8211; vermutlich im Mai &#8211; an Ludwig \u00fcbergeben. Dr. Michael Ludwig konnte sich mit 57 Prozent der Stimmen gegen Mag. Andreas&#8230; <a href=\"https:\/\/bmin.info\/WP\/2018\/01\/29\/michael-ludwig-ist-neuer-wiener-spoe-chef\/\" class=\"more-link\">Continue reading <span class=\"screen-reader-text\">Michael Ludwig ist neuer Wiener SP\u00d6-Chef<\/span><\/a><\/p>\n","protected":false},"author":3,"featured_media":0,"comment_status":"closed","ping_status":"closed","sticky":false,"template":"","format":"standard","meta":{"footnotes":""},"categories":[3],"tags":[],"class_list":["post-4937","post","type-post","status-publish","format-standard","hentry","category-info"],"_links":{"self":[{"href":"https:\/\/bmin.info\/WP\/wp-json\/wp\/v2\/posts\/4937","targetHints":{"allow":["GET"]}}],"collection":[{"href":"https:\/\/bmin.info\/WP\/wp-json\/wp\/v2\/posts"}],"about":[{"href":"https:\/\/bmin.info\/WP\/wp-json\/wp\/v2\/types\/post"}],"author":[{"embeddable":true,"href":"https:\/\/bmin.info\/WP\/wp-json\/wp\/v2\/users\/3"}],"replies":[{"embeddable":true,"href":"https:\/\/bmin.info\/WP\/wp-json\/wp\/v2\/comments?post=4937"}],"version-history":[{"count":5,"href":"https:\/\/bmin.info\/WP\/wp-json\/wp\/v2\/posts\/4937\/revisions"}],"predecessor-version":[{"id":4942,"href":"https:\/\/bmin.info\/WP\/wp-json\/wp\/v2\/posts\/4937\/revisions\/4942"}],"wp:attachment":[{"href":"https:\/\/bmin.info\/WP\/wp-json\/wp\/v2\/media?parent=4937"}],"wp:term":[{"taxonomy":"category","embeddable":true,"href":"https:\/\/bmin.info\/WP\/wp-json\/wp\/v2\/categories?post=4937"},{"taxonomy":"post_tag","embeddable":true,"href":"https:\/\/bmin.info\/WP\/wp-json\/wp\/v2\/tags?post=4937"}],"curies":[{"name":"wp","href":"https:\/\/api.w.org\/{rel}","templated":true}]}}