{"id":4998,"date":"2018-02-21T11:47:11","date_gmt":"2018-02-21T10:47:11","guid":{"rendered":"http:\/\/bmin.info\/WP\/?p=4998"},"modified":"2018-04-06T10:57:41","modified_gmt":"2018-04-06T09:57:41","slug":"doeblinger-spoe-parteizentrale-umbaumaengel-ignoriert-haltegriff-beim-behinderten-wc-fehlt-immer-noch","status":"publish","type":"post","link":"https:\/\/bmin.info\/WP\/2018\/02\/21\/doeblinger-spoe-parteizentrale-umbaumaengel-ignoriert-haltegriff-beim-behinderten-wc-fehlt-immer-noch\/","title":{"rendered":"D\u00f6blinger SP\u00d6-Parteizentrale: Umbaum\u00e4ngel ignoriert &#8211; Haltegriff beim Behinderten WC fehlt immer noch"},"content":{"rendered":"<p>Text: Pepo Meia, Niels Cimpa<br \/>\nEine politische Kraft, die sich f\u00fcr Minderheiten einsetzt, sollte ihre Parteizentralen barrierefrei gestalten. Die neue SP\u00d6 Landesparteisekret\u00e4rin von Wien, <a href=\"https:\/\/de.wikipedia.org\/wiki\/Barbara_Novak\">Barbara Novak<\/a> aus Wien-D\u00f6bling \u2013 Parteimanagerin &#8211; (&#8222;die linke Hand\u201c von Michael Ludwig), ist gefordert.<\/p>\n<figure id=\"attachment_331\" aria-describedby=\"caption-attachment-331\" style=\"width: 300px\" class=\"wp-caption aligncenter\"><a href=\"https:\/\/bmin.info\/WP\/wp-content\/uploads\/2016\/02\/SPDoebBWC1.jpg\"><img loading=\"lazy\" decoding=\"async\" class=\"wp-image-331 size-medium\" src=\"https:\/\/bmin.info\/WP\/wp-content\/uploads\/2016\/02\/SPDoebBWC1-300x178.jpg\" alt=\"SP\u00d6 D\u00f6bling - Haltegriff fehlt\" width=\"300\" height=\"178\" \/><\/a><figcaption id=\"caption-attachment-331\" class=\"wp-caption-text\">SP\u00d6 D\u00f6bling &#8211; Haltegriff fehlt<\/figcaption><\/figure>\n<p><strong>Unbrauchbares Behinderten-WC im Koat Nussorf<\/strong><br \/>\nIm Jahre 2012 gab es eine \u00e4hnliche Situation im <a href=\"http:\/\/www.bmin.info\/N-Archiv\/BMIN.achrichten\/Nachrichten\/Eintrage\/2012\/8\/23_Behinderten-WC_ist_unbrauchbar.html\" target=\"_blank\" rel=\"noopener\">Polizei-Koat Nussdorf, wo das Behinderten-WC unbrauchbar war<\/a>. Unter der damaligen Innenministerin Johanna Mikl-Leitner (\u00d6VP) wurden die <a href=\"http:\/\/www.smilerkreativ.at\/bi\/BMINklusiv\/Nachrichten\/Eintrage\/2012\/9\/27_Koat_Nussdorf_Behinderten-WC__Haltegriffe_wurden_montiert.html\" target=\"_blank\" rel=\"noopener\">Haltegriffe innerhalb kurzer Zeit nachger\u00fcstet<\/a>.<\/p>\n<p><strong>Nachr\u00fcstung des Haltegriffes sollte selbstverst\u00e4ndlich sein<\/strong><br \/>\nDie momentane Situation in der SP\u00d6 Parteizentrale in Wien D\u00f6bling ist \u00e4hnlich. Seit 2014 wird von BMIN auf M\u00e4ngel hingewiesen. F\u00fcr die verantwortlichen SP-Bezirkspolitiker sollte es selbstverst\u00e4ndlich sein zu handeln ohne dass eine Regionalzeitung dieses Thema aufgreift.<\/p>\n<p>Artikel zum Thema:<br \/>\n<a href=\"https:\/\/bmin.info\/WP\/2016\/02\/21\/sp-zentrale-doebling-offensichtliche-umbaumaengel-werden-ignoriert\/\" target=\"_blank\" rel=\"noopener\">SP-Zentrale D\u00f6bling: Offensichtliche Umbaum\u00e4ngel werden ignoriert<\/a> (21. Febr. 2016)<br \/>\n<a href=\"http:\/\/www.smilerkreativ.at\/bi\/BMINklusiv\/Nachrichten\/Eintrage\/2014\/9\/8_Doblinger_SPO-Parteizentrale__Wann_Werden_die_Mangel_behoben.html\" target=\"_blank\" rel=\"noopener\">D\u00f6blinger SP\u00d6-Parteizentrale: Wann werden die M\u00e4ngel behoben?<\/a> (8. Sept 2014)<br \/>\n<a href=\"http:\/\/www.smilerkreativ.at\/bi\/BMINklusiv\/Nachrichten\/Eintrage\/2014\/3\/11_Doblinger_SPO_Parteizentrale_nun_auch_fur_%22Rollis%22_zuganglich.html\" target=\"_blank\" rel=\"noopener\">D\u00f6blinger SP\u00d6 Parteizentrale nun auch f\u00fcr &#8222;Rollis&#8220; zug\u00e4nglich<\/a> (11. M\u00e4rz 2014)<br \/>\n<a href=\"http:\/\/www.smilerkreativ.at\/bi\/BMINklusiv\/Nachrichten\/Eintrage\/2013\/6\/17_Doblinger_SPO_Parteizentrale_wird_nun_doch_barrierefrei.html\" target=\"_blank\" rel=\"noopener\">D\u00f6blinger SP\u00d6 Parteizentrale wird nun doch barrierefrei<\/a> (17. Juni 2013)<br \/>\n<a href=\"http:\/\/www.smilerkreativ.at\/bi\/BMINklusiv\/Nachrichten\/Eintrage\/2013\/6\/6_SPO-Dobling__Parteizentrale_wird_umgebaut_-_barrierefrei.html\" target=\"_blank\" rel=\"noopener\">SP\u00d6-D\u00f6bling: Parteizentrale wird umgebaut \u2013 barrierefrei?<\/a> (6. Juni 2012)<\/p>\n<p><a href=\"http:\/\/www.bmin.info\/N-Archiv\/BMIN.achrichten\/Nachrichten\/Eintrage\/2012\/8\/23_Behinderten-WC_ist_unbrauchbar.html\" target=\"_blank\" rel=\"noopener\">Behinderten-WC ist unbrauchbar<\/a> (23. Aug. 2012)<br \/>\n<a href=\"http:\/\/www.smilerkreativ.at\/bi\/BMINklusiv\/Nachrichten\/Eintrage\/2012\/9\/27_Koat_Nussdorf_Behinderten-WC__Haltegriffe_wurden_montiert.html\" target=\"_blank\" rel=\"noopener\">Koat Nussdorf Behinderten-WC: Haltegriffe wurden montiert<\/a> (27.Sept.2012)<\/p>\n","protected":false},"excerpt":{"rendered":"<p>Text: Pepo Meia, Niels Cimpa Eine politische Kraft, die sich f\u00fcr Minderheiten einsetzt, sollte ihre Parteizentralen barrierefrei gestalten. Die neue SP\u00d6 Landesparteisekret\u00e4rin von Wien, Barbara Novak aus Wien-D\u00f6bling \u2013 Parteimanagerin &#8211; (&#8222;die linke Hand\u201c von Michael Ludwig), ist gefordert. Unbrauchbares Behinderten-WC im Koat Nussorf Im Jahre 2012 gab es eine \u00e4hnliche Situation im Polizei-Koat Nussdorf,&#8230; <a href=\"https:\/\/bmin.info\/WP\/2018\/02\/21\/doeblinger-spoe-parteizentrale-umbaumaengel-ignoriert-haltegriff-beim-behinderten-wc-fehlt-immer-noch\/\" class=\"more-link\">Continue reading <span class=\"screen-reader-text\">D\u00f6blinger SP\u00d6-Parteizentrale: Umbaum\u00e4ngel ignoriert &#8211; Haltegriff beim Behinderten WC fehlt immer noch<\/span><\/a><\/p>\n","protected":false},"author":3,"featured_media":0,"comment_status":"closed","ping_status":"closed","sticky":false,"template":"","format":"standard","meta":{"footnotes":""},"categories":[3],"tags":[],"class_list":["post-4998","post","type-post","status-publish","format-standard","hentry","category-info"],"_links":{"self":[{"href":"https:\/\/bmin.info\/WP\/wp-json\/wp\/v2\/posts\/4998","targetHints":{"allow":["GET"]}}],"collection":[{"href":"https:\/\/bmin.info\/WP\/wp-json\/wp\/v2\/posts"}],"about":[{"href":"https:\/\/bmin.info\/WP\/wp-json\/wp\/v2\/types\/post"}],"author":[{"embeddable":true,"href":"https:\/\/bmin.info\/WP\/wp-json\/wp\/v2\/users\/3"}],"replies":[{"embeddable":true,"href":"https:\/\/bmin.info\/WP\/wp-json\/wp\/v2\/comments?post=4998"}],"version-history":[{"count":8,"href":"https:\/\/bmin.info\/WP\/wp-json\/wp\/v2\/posts\/4998\/revisions"}],"predecessor-version":[{"id":5007,"href":"https:\/\/bmin.info\/WP\/wp-json\/wp\/v2\/posts\/4998\/revisions\/5007"}],"wp:attachment":[{"href":"https:\/\/bmin.info\/WP\/wp-json\/wp\/v2\/media?parent=4998"}],"wp:term":[{"taxonomy":"category","embeddable":true,"href":"https:\/\/bmin.info\/WP\/wp-json\/wp\/v2\/categories?post=4998"},{"taxonomy":"post_tag","embeddable":true,"href":"https:\/\/bmin.info\/WP\/wp-json\/wp\/v2\/tags?post=4998"}],"curies":[{"name":"wp","href":"https:\/\/api.w.org\/{rel}","templated":true}]}}