{"id":5040,"date":"2018-03-23T09:25:43","date_gmt":"2018-03-23T08:25:43","guid":{"rendered":"http:\/\/bmin.info\/WP\/?p=5040"},"modified":"2018-04-06T10:48:49","modified_gmt":"2018-04-06T09:48:49","slug":"regierungserklaerung-von-landeshauptfrau-johanna-mikl-leitner-oevp","status":"publish","type":"post","link":"https:\/\/bmin.info\/WP\/2018\/03\/23\/regierungserklaerung-von-landeshauptfrau-johanna-mikl-leitner-oevp\/","title":{"rendered":"Regierungserkl\u00e4rung von Landeshauptfrau Mikl-Leitner"},"content":{"rendered":"<p><strong>K\u00f6nigsberger-Ludwig (SP\u00d6) vom Nationalrat in den Landtag<\/strong><br \/>\nText: Pepo Meia, David Herrmann<br \/>\nDie konstituierende Landtagssitzung fand am 22. M\u00e4rz statt. Die zentralen Themen der Regierungserkl\u00e4rung von <a href=\"http:\/\/www.noe.gv.at\/noe\/Landesregierung\/Mag_Johanna_Mikl_Leitner.html\" target=\"_blank\" rel=\"noopener\">Johanna Mikl-Leitner<\/a> (\u00d6VP) waren Arbeit, Gesundheit, Mobilit\u00e4t und Familie. 53 von 56 Abgeordneten w\u00e4hlten sie erneut zur Landeshauptfrau. Die Volkspartei stellt sechs der neun Regierungsmitglieder, die SP\u00d6 zwei und die FP\u00d6 ist mit <a href=\"https:\/\/diepresse.com\/home\/innenpolitik\/5363165\/Gottfried-Waldhaeusl_Ein-Scharfmacher-fuer-die-Regierung\" target=\"_blank\" rel=\"noopener\">Gottfried Waldh\u00e4usl<\/a> vertreten, der schon \u00f6fter mit polarisierenden Aussagen bzgl. Integration von Asylwerbern aufgefallen ist.<\/p>\n<p><strong>K\u00f6nigsberger-Ludwig vom Nationalrat in den Landtag<\/strong><br \/>\nDie langj\u00e4hrige Behindertensprecherin der SP\u00d6 <a href=\"https:\/\/www.parlament.gv.at\/WWER\/PAD_14841\/index.shtml\" target=\"_blank\" rel=\"noopener\">Ulrike K\u00f6nigsberger-Ludwig<\/a> wechselte vom Nationalrat in den Nieder\u00f6sterreichischen Landtag nach St. P\u00f6lten. Am 12. M\u00e4rz wurde die langj\u00e4hrige Behindertensprecherin im neuen Regierungsteam der Sozialdemokraten pr\u00e4sentiert. Sie ist neben Landeshauptfrau-Stellvertreter <a href=\"http:\/\/www.noe.spoe.at\/person\/franz-schnabl\" target=\"_blank\" rel=\"noopener\">Franz Schnabl<\/a> (SP\u00d6) in der Landesregierung vertreten.<br \/>\nK\u00f6nigsberger-Ludwig war seit 2002 Nationalratsabgeordnete, seit 2011 Vizeb\u00fcrgermeisterin in Amstetten und seit 2014 stellvertretende Landesparteivorsitzende. Das Ressort sei eine gro\u00dfe Aufgabe, sagte die neue Landesr\u00e4tin.<br \/>\nDie 52-j\u00e4hrige Ober\u00f6sterreicherin ist nun f\u00fcr Gesundheit, soziale Verwaltung mit Kinder- und Jugendwohlfahrt, Gleichstellung und Gleichbehandlung sowie Rettungswesen zust\u00e4ndig. Diese Themen seien der SP\u00d6 ein besonderes Anliegen, betonte Landesparteivorsitzender Franz Schnabl.<br \/>\n<a href=\"https:\/\/de.wikipedia.org\/wiki\/Renate_Gruber\" target=\"_blank\" rel=\"noopener\">Renate Gruber<\/a>, die B\u00fcrgermeisterin von Gaming r\u00fcckt f\u00fcr K\u00f6nigsberger-Ludwig in den Nationalrat nach. Wer sozialdemokratischer Behindertensprecher wird, ist noch nicht bekannt.<\/p>\n<p><strong>N\u00d6 Landtagswahl 2018<\/strong><br \/>\nDie <strong>\u00d6VP<\/strong> unter Landeshauptfrau Johanna Mikl-Leitner verfehlte beim nieder\u00f6sterreichischen Urnengang am 28. J\u00e4nner mit 49,6% (-1,1%) nur knapp die absolute Mehrheit der Stimmen, erhielt diese jedoch in Mandaten. Die <strong>SP\u00d6<\/strong> hatte 23,9% (+2,3%) erreicht und leicht zugelegt. Die <strong>FP\u00d6<\/strong> verdoppelte trotz der <a href=\"http:\/\/noe.orf.at\/news\/stories\/2893739\/\" target=\"_blank\" rel=\"noopener\">NS-Liederbuchaff\u00e4re<\/a> ihre Mandate und kam auf 14,8% (+6.6%), hatte sich allerdings zuvor mehr erwartet. Die <strong>GR\u00dcNEN<\/strong> zogen mit 6,4% (-1,6%) mit leichten Verlusten ebenfalls wieder in den Landtag ein, haben allerdings keinen Klubstatus mehr. Auch <strong>NEOS<\/strong> schafften erstmals mit 5,2% den Einzug. Das Team Stronach, kandidierte nicht mehr.<br \/>\n<strong>Die Mandatsverteilung<\/strong>: \u00d6VP: 29 (-1) , SP\u00d6: 13 (+0), FP\u00d6: 8 (+4), GR\u00dcNE: 3 (-1), NEOS: 3 (+3)<\/p>\n","protected":false},"excerpt":{"rendered":"<p>K\u00f6nigsberger-Ludwig (SP\u00d6) vom Nationalrat in den Landtag Text: Pepo Meia, David Herrmann Die konstituierende Landtagssitzung fand am 22. M\u00e4rz statt. Die zentralen Themen der Regierungserkl\u00e4rung von Johanna Mikl-Leitner (\u00d6VP) waren Arbeit, Gesundheit, Mobilit\u00e4t und Familie. 53 von 56 Abgeordneten w\u00e4hlten sie erneut zur Landeshauptfrau. Die Volkspartei stellt sechs der neun Regierungsmitglieder, die SP\u00d6 zwei und&#8230; <a href=\"https:\/\/bmin.info\/WP\/2018\/03\/23\/regierungserklaerung-von-landeshauptfrau-johanna-mikl-leitner-oevp\/\" class=\"more-link\">Continue reading <span class=\"screen-reader-text\">Regierungserkl\u00e4rung von Landeshauptfrau Mikl-Leitner<\/span><\/a><\/p>\n","protected":false},"author":3,"featured_media":0,"comment_status":"closed","ping_status":"closed","sticky":false,"template":"","format":"standard","meta":{"footnotes":""},"categories":[3],"tags":[],"class_list":["post-5040","post","type-post","status-publish","format-standard","hentry","category-info"],"_links":{"self":[{"href":"https:\/\/bmin.info\/WP\/wp-json\/wp\/v2\/posts\/5040","targetHints":{"allow":["GET"]}}],"collection":[{"href":"https:\/\/bmin.info\/WP\/wp-json\/wp\/v2\/posts"}],"about":[{"href":"https:\/\/bmin.info\/WP\/wp-json\/wp\/v2\/types\/post"}],"author":[{"embeddable":true,"href":"https:\/\/bmin.info\/WP\/wp-json\/wp\/v2\/users\/3"}],"replies":[{"embeddable":true,"href":"https:\/\/bmin.info\/WP\/wp-json\/wp\/v2\/comments?post=5040"}],"version-history":[{"count":9,"href":"https:\/\/bmin.info\/WP\/wp-json\/wp\/v2\/posts\/5040\/revisions"}],"predecessor-version":[{"id":5110,"href":"https:\/\/bmin.info\/WP\/wp-json\/wp\/v2\/posts\/5040\/revisions\/5110"}],"wp:attachment":[{"href":"https:\/\/bmin.info\/WP\/wp-json\/wp\/v2\/media?parent=5040"}],"wp:term":[{"taxonomy":"category","embeddable":true,"href":"https:\/\/bmin.info\/WP\/wp-json\/wp\/v2\/categories?post=5040"},{"taxonomy":"post_tag","embeddable":true,"href":"https:\/\/bmin.info\/WP\/wp-json\/wp\/v2\/tags?post=5040"}],"curies":[{"name":"wp","href":"https:\/\/api.w.org\/{rel}","templated":true}]}}