{"id":5060,"date":"2018-03-23T13:25:03","date_gmt":"2018-03-23T12:25:03","guid":{"rendered":"http:\/\/bmin.info\/WP\/?p=5060"},"modified":"2018-03-26T17:30:03","modified_gmt":"2018-03-26T16:30:03","slug":"landtagswahlen-2018-eva-glawischnig-und-novomatic","status":"publish","type":"post","link":"https:\/\/bmin.info\/WP\/2018\/03\/23\/landtagswahlen-2018-eva-glawischnig-und-novomatic\/","title":{"rendered":"Landtagswahlen 2018: Eva Glawischnig und Novomatic"},"content":{"rendered":"<p>Text: Pepo Meia, Niels Cimpa<br \/>\n<strong>Dr. Eva Glawischnig<\/strong> die ehemalige Bundesparteivorsitzende und Klubobfrau der <strong>GR\u00dcNEN<\/strong> gab am 2.M\u00e4rz 2018 bekannt, dass sie beim N\u00d6-Gl\u00fccksspielkonzern <strong>Novomatic<\/strong> per 1. M\u00e4rz 2018 als Managerin t\u00e4tig sein wird und legte ihre Parteimitgliedschaft bei den GR\u00dcNEN zur\u00fcck. Sie sieht sich selbst als \u201eVerantwortungsmanagerin\u201c, die ihren kritischen Geist nicht aufgegeben hat. Novomatic wurde von den GR\u00dcNEN, aber auch von Glawischnig selbst, in der Vergangenheit immer wieder scharf kritisiert. Nun ist Glawischnig beruflich dort t\u00e4tig.<\/p>\n<p><strong>Glawischnig schadet den GR\u00dcNEN<\/strong><br \/>\nAm 2. M\u00e4rz, <a href=\"https:\/\/www.ots.at\/presseaussendung\/OTS_20180302_OTS0091\/glawischnig-wechselt-zu-novomatic\" target=\"_blank\" rel=\"noopener\">f\u00fcnf Tage nach der TIROL-Landtagswahl<\/a>, gab <a href=\"https:\/\/www.parlament.gv.at\/WWER\/PAD_08240\/\" target=\"_blank\" rel=\"noopener\">Dr. Eva Glawischnig<\/a> bekannt, dass sie beim N\u00d6-Gl\u00fccksspielkonzern Novomatic per 1. M\u00e4rz 2018 als Managerin t\u00e4tig sein wird.<br \/>\nGl\u00fcck f\u00fcr die GR\u00dcNEN in TIROL war, dass Glawischnig erst f\u00fcnf Tage nach der Landtagswahl ihren neuen Job beim N\u00d6-Gl\u00fccksspielkonzern \u00f6ffentlich bekannt gab. Pech f\u00fcr die K\u00c4RNTNER GR\u00dcNEN war, dass Glawischnig zwei Tage vor der Landtagswahl am 4. M\u00e4rz ebendieses bekannt wurde. Die K\u00c4RNTNER GR\u00dcNEN flogen daraufhin aus dem Landtag. Bei der Landtagswahl in TIROL, die am 25. Februar 2018 stattgefunden hat, schafften die GR\u00dcNEN wieder den Einzug in den Landtag. Landeshauptmann G\u00fcnther Platter f\u00fchrt bereits seit 8. M\u00e4rz Koalitionsverhandlungen mit den GR\u00dcNEN.<\/p>\n<p><strong> Die Landtagswahl in Salzburg findet am 22. April 2018 statt<\/strong>. Ob die GR\u00dcNEN wieder den Einzug schaffen, ist fraglich. Und ob die Glawischnig-T\u00e4tigkeit bei Novomatic da noch eine Rolle spielt? F\u00f6rderlich f\u00fcr die GR\u00dcNEN ist dieser Novomatic-\u00dcbertritt sicherlich nicht.<\/p>\n<p><strong>Novomatic &#8211; Versorgungsposten f\u00fcr Politiker?<\/strong><br \/>\nAber auch schon andere Politiker machten ihr berufliches Gl\u00fcck bei Novomatic: Der nunmehrige EU-Kommissar Johannes Hahn (\u00d6VP, 1997-2003 Novomatic-Vorstand), Ex-Innenminister Karl Schl\u00f6gl (SP\u00d6, 2004-2011 Novomatic-Aufsichtsrat), Ex-Kanzler Alfred Gusenbauer (SP\u00d6, Novomatic-Berater in S\u00fcdamerika und Osteuropa).<\/p>\n<p><strong>Die GR\u00dcNEN und die Behindertenpolitik<\/strong><br \/>\nAls die GR\u00dcNEN Mitte der 80er-Jahren erstmals den Sprung ins Parlament geschafft haben, wurde auch der Rollstuhlfahrer DSA <a href=\"https:\/\/www.parlament.gv.at\/WWER\/PAD_01822\/\" target=\"_blank\" rel=\"noopener\">Manfred Srb<\/a> Nationalratsabgeordneter und Behindertensprecher. Als Betroffener hatte er erheblichen Anteil, dass die Anliegen von Menschen mit Behinderung einer gro\u00dfen \u00d6ffentlichkeit bekannt wurden. 1994 wurde die Ober\u00f6sterreicherin <a href=\"https:\/\/www.parlament.gv.at\/WWER\/PAD_02852\/\" target=\"_blank\" rel=\"noopener\">Theresia Haidlmayr<\/a>, die ebenfalls im Rollstuhl sitzt, Behindertensprecherin. Seit 2008 war <a href=\"https:\/\/www.parlament.gv.at\/WWER\/PAD_57367\/\" target=\"_blank\" rel=\"noopener\">Helene Jarmer<\/a> (Pr\u00e4sidentin vom Geh\u00f6rlosenbund) Behindertensprecherin der GR\u00dcNEN im Parlament. Der Streit mit <a href=\"https:\/\/www.parlament.gv.at\/WWER\/PAD_01210\/\" target=\"_blank\" rel=\"noopener\">Peter Pilz<\/a> (Ur-Gestein der GR\u00dcNEN), hat sehr geschadet und seit November 2017 sind die GR\u00dcNEN nicht mehr im Parlament vertreten. Die <a href=\"https:\/\/listepilz.at\/\" target=\"_blank\" rel=\"noopener\">Liste PILZ<\/a> &#8211; die den Einzug ins Parlament schaffte, hat keinen Betroffenen in ihren Reihen, will aber die Anliegen von Menschen mit Behinderung so gut wie m\u00f6glich vertreten.<\/p>\n","protected":false},"excerpt":{"rendered":"<p>Text: Pepo Meia, Niels Cimpa Dr. Eva Glawischnig die ehemalige Bundesparteivorsitzende und Klubobfrau der GR\u00dcNEN gab am 2.M\u00e4rz 2018 bekannt, dass sie beim N\u00d6-Gl\u00fccksspielkonzern Novomatic per 1. M\u00e4rz 2018 als Managerin t\u00e4tig sein wird und legte ihre Parteimitgliedschaft bei den GR\u00dcNEN zur\u00fcck. Sie sieht sich selbst als \u201eVerantwortungsmanagerin\u201c, die ihren kritischen Geist nicht aufgegeben hat.&#8230; <a href=\"https:\/\/bmin.info\/WP\/2018\/03\/23\/landtagswahlen-2018-eva-glawischnig-und-novomatic\/\" class=\"more-link\">Continue reading <span class=\"screen-reader-text\">Landtagswahlen 2018: Eva Glawischnig und Novomatic<\/span><\/a><\/p>\n","protected":false},"author":3,"featured_media":0,"comment_status":"closed","ping_status":"closed","sticky":false,"template":"","format":"standard","meta":{"footnotes":""},"categories":[3],"tags":[],"class_list":["post-5060","post","type-post","status-publish","format-standard","hentry","category-info"],"_links":{"self":[{"href":"https:\/\/bmin.info\/WP\/wp-json\/wp\/v2\/posts\/5060","targetHints":{"allow":["GET"]}}],"collection":[{"href":"https:\/\/bmin.info\/WP\/wp-json\/wp\/v2\/posts"}],"about":[{"href":"https:\/\/bmin.info\/WP\/wp-json\/wp\/v2\/types\/post"}],"author":[{"embeddable":true,"href":"https:\/\/bmin.info\/WP\/wp-json\/wp\/v2\/users\/3"}],"replies":[{"embeddable":true,"href":"https:\/\/bmin.info\/WP\/wp-json\/wp\/v2\/comments?post=5060"}],"version-history":[{"count":7,"href":"https:\/\/bmin.info\/WP\/wp-json\/wp\/v2\/posts\/5060\/revisions"}],"predecessor-version":[{"id":5072,"href":"https:\/\/bmin.info\/WP\/wp-json\/wp\/v2\/posts\/5060\/revisions\/5072"}],"wp:attachment":[{"href":"https:\/\/bmin.info\/WP\/wp-json\/wp\/v2\/media?parent=5060"}],"wp:term":[{"taxonomy":"category","embeddable":true,"href":"https:\/\/bmin.info\/WP\/wp-json\/wp\/v2\/categories?post=5060"},{"taxonomy":"post_tag","embeddable":true,"href":"https:\/\/bmin.info\/WP\/wp-json\/wp\/v2\/tags?post=5060"}],"curies":[{"name":"wp","href":"https:\/\/api.w.org\/{rel}","templated":true}]}}