{"id":5086,"date":"2018-03-29T08:27:51","date_gmt":"2018-03-29T07:27:51","guid":{"rendered":"http:\/\/bmin.info\/WP\/?p=5086"},"modified":"2018-04-09T19:45:23","modified_gmt":"2018-04-09T18:45:23","slug":"wiener-u-bahn-erster-blick-ins-innere-des-neuen-x-wagens","status":"publish","type":"post","link":"https:\/\/bmin.info\/WP\/2018\/03\/29\/wiener-u-bahn-erster-blick-ins-innere-des-neuen-x-wagens\/","title":{"rendered":"Wiener U-Bahn: Erster Blick ins Innere des neuen X-Wagens"},"content":{"rendered":"<p>Text: Wiener Linien \/ P.Meia, N.Cimpa<br \/>\n\u00d6ffi-Stadtr\u00e4tin Ulli Sima, Wiener Linien und Siemens pr\u00e4sentieren Design f\u00fcr neue vollautomatische U-Bahn<\/p>\n<p>Die Wiener Linien haben Siemens im Herbst 2017 mit der Lieferung von 34 vollautomatischen U-Bahnz\u00fcgen beauftragt. Der Vertrag beinhaltet dar\u00fcber hinaus die Instandhaltung der Fahrzeuge \u00fcber 24 Jahre und eine Option auf elf weitere Fahrzeuge. Die sechsteiligen X-Wagen sollen ab 2024 vollautomatisch auf der neuen Linie U5 fahren. Auf den bereits existierenden Linien U1 bis U4 k\u00f6nnen sie halbautomatisch oder manuell betrieben werden. Die Auslieferung aller Fahrzeuge beginnt Mitte 2020 und soll bis 2030 erfolgen. Produziert werden die Fahrzeuge im Siemens-Werk in Wien.<\/p>\n<p>Bestellte Fahrzeuge: Mindestens 34 St\u00fcck (Option auf 11 weitere Z\u00fcge) <a href=\"https:\/\/bmin.info\/WP\/wp-content\/uploads\/2018\/04\/U2-U5.jpg\"><img loading=\"lazy\" decoding=\"async\" class=\"alignright wp-image-5102 size-medium\" src=\"https:\/\/bmin.info\/WP\/wp-content\/uploads\/2018\/04\/U2-U5-147x300.jpg\" alt=\"\" width=\"147\" height=\"300\" srcset=\"https:\/\/bmin.info\/WP\/wp-content\/uploads\/2018\/04\/U2-U5-147x300.jpg 147w, https:\/\/bmin.info\/WP\/wp-content\/uploads\/2018\/04\/U2-U5-70x144.jpg 70w, https:\/\/bmin.info\/WP\/wp-content\/uploads\/2018\/04\/U2-U5.jpg 494w\" sizes=\"auto, (max-width: 147px) 100vw, 147px\" \/><\/a><br \/>\nAuftragsvolumen: 550 Mio. Euro<br \/>\nBeginn der Lieferung: Mitte 2020<br \/>\nLieferung abgeschlossen: 2030<br \/>\nL\u00e4nge: 111 Meter<br \/>\nBreite: 2,85 Meter<br \/>\nKapazit\u00e4t: 928 Fahrg\u00e4ste (statt bisher 882)<br \/>\nRollstuhlpl\u00e4tze: 6 St\u00fcck, davon 2 in der Zugmitte (statt bisher 4 an den Zugenden)<\/p>\n<p>Johanna Griesmayr von der Presse- und Kommunikationsabteilung der Wiener Linien auf Anfrage von <a href=\"https:\/\/www.bizeps.or.at\/wiener-u-bahn-die-neuen-x-waegen-kommen\/\" target=\"_blank\" rel=\"noopener\">BIZEPS-online:<\/a><br \/>\n* Gro\u00dfz\u00fcgige und offen gestaltete T\u00fcrbereiche, die das Ein- und Aussteigen erleichtern<br \/>\n* Sechs statt bisher vier Rollstuhlpl\u00e4tze, zwei zus\u00e4tzliche in den beiden mittleren Wagons.<br \/>\n* Spalt\u00fcberbr\u00fcckungen bei allen T\u00fcren (statt bisher nur bei der ersten und letzten T\u00fcr).<br \/>\n* Besser auffindbare Priority-Sitze (in Blau gekennzeichnet)<\/p>\n<p><em><strong>Anm.<\/strong>: Priority-Sitz bezeichnet einen Sitzplatz, der f\u00fcr Fahrg\u00e4ste mit eingeschr\u00e4nkter Mobilit\u00e4t gedacht und entsprechend gekennzeichnet ist und neben den entsprechenden Betriebst\u00fcren ein von au\u00dfen sichtbares Piktogramm tragen muss.<\/em><\/p>\n<p>Erster Blick ins Innere des X-Wagens<br \/>\n<a href=\"https:\/\/www.youtube.com\/watch?v=74LtYfzmG4w\" target=\"_blank\" rel=\"noopener\">Youtube-Video: Wiener Linien &#8211; X-Wagen\/Siemens<\/a><\/p>\n<p>\u00d6ffi-Stadtr\u00e4tin <a href=\"https:\/\/de.wikipedia.org\/wiki\/Ulli_Sima\" target=\"_blank\" rel=\"noopener\">Ulli Sima<\/a>, Wiener Linien-Gesch\u00e4ftsf\u00fchrer <a href=\"https:\/\/www.wienerlinien.at\/eportal3\/ep\/channelView.do\/pageTypeId\/66528\/channelId\/-47300\" target=\"_blank\" rel=\"noopener\">G\u00fcnter Steinbauer<\/a> und der CEO von Siemens \u00d6sterreich, <a href=\"https:\/\/de.wikipedia.org\/wiki\/Wolfgang_Hesoun\" target=\"_blank\" rel=\"noopener\">Wolfgang Hesoun<\/a>, erm\u00f6glichten am 8. M\u00e4rz 2018 einen ersten Blick ins Innere der neuen U-Bahn. \u201eUnsere Stadt w\u00e4chst, die Zahl unserer Fahrg\u00e4ste w\u00e4chst und daher w\u00e4chst nat\u00fcrlich auch unser U-Bahn-Netz inklusiver moderner Fahrzeuge. Mit dem X-Wagen f\u00e4hrt bald eine v\u00f6llig neue U-Bahn-Generation durch unsere Stadt. Diese neuen U-Bahnen haben ein gr\u00f6\u00dferes Platzangebot und k\u00f6nnen daher noch mehr Menschen rasch von A nach B bringen. Wir haben auch die Pl\u00e4tze f\u00fcr Familien mit Kinderw\u00e4gen erh\u00f6ht und auf ein h\u00f6chstes Ma\u00df an Barrierefreiheit geachtet\u201c, erkl\u00e4rt \u00d6ffi-Stadtr\u00e4tin Ulli Sima bei der Pr\u00e4sentation heute im Siemens-Werk in Simmering.<br \/>\n<em><strong>Anm.<\/strong>: F\u00fcr einen <a href=\"https:\/\/bmin.info\/WP\/2016\/08\/06\/demo-picknick-am-stephansplatz\/\" target=\"_blank\" rel=\"noopener\">zus\u00e4tzlichen Lift am Stephansplatz<\/a> (U1\/U3) wurden keine finanziellen Mittel von den politischen Entscheidungstr\u00e4gern zur Verf\u00fcgung gestellt obwohl dies zugesagt wurde. Die nachger\u00fcsteten Aufz\u00fcge sind ein Schwachpunkt im Wiener U-Bahnnetz der Wiener Linien.<br \/>\n<\/em><\/p>\n<p>\u201eMit dem X-Wagen stellen wir die Weichen f\u00fcr den vollautomatischen U-Bahn-Betrieb. Die neuen Z\u00fcge sind auf dem neuesten Stand der Technik und wurden extra f\u00fcr Wien entwickelt. Sie werden sowohl vollautomatisch auf der U5, als auch auf anderen Linien mit Fahrer unterwegs sein. Der Innenraum ist gro\u00dfz\u00fcgig gestaltet. Um das Ein- und Aussteigen zu erleichtern und noch besser auf die unterschiedlichen Bed\u00fcrfnisse unserer Fahrg\u00e4ste einzugehen, gibt es erstmals eine Kombination aus den gewohnten Quersitzen, mit L\u00e4ngs- und Klappsitzen\u201c, erkl\u00e4rt Wiener-Linien-Gesch\u00e4ftsf\u00fchrer G\u00fcnter Steinbauer.<\/p>\n<p><strong>Ab 2020 ist der erste X-Wagen im Einsatz<\/strong><br \/>\nDer erste X-Wagen soll bereits Mitte 2020 seinen Dienst im Wiener U-Bahn-Netz aufnehmen. Er kann sowohl mit Fahrpersonal, als auch vollautomatisch eingesetzt werden. Bereits vor der Inbetriebnahme der vollautomatischen U5 ab 2024 wird er auf den Linien U1-U4 zum Einsatz kommen. Bis 2030 werden alle 34 Z\u00fcge ausgeliefert und ersetzen schrittweise die \u201eSilberpfeile\u201c, die bereits seit den 70er-Jahren unterwegs sind.<\/p>\n<p>\u201eDer X-Wagen ist nach dem Silberpfeil und dem V-Wagen bereits die dritte Generation an U-Bahnz\u00fcgen, die Siemens an die Wiener Linien liefern wird. Es freut mich, dass wir in Wien die Entwicklung hin zum autonomen Fahrbetrieb mit unserem Know-How begleiten d\u00fcrfen. Das ist ein sch\u00f6nes Zeichen f\u00fcr das anhaltende Kundenvertrauen in unsere Fahrzeuge, zeigt die Wertsch\u00e4tzung unseres Werks in Wien und ist ein wichtiger Beitrag zur lokalen Wertsch\u00f6pfung\u201c, erkl\u00e4rt Wolfgang Hesoun, CEO von Siemens \u00d6sterreich.<\/p>\n<p><strong>Das kann der neue U-Bahn-Zug<\/strong><br \/>\nDer X-Wagen bietet einen offen gestalteten Innenraum und gro\u00dfz\u00fcgige Einstiegsbereiche. Die Fahrg\u00e4ste gelangen dadurch bequemer ins Wageninnere und k\u00f6nnen schneller Ein- und Aussteigen. Daf\u00fcr sind die Sitze neu angeordnet \u2013 erstmals wird es eine Kombination aus den gewohnten Quersitzen, mit L\u00e4ngs- und Klappsitzen geben.<br \/>\nDie dadurch entstehenden Mehrzweckbereiche bieten insbesondere Eltern mit Kinderw\u00e4gen und Fahrg\u00e4sten mit mehr Gep\u00e4ck angenehm Platz. Klapprampen bei allen T\u00fcren und zus\u00e4tzliche Rollstuhlpl\u00e4tze in der Mitte des Zuges erm\u00f6glichen au\u00dferdem ein h\u00f6chstes Ma\u00df an Barrierefreiheit.<\/p>\n<p>Die Z\u00fcge sind in Leichtbauweise ausgef\u00fchrt und die eingesetzten Materialien sind zu \u00fcber 90 Prozent wiederverwertbar. Die Sitze bestehen aus hochwertig beschichtetem Schichtholz. Der Einsatz von LED-Beleuchtung und einer besonders energiesparenden Heizungs- und Klimaausr\u00fcstung sorgen f\u00fcr einen niedrigen Energieverbrauch der Z\u00fcge.<\/p>\n<p><em><strong>Anm<\/strong>.: Es stellt sich auch die Frage ob man als Rollstuhlnutzer gegen die Fahrtrichtung &#8222;einparken&#8220; muss &#8211; wie bei den Autobussen empfohlen bzw. in den Richtlinien der Wiener Linien zu lesen. Auch beim V-Wagen waren urspr\u00fcnglich alle T\u00fcren mit einer Spalt\u00fcberbr\u00fcckung vorgesehen. Die Spalt\u00fcberbr\u00fcckung wird im Winter wegen &#8222;Streusplit&#8220; deaktiviert. Bei einer Fahrgastkapazit\u00e4t von 928 bei einer L\u00e4nge von 111 Metern erscheinen uns 6 Rollstuhlabstellpl\u00e4tze etwas wenig, vor allem in der Rushhour (Sto\u00dfzeit) aber auch wenn viele Eltern mit Kinderw\u00e4gen unterwegs sind. Da der X-Wagen auch ohne Zugpersonal eingesetzt wird, k\u00f6nnen gezielte Hackerangriffe bzw. technische Gebrechen den U-Bahn &#8211; Betrieb lahmlegen. Streiks des Zugpersonals d\u00fcrften in Zukunft jedoch der Vergangenheit angeh\u00f6ren. Wir sind auf alle F\u00e4lle neugierig, wie sich die Bundeshauptstadt und der \u00f6ffentliche Verkehr entwickelt.<\/em><\/p>\n<p>&nbsp;<\/p>\n","protected":false},"excerpt":{"rendered":"<p>Text: Wiener Linien \/ P.Meia, N.Cimpa \u00d6ffi-Stadtr\u00e4tin Ulli Sima, Wiener Linien und Siemens pr\u00e4sentieren Design f\u00fcr neue vollautomatische U-Bahn Die Wiener Linien haben Siemens im Herbst 2017 mit der Lieferung von 34 vollautomatischen U-Bahnz\u00fcgen beauftragt. Der Vertrag beinhaltet dar\u00fcber hinaus die Instandhaltung der Fahrzeuge \u00fcber 24 Jahre und eine Option auf elf weitere Fahrzeuge. Die&#8230; <a href=\"https:\/\/bmin.info\/WP\/2018\/03\/29\/wiener-u-bahn-erster-blick-ins-innere-des-neuen-x-wagens\/\" class=\"more-link\">Continue reading <span class=\"screen-reader-text\">Wiener U-Bahn: Erster Blick ins Innere des neuen X-Wagens<\/span><\/a><\/p>\n","protected":false},"author":3,"featured_media":0,"comment_status":"closed","ping_status":"closed","sticky":false,"template":"","format":"standard","meta":{"footnotes":""},"categories":[3],"tags":[],"class_list":["post-5086","post","type-post","status-publish","format-standard","hentry","category-info"],"_links":{"self":[{"href":"https:\/\/bmin.info\/WP\/wp-json\/wp\/v2\/posts\/5086","targetHints":{"allow":["GET"]}}],"collection":[{"href":"https:\/\/bmin.info\/WP\/wp-json\/wp\/v2\/posts"}],"about":[{"href":"https:\/\/bmin.info\/WP\/wp-json\/wp\/v2\/types\/post"}],"author":[{"embeddable":true,"href":"https:\/\/bmin.info\/WP\/wp-json\/wp\/v2\/users\/3"}],"replies":[{"embeddable":true,"href":"https:\/\/bmin.info\/WP\/wp-json\/wp\/v2\/comments?post=5086"}],"version-history":[{"count":10,"href":"https:\/\/bmin.info\/WP\/wp-json\/wp\/v2\/posts\/5086\/revisions"}],"predecessor-version":[{"id":5120,"href":"https:\/\/bmin.info\/WP\/wp-json\/wp\/v2\/posts\/5086\/revisions\/5120"}],"wp:attachment":[{"href":"https:\/\/bmin.info\/WP\/wp-json\/wp\/v2\/media?parent=5086"}],"wp:term":[{"taxonomy":"category","embeddable":true,"href":"https:\/\/bmin.info\/WP\/wp-json\/wp\/v2\/categories?post=5086"},{"taxonomy":"post_tag","embeddable":true,"href":"https:\/\/bmin.info\/WP\/wp-json\/wp\/v2\/tags?post=5086"}],"curies":[{"name":"wp","href":"https:\/\/api.w.org\/{rel}","templated":true}]}}