{"id":5115,"date":"2018-04-09T17:16:18","date_gmt":"2018-04-09T16:16:18","guid":{"rendered":"http:\/\/bmin.info\/WP\/?p=5115"},"modified":"2018-04-09T17:16:18","modified_gmt":"2018-04-09T16:16:18","slug":"wien-stadtraetin-frauenberger-tritt-zurueck","status":"publish","type":"post","link":"https:\/\/bmin.info\/WP\/2018\/04\/09\/wien-stadtraetin-frauenberger-tritt-zurueck\/","title":{"rendered":"Wien: Stadtr\u00e4tin Frauenberger tritt zur\u00fcck"},"content":{"rendered":"<p>Frauenberger (SP\u00d6) zieht sich nach elf Jahren aus der Stadtregierung zur\u00fcck und wechselt in den Gemeinderat. Seit J\u00e4nner 2017 ist sie amtsf\u00fchrende Wiener Stadtr\u00e4tin f\u00fcr Gesundheit, Soziales und Generationen. Sie folgte <a href=\"https:\/\/de.wikipedia.org\/wiki\/Sonja_Wehsely\" target=\"_blank\" rel=\"noopener\">Sonja Wehsely<\/a> als Gesundheitsstadtr\u00e4tin nach.<\/p>\n<p><strong>Frauenberger wird wieder Gemeinder\u00e4tin<\/strong><br \/>\n<a href=\"https:\/\/de.wikipedia.org\/wiki\/Sandra_Frauenberger\" target=\"_blank\" rel=\"noopener\">Sandra Frauenberger<\/a> wurde 1966 in Wien geboren. Von 2007 \u2013 2017 war sie amtsf\u00fchrende Wiener Stadtr\u00e4tin f\u00fcr Integration, Frauenfragen, Konsumentenschutz und Personal.<\/p>\n<p>In einer schriftlichen Stellungnahme erl\u00e4utert die 51-j\u00e4hrige SP\u00d6-Politikerin ihre Beweggr\u00fcnde f\u00fcr ihren R\u00fccktritt als Stadtr\u00e4tin:<br \/>\n<em>\u201eDie vergangenen elf Jahre als Stadtr\u00e4tin waren eine wunderbare Zeit f\u00fcr mich. Ich habe gezeigt, dass ich vor wichtigen Reformen nicht zur\u00fcckschrecke, gro\u00dfe Projekte erfolgreich umsetzen und dabei auch einiges einstecken kann. In den vergangenen Wochen wurden f\u00fcr mich allerdings Grenzen \u00fcberschritten.<\/em><br \/>\n<em>Mir sind die Reformen, die es im Gesundheitsressort braucht \u2013 insbesondere die Neuorganisation des KAV \u2013 zu wichtig, um sie von einer Boulevard-Kampagne gegen meine Person gef\u00e4hrden zu lassen. Daher habe ich heute unserem Parteivorsitzenden Michael Ludwig Bescheid gegeben, dass ich mich vom Spielfeld nehme. Bis zur Wahl eines Nachfolgers oder einer Nachfolgerin werde ich das Ressort gut und ordentlich weiterf\u00fchren und f\u00fcr eine geordnete \u00dcbergabe sorgen. Danach freue ich mich darauf, wieder als Gemeinder\u00e4tin meinen Bezirk Margareten vertreten zu d\u00fcrfen.\u201c<\/em><\/p>\n<p><strong>Durch Krankenhaus Nord in Kritik geraten<\/strong><br \/>\nFrauenberger musste im Zuge der <a href=\"https:\/\/derstandard.at\/2000076785369\/KAV-sieht-bei-Spital-Nord-Millionenschaden-durch-Architekten\" target=\"_blank\" rel=\"noopener\">Bauarbeiten f\u00fcr das Krankenhaus Nord<\/a> viel Kritik einstecken. Zum KH Nord meinte Frauenberger kurz nach der Bekanntgabe ihres R\u00fccktritts: <em>\u201eIch habe mich sehr bem\u00fcht, das Krankenhaus Nord zu einem guten Ende zu bringen. (&#8230;) Es geht eben nicht jeder Zettel \u00fcber deinen Schreibtisch\u2026\u201c<\/em><\/p>\n<p>Am 14. Mai pr\u00e4sentiert der Parteivorsitzende der SP\u00d6 Wien und k\u00fcnftige B\u00fcrgermeister <a href=\"https:\/\/bmin.info\/WP\/2018\/01\/29\/michael-ludwig-ist-neuer-wiener-spoe-chef\/\" target=\"_blank\" rel=\"noopener\">Michael Ludwig<\/a> aller Voraussicht nach, sein neues Team in den Gremien. Nach zehn Tagen wird die neue Stadtregierung angelobt. Frauenberger wird am 24. Mai ihr Ressort \u00fcbergeben. Das habe sie auch mit Ludwig so vereinbart.<\/p>\n","protected":false},"excerpt":{"rendered":"<p>Frauenberger (SP\u00d6) zieht sich nach elf Jahren aus der Stadtregierung zur\u00fcck und wechselt in den Gemeinderat. Seit J\u00e4nner 2017 ist sie amtsf\u00fchrende Wiener Stadtr\u00e4tin f\u00fcr Gesundheit, Soziales und Generationen. Sie folgte Sonja Wehsely als Gesundheitsstadtr\u00e4tin nach. Frauenberger wird wieder Gemeinder\u00e4tin Sandra Frauenberger wurde 1966 in Wien geboren. Von 2007 \u2013 2017 war sie amtsf\u00fchrende Wiener&#8230; <a href=\"https:\/\/bmin.info\/WP\/2018\/04\/09\/wien-stadtraetin-frauenberger-tritt-zurueck\/\" class=\"more-link\">Continue reading <span class=\"screen-reader-text\">Wien: Stadtr\u00e4tin Frauenberger tritt zur\u00fcck<\/span><\/a><\/p>\n","protected":false},"author":3,"featured_media":0,"comment_status":"closed","ping_status":"closed","sticky":false,"template":"","format":"standard","meta":{"footnotes":""},"categories":[3],"tags":[],"class_list":["post-5115","post","type-post","status-publish","format-standard","hentry","category-info"],"_links":{"self":[{"href":"https:\/\/bmin.info\/WP\/wp-json\/wp\/v2\/posts\/5115","targetHints":{"allow":["GET"]}}],"collection":[{"href":"https:\/\/bmin.info\/WP\/wp-json\/wp\/v2\/posts"}],"about":[{"href":"https:\/\/bmin.info\/WP\/wp-json\/wp\/v2\/types\/post"}],"author":[{"embeddable":true,"href":"https:\/\/bmin.info\/WP\/wp-json\/wp\/v2\/users\/3"}],"replies":[{"embeddable":true,"href":"https:\/\/bmin.info\/WP\/wp-json\/wp\/v2\/comments?post=5115"}],"version-history":[{"count":4,"href":"https:\/\/bmin.info\/WP\/wp-json\/wp\/v2\/posts\/5115\/revisions"}],"predecessor-version":[{"id":5140,"href":"https:\/\/bmin.info\/WP\/wp-json\/wp\/v2\/posts\/5115\/revisions\/5140"}],"wp:attachment":[{"href":"https:\/\/bmin.info\/WP\/wp-json\/wp\/v2\/media?parent=5115"}],"wp:term":[{"taxonomy":"category","embeddable":true,"href":"https:\/\/bmin.info\/WP\/wp-json\/wp\/v2\/categories?post=5115"},{"taxonomy":"post_tag","embeddable":true,"href":"https:\/\/bmin.info\/WP\/wp-json\/wp\/v2\/tags?post=5115"}],"curies":[{"name":"wp","href":"https:\/\/api.w.org\/{rel}","templated":true}]}}