{"id":5121,"date":"2018-04-13T08:49:46","date_gmt":"2018-04-13T07:49:46","guid":{"rendered":"http:\/\/bmin.info\/WP\/?p=5121"},"modified":"2018-04-24T11:25:47","modified_gmt":"2018-04-24T10:25:47","slug":"schanigaerten-rollstuhlfahrer-unerwuenscht","status":"publish","type":"post","link":"https:\/\/bmin.info\/WP\/2018\/04\/13\/schanigaerten-rollstuhlfahrer-unerwuenscht\/","title":{"rendered":"Schanig\u00e4rten: Rollstuhlfahrer unerw\u00fcnscht?"},"content":{"rendered":"<p>Text: Pepo Meia, Niels Cimpa<br \/>\nDer Fr\u00fchling ist da und die Schanig\u00e4rten haben wieder Hochsaison. Immer wieder sieht man jedoch Schanig\u00e4rten mit Stufen. Oft liegt es an den Podesten, die zu hoch gebaut wurden.<\/p>\n<p>Schon im Jahre 2012 gab es die <a href=\"http:\/\/www.smilerkreativ.at\/bi\/BMINklusiv\/Nachrichten\/Eintrage\/2013\/6\/22_BMIN-Initiative__Barrierefreie_Schanigarten.html\" target=\"_blank\" rel=\"noopener\">BMIN-Initiative \u201eBarrierefreie Schanig\u00e4rten\u201c<\/a>. <a href=\"http:\/\/bmin.info\/Aktivist\/Aktivist\/Srb.html\" target=\"_blank\" rel=\"noopener\">Manfred Srb<\/a> (NR.Abg. a.D.) hat eine Gesetzesnovelle im Gebrauchsabgabegesetz angeregt.<\/p>\n<p><strong>Aktuelles Beispiel: Schanigarten-Podest noch immer zu hoch<\/strong><br \/>\nIm 9ten Wiener Gemeindebezirk Alsergrund in der Berggasse 15 gibt es das <a href=\"http:\/\/ragusa.at\/\" target=\"_blank\" rel=\"noopener\">Restaurant Ragusa<\/a> mit einem Schanigarten. Ein Podest mit hoher Stufe (wie auf den Fotos erkennbar) nicht selbstst\u00e4ndig berollbar. Relativ leicht korrigierbar, wenn man das Podest, der Gehsteigh\u00f6he anpassen w\u00fcrde.<br \/>\nDer Besitzer des Lokals hat seit nun mehr 16 Jahre eine diesbez\u00fcgliche Bewilligung, die er jedoch verlieren k\u00f6nnte, wenn er das Podest nicht der Gehsteigh\u00f6he anpasst. Bereits vor sechs Jahren haben wir den Besitzer des Lokals darauf aufmerksam gemacht. Freiwillig hat er das Podest bis dato nicht korrigiert.<\/p>\n<p><a href=\"https:\/\/bmin.info\/WP\/wp-content\/uploads\/2018\/04\/DSCF0376a.jpg\"><img loading=\"lazy\" decoding=\"async\" class=\"alignnone size-medium wp-image-5124\" src=\"https:\/\/bmin.info\/WP\/wp-content\/uploads\/2018\/04\/DSCF0376a-300x198.jpg\" alt=\"\" width=\"300\" height=\"198\" \/><\/a>\u00a0<a href=\"https:\/\/bmin.info\/WP\/wp-content\/uploads\/2018\/04\/DSCF0375a.jpg\"><img loading=\"lazy\" decoding=\"async\" class=\"alignnone wp-image-5125\" src=\"https:\/\/bmin.info\/WP\/wp-content\/uploads\/2018\/04\/DSCF0375a-300x225.jpg\" alt=\"\" width=\"264\" height=\"198\" \/><\/a><\/p>\n<p><strong>Schanigarten-Bewilligung kann entzogen werden<\/strong><br \/>\nUns wurde von einem Magistratsbeamten best\u00e4tigt, dass solche Bewilligungen k\u00fcnftig wieder entzogen werden k\u00f6nnen, wenn die Schanigarten-Podeste nicht den Gehsteigkanten angeglichen werden.<br \/>\nAnlassbezogen wird dieser Schanigarten von der zust\u00e4ndigen Beh\u00f6rde \u00fcberpr\u00fcft. Bei Abweichung von Bescheidauflagen oder gesetzlichen Bestimmungen, droht ein Entzug der Schanigarten-Bewilligung. BMIN ist \u00fcberzeugt, dass alleine die Androhung der zust\u00e4ndigen Beh\u00f6rde ausreicht.<\/p>\n<p>Wir sind gespannt, ob unter dem zuk\u00fcnftigen Wiener B\u00fcrgermeister <a href=\"https:\/\/bmin.info\/WP\/2018\/01\/29\/michael-ludwig-ist-neuer-wiener-spoe-chef\/\" target=\"_blank\" rel=\"noopener\">Dr. Michael Ludwig<\/a> solch nicht barrierefreie Schanig\u00e4rten der Vergangenheit angeh\u00f6ren werden.<\/p>\n","protected":false},"excerpt":{"rendered":"<p>Text: Pepo Meia, Niels Cimpa Der Fr\u00fchling ist da und die Schanig\u00e4rten haben wieder Hochsaison. Immer wieder sieht man jedoch Schanig\u00e4rten mit Stufen. Oft liegt es an den Podesten, die zu hoch gebaut wurden. Schon im Jahre 2012 gab es die BMIN-Initiative \u201eBarrierefreie Schanig\u00e4rten\u201c. Manfred Srb (NR.Abg. a.D.) hat eine Gesetzesnovelle im Gebrauchsabgabegesetz angeregt. Aktuelles&#8230; <a href=\"https:\/\/bmin.info\/WP\/2018\/04\/13\/schanigaerten-rollstuhlfahrer-unerwuenscht\/\" class=\"more-link\">Continue reading <span class=\"screen-reader-text\">Schanig\u00e4rten: Rollstuhlfahrer unerw\u00fcnscht?<\/span><\/a><\/p>\n","protected":false},"author":3,"featured_media":0,"comment_status":"closed","ping_status":"closed","sticky":false,"template":"","format":"standard","meta":{"footnotes":""},"categories":[3],"tags":[],"class_list":["post-5121","post","type-post","status-publish","format-standard","hentry","category-info"],"_links":{"self":[{"href":"https:\/\/bmin.info\/WP\/wp-json\/wp\/v2\/posts\/5121","targetHints":{"allow":["GET"]}}],"collection":[{"href":"https:\/\/bmin.info\/WP\/wp-json\/wp\/v2\/posts"}],"about":[{"href":"https:\/\/bmin.info\/WP\/wp-json\/wp\/v2\/types\/post"}],"author":[{"embeddable":true,"href":"https:\/\/bmin.info\/WP\/wp-json\/wp\/v2\/users\/3"}],"replies":[{"embeddable":true,"href":"https:\/\/bmin.info\/WP\/wp-json\/wp\/v2\/comments?post=5121"}],"version-history":[{"count":9,"href":"https:\/\/bmin.info\/WP\/wp-json\/wp\/v2\/posts\/5121\/revisions"}],"predecessor-version":[{"id":5135,"href":"https:\/\/bmin.info\/WP\/wp-json\/wp\/v2\/posts\/5121\/revisions\/5135"}],"wp:attachment":[{"href":"https:\/\/bmin.info\/WP\/wp-json\/wp\/v2\/media?parent=5121"}],"wp:term":[{"taxonomy":"category","embeddable":true,"href":"https:\/\/bmin.info\/WP\/wp-json\/wp\/v2\/categories?post=5121"},{"taxonomy":"post_tag","embeddable":true,"href":"https:\/\/bmin.info\/WP\/wp-json\/wp\/v2\/tags?post=5121"}],"curies":[{"name":"wp","href":"https:\/\/api.w.org\/{rel}","templated":true}]}}