{"id":5149,"date":"2018-05-10T11:46:46","date_gmt":"2018-05-10T10:46:46","guid":{"rendered":"http:\/\/bmin.info\/WP\/?p=5149"},"modified":"2018-05-28T07:09:13","modified_gmt":"2018-05-28T06:09:13","slug":"1-mai-2018-festreden-und-interviews-am-wiener-rathausplatz","status":"publish","type":"post","link":"https:\/\/bmin.info\/WP\/2018\/05\/10\/1-mai-2018-festreden-und-interviews-am-wiener-rathausplatz\/","title":{"rendered":"1. Mai 2018: Festreden und Interviews am Wiener Rathausplatz"},"content":{"rendered":"<p>Text: Pepo Meia, Niels Cimpa<br \/>\nWie jedes Jahr veranstaltete die SP\u00d6 auch heuer wieder den traditionellen Maiaufmarsch in der Bundeshauptstadt Wien. Bei fr\u00fchsommerlichem Wetter kamen laut Veranstalter weit \u00fcber 100.000 Menschen zum Rathausplatz.<\/p>\n<p><a href=\"https:\/\/bmin.info\/WP\/wp-content\/uploads\/2018\/05\/Trib-1-Mai-18-Ludw.jpg\"><img loading=\"lazy\" decoding=\"async\" class=\"aligncenter wp-image-5152 size-large\" src=\"https:\/\/bmin.info\/WP\/wp-content\/uploads\/2018\/05\/Trib-1-Mai-18-Ludw-1024x491.jpg\" alt=\"\" width=\"650\" height=\"312\" \/><\/a>Festredner waren der zuk\u00fcnftige B\u00fcrgermeister und Landeshauptmann von Wien Michael Ludwig, Finanz-St\u00e4dtr\u00e4tin Renate Brauner und die neue Arbeiterkammerpr\u00e4sidentin Renate Anderl.<\/p>\n<p><a href=\"https:\/\/bmin.info\/WP\/wp-content\/uploads\/2018\/05\/424Ludw.jpg\"><img loading=\"lazy\" decoding=\"async\" class=\"wp-image-5153 aligncenter\" src=\"https:\/\/bmin.info\/WP\/wp-content\/uploads\/2018\/05\/424Ludw-300x199.jpg\" alt=\"\" width=\"376\" height=\"250\" \/><\/a><\/p>\n<p>Der ehemalige Bundeskanzler Christian Kern \u00fcberzeugt allm\u00e4hlich als Oppositionsf\u00fchrer der Bundes-SP\u00d6. Seine inhaltlich k\u00e4mpferische Rede begeisterte die anwesende Menschenmenge.<\/p>\n<p><a href=\"https:\/\/bmin.info\/WP\/wp-content\/uploads\/2018\/05\/Kern.jpg\">\u00a0\u00a0<\/a><a href=\"https:\/\/bmin.info\/WP\/wp-content\/uploads\/2018\/05\/Kern1.jpg\"><img loading=\"lazy\" decoding=\"async\" class=\"alignnone wp-image-5210\" src=\"https:\/\/bmin.info\/WP\/wp-content\/uploads\/2018\/05\/Kern1-199x300.jpg\" alt=\"\" width=\"166\" height=\"250\" srcset=\"https:\/\/bmin.info\/WP\/wp-content\/uploads\/2018\/05\/Kern1-199x300.jpg 199w, https:\/\/bmin.info\/WP\/wp-content\/uploads\/2018\/05\/Kern1-96x144.jpg 96w, https:\/\/bmin.info\/WP\/wp-content\/uploads\/2018\/05\/Kern1.jpg 557w\" sizes=\"auto, (max-width: 166px) 100vw, 166px\" \/>\u00a0\u00a0\u00a0<\/a><a href=\"https:\/\/bmin.info\/WP\/wp-content\/uploads\/2018\/05\/Ha\u0308upl.jpg\">\u00a0 <\/a><a href=\"https:\/\/bmin.info\/WP\/wp-content\/uploads\/2018\/05\/Ha\u0308upl1.jpg\"><img loading=\"lazy\" decoding=\"async\" class=\"alignnone wp-image-5209\" src=\"https:\/\/bmin.info\/WP\/wp-content\/uploads\/2018\/05\/Ha\u0308upl1-204x300.jpg\" alt=\"\" width=\"170\" height=\"250\" srcset=\"https:\/\/bmin.info\/WP\/wp-content\/uploads\/2018\/05\/Ha\u0308upl1-204x300.jpg 204w, https:\/\/bmin.info\/WP\/wp-content\/uploads\/2018\/05\/Ha\u0308upl1-98x144.jpg 98w, https:\/\/bmin.info\/WP\/wp-content\/uploads\/2018\/05\/Ha\u0308upl1.jpg 513w\" sizes=\"auto, (max-width: 170px) 100vw, 170px\" \/> \u00a0 \u00a0 <\/a><a href=\"https:\/\/bmin.info\/WP\/wp-content\/uploads\/2018\/05\/Ha\u0308upl-Ludw.jpg\"><img loading=\"lazy\" decoding=\"async\" class=\"alignnone wp-image-5156\" src=\"https:\/\/bmin.info\/WP\/wp-content\/uploads\/2018\/05\/Ha\u0308upl-Ludw-210x300.jpg\" alt=\"\" width=\"175\" height=\"250\" \/><\/a><\/p>\n<p>Michael H\u00e4upl hatte seinen letzten Auftritt nach 24 Jahren als B\u00fcrgermeister. Den teilweise Minuten anhaltenden Applaus, vor allem bei H\u00e4upls emotionalem Abschied, haben wir gek\u00fcrzt. In drei Wochen \u00fcbergibt H\u00e4upl das Amt offiziell an seinen Nachfolger Michael Ludwig.<\/p>\n<p>Die Festreden gibt&#8217;s auf der <a href=\"https:\/\/cba.fro.at\/374067\" target=\"_blank\" rel=\"noopener\">CBA zum nachh\u00f6ren<\/a>.<\/p>\n<p>Pepo Meia war wieder Vorort um die Stimmung festzuhalten und hatte interessante Interviewpartner wie z.B. <a href=\"https:\/\/cba.fro.at\/375763\" target=\"_blank\" rel=\"noopener\">Christian Kern<\/a> (CBA), <a href=\"https:\/\/cba.fro.at\/375761\" target=\"_blank\" rel=\"noopener\">Michael Ludwig<\/a> (CBA) und die neue Parteimanagerin aus D\u00f6bling <a href=\"https:\/\/cba.fro.at\/375792\" target=\"_blank\" rel=\"noopener\">Barbara Novak<\/a> (CBA).<\/p>\n<p><em>Pepo Meia thematisierte bei Ludwig u.a. auch die Baum\u00e4ngel in der SP-Parteizentrale in D\u00f6bling, die 2013 umgebaut wurde. Beim Behinderten-WC hat man z.B. einen zweiten Haltegriff vergessen, wodurch die Benutzung nur eingeschr\u00e4nkt m\u00f6glich ist. Auch beim Zugang zum Treppenlift sind Fehler passiert. Wir sind zuversichtlich, dass diese M\u00e4ngel nach Intervention vom neuen Wiener SP-Parteichef endlich behoben werden.<\/em><\/p>\n<p><a href=\"https:\/\/bmin.info\/WP\/wp-content\/uploads\/2018\/05\/Novak-Mei.jpg\"><img loading=\"lazy\" decoding=\"async\" class=\"alignnone wp-image-5184\" src=\"https:\/\/bmin.info\/WP\/wp-content\/uploads\/2018\/05\/Novak-Mei-208x300.jpg\" alt=\"\" width=\"174\" height=\"250\" \/><\/a><a href=\"https:\/\/bmin.info\/WP\/wp-content\/uploads\/2018\/05\/Ludw-Mei.jpg\"> \u00a0 \u00a0 <\/a><a href=\"https:\/\/bmin.info\/WP\/wp-content\/uploads\/2018\/05\/Ludw-Mei.jpg\"><img loading=\"lazy\" decoding=\"async\" class=\"alignnone wp-image-5159\" src=\"https:\/\/bmin.info\/WP\/wp-content\/uploads\/2018\/05\/Ludw-Mei-207x300.jpg\" alt=\"\" width=\"172\" height=\"250\" \/><\/a><a href=\"https:\/\/bmin.info\/WP\/wp-content\/uploads\/2018\/05\/Kern-Mei.jpg\"> \u00a0 \u00a0 <\/a><a href=\"https:\/\/bmin.info\/WP\/wp-content\/uploads\/2018\/05\/Kern-Mei.jpg\"><img loading=\"lazy\" decoding=\"async\" class=\"alignnone wp-image-5158\" src=\"https:\/\/bmin.info\/WP\/wp-content\/uploads\/2018\/05\/Kern-Mei-227x300.jpg\" alt=\"\" width=\"189\" height=\"250\" \/><\/a><\/p>\n<p>Weitere Interviewpartner: Der neue Bundes-Parteisekret\u00e4r <a href=\"https:\/\/cba.fro.at\/375571\" target=\"_blank\" rel=\"noopener\">Max Lercher<\/a> (CBA), Ex-Sciencebuster <a href=\"https:\/\/cba.fro.at\/375783\" target=\"_blank\" rel=\"noopener\">Werner Gruber<\/a> (CBA), &#8222;Fast-B\u00fcrgermeister&#8220; <a href=\"https:\/\/cba.fro.at\/375760\" target=\"_blank\" rel=\"noopener\">Andreas Schieder<\/a> (CBA), Ex-Kanzleramtsminister <a href=\"https:\/\/cba.fro.at\/375791\" target=\"_blank\" rel=\"noopener\">Thomas Drozda<\/a> (CBA), Justizsprecher <a href=\"https:\/\/cba.fro.at\/375782\" target=\"_blank\" rel=\"noopener\">Hannes Jarolim<\/a> (CBA), Chef der Wohnpartner <a href=\"https:\/\/cba.fro.at\/375785\" target=\"_blank\" rel=\"noopener\">Josef Cer<\/a> (CBA), Bezirksvorsteher von der Donaustadt <a href=\"https:\/\/cba.fro.at\/375788\" target=\"_blank\" rel=\"noopener\">Ernst Nevrivy<\/a> (CBA), die scheidende Bezirksvorsteherin vom Alsergrund <a href=\"https:\/\/cba.fro.at\/375786\" target=\"_blank\" rel=\"noopener\">Martina Malyar<\/a> (CBA), Bezirksr\u00e4tin von D\u00f6bling <a href=\"https:\/\/cba.fro.at\/375787\" target=\"_blank\" rel=\"noopener\">Frederike Hawlicek<\/a> (CBA), der ehemalige EU-Abgeordnete <a href=\"https:\/\/cba.fro.at\/375780\" target=\"_blank\" rel=\"noopener\">Hannes Swoboda<\/a> (CBA), sowie der ehemalige Stadtrat und Klubobmann <a href=\"https:\/\/cba.fro.at\/375784\" target=\"_blank\" rel=\"noopener\">Rudi Schicker<\/a> (CBA), u.a.<\/p>\n<p>Alle Interviews gibt&#8217;s zusammengefasst auf der <a href=\"https:\/\/cba.fro.at\/374412\" target=\"_blank\" rel=\"noopener\">CBA zum nachh\u00f6ren<\/a>.<\/p>\n","protected":false},"excerpt":{"rendered":"<p>Text: Pepo Meia, Niels Cimpa Wie jedes Jahr veranstaltete die SP\u00d6 auch heuer wieder den traditionellen Maiaufmarsch in der Bundeshauptstadt Wien. Bei fr\u00fchsommerlichem Wetter kamen laut Veranstalter weit \u00fcber 100.000 Menschen zum Rathausplatz. Festredner waren der zuk\u00fcnftige B\u00fcrgermeister und Landeshauptmann von Wien Michael Ludwig, Finanz-St\u00e4dtr\u00e4tin Renate Brauner und die neue Arbeiterkammerpr\u00e4sidentin Renate Anderl. Der ehemalige&#8230; <a href=\"https:\/\/bmin.info\/WP\/2018\/05\/10\/1-mai-2018-festreden-und-interviews-am-wiener-rathausplatz\/\" class=\"more-link\">Continue reading <span class=\"screen-reader-text\">1. Mai 2018: Festreden und Interviews am Wiener Rathausplatz<\/span><\/a><\/p>\n","protected":false},"author":3,"featured_media":0,"comment_status":"closed","ping_status":"closed","sticky":false,"template":"","format":"standard","meta":{"footnotes":""},"categories":[3],"tags":[],"class_list":["post-5149","post","type-post","status-publish","format-standard","hentry","category-info"],"_links":{"self":[{"href":"https:\/\/bmin.info\/WP\/wp-json\/wp\/v2\/posts\/5149","targetHints":{"allow":["GET"]}}],"collection":[{"href":"https:\/\/bmin.info\/WP\/wp-json\/wp\/v2\/posts"}],"about":[{"href":"https:\/\/bmin.info\/WP\/wp-json\/wp\/v2\/types\/post"}],"author":[{"embeddable":true,"href":"https:\/\/bmin.info\/WP\/wp-json\/wp\/v2\/users\/3"}],"replies":[{"embeddable":true,"href":"https:\/\/bmin.info\/WP\/wp-json\/wp\/v2\/comments?post=5149"}],"version-history":[{"count":38,"href":"https:\/\/bmin.info\/WP\/wp-json\/wp\/v2\/posts\/5149\/revisions"}],"predecessor-version":[{"id":5222,"href":"https:\/\/bmin.info\/WP\/wp-json\/wp\/v2\/posts\/5149\/revisions\/5222"}],"wp:attachment":[{"href":"https:\/\/bmin.info\/WP\/wp-json\/wp\/v2\/media?parent=5149"}],"wp:term":[{"taxonomy":"category","embeddable":true,"href":"https:\/\/bmin.info\/WP\/wp-json\/wp\/v2\/categories?post=5149"},{"taxonomy":"post_tag","embeddable":true,"href":"https:\/\/bmin.info\/WP\/wp-json\/wp\/v2\/tags?post=5149"}],"curies":[{"name":"wp","href":"https:\/\/api.w.org\/{rel}","templated":true}]}}