{"id":5151,"date":"2018-05-22T11:59:30","date_gmt":"2018-05-22T10:59:30","guid":{"rendered":"http:\/\/bmin.info\/WP\/?p=5151"},"modified":"2018-05-28T18:19:56","modified_gmt":"2018-05-28T17:19:56","slug":"neue-spoe-behindertensprecherin-im-parlament-birgit-sandler","status":"publish","type":"post","link":"https:\/\/bmin.info\/WP\/2018\/05\/22\/neue-spoe-behindertensprecherin-im-parlament-birgit-sandler\/","title":{"rendered":"Neue SP\u00d6-Behindertensprecherin im Parlament: Birgit Sandler"},"content":{"rendered":"<p>Text: Niels Cimpa<br \/>\nVorweg: Die SP\u00d6 bleibt ihrer Linie treu und hat wieder keinen Betroffenen als Behindertensprecher nachnominiert, obwohl sicherlich kompetente Betroffene als Quereinsteiger bereitgestanden w\u00e4ren.<\/p>\n<p><a href=\"https:\/\/bmin.info\/WP\/wp-content\/uploads\/2018\/05\/Lercher-Mei.jpg\"><img loading=\"lazy\" decoding=\"async\" class=\"alignright size-medium wp-image-5157\" src=\"https:\/\/bmin.info\/WP\/wp-content\/uploads\/2018\/05\/Lercher-Mei-214x300.jpg\" alt=\"\" width=\"214\" height=\"300\" \/><\/a>Die Bundesparteizentrale in der L\u00f6welsta\u00dfe ist f\u00fcr Rollstuhlnutzer noch immer nicht zug\u00e4nglich. Bundesparteivorsitzender Mag. Christian Kern und auch der neue Wiener SP-Parteichef Dr. Michael Ludwig haben andere Priorit\u00e4ten als das seit Jahrzehnten versprochene Vorhaben einzul\u00f6sen. Der neue Bundesgesch\u00e4ftsf\u00fchrer aus der Steiermark Max Lercher zeigt sich in einem <a href=\"https:\/\/cba.fro.at\/375571\" target=\"_blank\" rel=\"noopener\">Exklusivinterview (CBA)<\/a> mit Pepo Meia bei der SP\u00d6-Festkundgebung am 1. Mai 2018 zuversichtlich, die Bundesparteizentrale auch f\u00fcr Rollstuhlfahrer zug\u00e4nglich zu machen.<\/p>\n<p><em>Der SP\u00d6-Parlamentsklub gab Mitte Mai bekannt, dass die Steirerin Birgit Sandler der Nieder\u00f6sterreicherin Ulrike K\u00f6nigsberger-Ludwig als SP\u00d6-Behindertensprecherin im Parlament nachfolgt.<\/em><\/p>\n<p><strong>Birgit Sandler<\/strong><br \/>\n<a href=\"https:\/\/bmin.info\/WP\/wp-content\/uploads\/2018\/05\/Sandler-B.jpg\"><img loading=\"lazy\" decoding=\"async\" class=\"alignright size-medium wp-image-5197\" src=\"https:\/\/bmin.info\/WP\/wp-content\/uploads\/2018\/05\/Sandler-B-300x286.jpg\" alt=\"\" width=\"300\" height=\"286\" srcset=\"https:\/\/bmin.info\/WP\/wp-content\/uploads\/2018\/05\/Sandler-B-300x286.jpg 300w, https:\/\/bmin.info\/WP\/wp-content\/uploads\/2018\/05\/Sandler-B-144x137.jpg 144w, https:\/\/bmin.info\/WP\/wp-content\/uploads\/2018\/05\/Sandler-B.jpg 579w\" sizes=\"auto, (max-width: 300px) 100vw, 300px\" \/><\/a>Die 1964 geborene Steirerin Birgit Silvia Sandler ist aus Leoben und seit 2014 im Gemeinderat.<br \/>\nSeit November 2017 ist sie Nationalratsabgeordnete f\u00fcr die SP\u00d6 und u.a. im\u00a0Ausschuss f\u00fcr Familie und Jugend und im Ausschuss f\u00fcr Land- und Forstwirtschaft t\u00e4tig. Im f\u00fcr behinderte Menschen zust\u00e4ndigen\u00a0Ausschuss f\u00fcr Arbeit und Soziales ist sie derzeit Ersatzmitglied.<\/p>\n<p>Ihr beruflicher Werdegang ist abwechslungsreich und f\u00fchrte sie zur Volkshilfe, den Kinderfreunden, dem BFI und auch drei Jahre in die USA.<\/p>\n","protected":false},"excerpt":{"rendered":"<p>Text: Niels Cimpa Vorweg: Die SP\u00d6 bleibt ihrer Linie treu und hat wieder keinen Betroffenen als Behindertensprecher nachnominiert, obwohl sicherlich kompetente Betroffene als Quereinsteiger bereitgestanden w\u00e4ren. Die Bundesparteizentrale in der L\u00f6welsta\u00dfe ist f\u00fcr Rollstuhlnutzer noch immer nicht zug\u00e4nglich. Bundesparteivorsitzender Mag. Christian Kern und auch der neue Wiener SP-Parteichef Dr. Michael Ludwig haben andere Priorit\u00e4ten als&#8230; <a href=\"https:\/\/bmin.info\/WP\/2018\/05\/22\/neue-spoe-behindertensprecherin-im-parlament-birgit-sandler\/\" class=\"more-link\">Continue reading <span class=\"screen-reader-text\">Neue SP\u00d6-Behindertensprecherin im Parlament: Birgit Sandler<\/span><\/a><\/p>\n","protected":false},"author":3,"featured_media":0,"comment_status":"closed","ping_status":"closed","sticky":false,"template":"","format":"standard","meta":{"footnotes":""},"categories":[3],"tags":[],"class_list":["post-5151","post","type-post","status-publish","format-standard","hentry","category-info"],"_links":{"self":[{"href":"https:\/\/bmin.info\/WP\/wp-json\/wp\/v2\/posts\/5151","targetHints":{"allow":["GET"]}}],"collection":[{"href":"https:\/\/bmin.info\/WP\/wp-json\/wp\/v2\/posts"}],"about":[{"href":"https:\/\/bmin.info\/WP\/wp-json\/wp\/v2\/types\/post"}],"author":[{"embeddable":true,"href":"https:\/\/bmin.info\/WP\/wp-json\/wp\/v2\/users\/3"}],"replies":[{"embeddable":true,"href":"https:\/\/bmin.info\/WP\/wp-json\/wp\/v2\/comments?post=5151"}],"version-history":[{"count":10,"href":"https:\/\/bmin.info\/WP\/wp-json\/wp\/v2\/posts\/5151\/revisions"}],"predecessor-version":[{"id":5247,"href":"https:\/\/bmin.info\/WP\/wp-json\/wp\/v2\/posts\/5151\/revisions\/5247"}],"wp:attachment":[{"href":"https:\/\/bmin.info\/WP\/wp-json\/wp\/v2\/media?parent=5151"}],"wp:term":[{"taxonomy":"category","embeddable":true,"href":"https:\/\/bmin.info\/WP\/wp-json\/wp\/v2\/categories?post=5151"},{"taxonomy":"post_tag","embeddable":true,"href":"https:\/\/bmin.info\/WP\/wp-json\/wp\/v2\/tags?post=5151"}],"curies":[{"name":"wp","href":"https:\/\/api.w.org\/{rel}","templated":true}]}}