{"id":5193,"date":"2018-05-09T16:30:31","date_gmt":"2018-05-09T15:30:31","guid":{"rendered":"http:\/\/bmin.info\/WP\/?p=5193"},"modified":"2018-05-28T07:04:43","modified_gmt":"2018-05-28T06:04:43","slug":"wien-power-parade","status":"publish","type":"post","link":"https:\/\/bmin.info\/WP\/2018\/05\/09\/wien-power-parade\/","title":{"rendered":"Wien: Power Parade"},"content":{"rendered":"<p>Text: Niels Cimpa<br \/>\nAm Donnerstag, den 21. Juni 2018, findet in Wien eine sogenannte Power Parade statt.<\/p>\n<p>Pepo Meia <a href=\"https:\/\/cba.fro.at\/375722\" target=\"_blank\" rel=\"noopener\">im Interview (CBA)<\/a> mit Valerie Clarke &#8211; eine Initiatorin der Power Parade.<\/p>\n<p><a href=\"https:\/\/bmin.info\/WP\/wp-content\/uploads\/2018\/05\/Valerie-Pep.jpg\"><img loading=\"lazy\" decoding=\"async\" class=\"alignright size-medium wp-image-5214\" src=\"https:\/\/bmin.info\/WP\/wp-content\/uploads\/2018\/05\/Valerie-Pep-300x225.jpg\" alt=\"\" width=\"300\" height=\"225\" \/><\/a>Vor dem Rathaus um 10 Uhr treffen sich unter dem Motto &#8222;Alle f\u00fcr Alle&#8220; Vereine, Betroffene und deren Angeh\u00f6rige, Helfer, Betreuer, Assistenten, sowie Aktivisten, Freunde und Unterst\u00fctzer der Behindertenbewegung um u.a. mehr finanzielle Mittel f\u00fcr die Realisierung inklusive Ma\u00dfnahmen von der Politik einzufordern (Wertanpassung und Erh\u00f6hung des Pflegegeldes, mehr Mittel f\u00fcr barrierefreie Ma\u00dfnahmen im \u00f6ffentlichen sowie auch im privaten Bereich, mehr Sonderp\u00e4dagogen, Ausbau der Pers\u00f6nlichen Assistenz in ganz \u00d6sterreich, u.a.).<br \/>\nUm 11 Uhr ist Abmarsch: \u00dcber den Ring geht die lautstarke Protestaktion mit Partystimmung zum Heldenplatz.<br \/>\nAuf der B\u00fchne gibt es vielf\u00e4ltiges Programm und auch Infost\u00e4nde verschiedenster Vereine und Organisationen gibt es laut Pressemappe.<\/p>\n<p>Weitere Informationen finden sie auf der <a href=\"http:\/\/www.powerparade.at\" target=\"_blank\" rel=\"noopener\">Webseite der Power Parade<\/a><\/p>\n","protected":false},"excerpt":{"rendered":"<p>Text: Niels Cimpa Am Donnerstag, den 21. Juni 2018, findet in Wien eine sogenannte Power Parade statt. Pepo Meia im Interview (CBA) mit Valerie Clarke &#8211; eine Initiatorin der Power Parade. Vor dem Rathaus um 10 Uhr treffen sich unter dem Motto &#8222;Alle f\u00fcr Alle&#8220; Vereine, Betroffene und deren Angeh\u00f6rige, Helfer, Betreuer, Assistenten, sowie Aktivisten,&#8230; <a href=\"https:\/\/bmin.info\/WP\/2018\/05\/09\/wien-power-parade\/\" class=\"more-link\">Continue reading <span class=\"screen-reader-text\">Wien: Power Parade<\/span><\/a><\/p>\n","protected":false},"author":3,"featured_media":0,"comment_status":"closed","ping_status":"closed","sticky":false,"template":"","format":"standard","meta":{"footnotes":""},"categories":[3],"tags":[],"class_list":["post-5193","post","type-post","status-publish","format-standard","hentry","category-info"],"_links":{"self":[{"href":"https:\/\/bmin.info\/WP\/wp-json\/wp\/v2\/posts\/5193","targetHints":{"allow":["GET"]}}],"collection":[{"href":"https:\/\/bmin.info\/WP\/wp-json\/wp\/v2\/posts"}],"about":[{"href":"https:\/\/bmin.info\/WP\/wp-json\/wp\/v2\/types\/post"}],"author":[{"embeddable":true,"href":"https:\/\/bmin.info\/WP\/wp-json\/wp\/v2\/users\/3"}],"replies":[{"embeddable":true,"href":"https:\/\/bmin.info\/WP\/wp-json\/wp\/v2\/comments?post=5193"}],"version-history":[{"count":8,"href":"https:\/\/bmin.info\/WP\/wp-json\/wp\/v2\/posts\/5193\/revisions"}],"predecessor-version":[{"id":5238,"href":"https:\/\/bmin.info\/WP\/wp-json\/wp\/v2\/posts\/5193\/revisions\/5238"}],"wp:attachment":[{"href":"https:\/\/bmin.info\/WP\/wp-json\/wp\/v2\/media?parent=5193"}],"wp:term":[{"taxonomy":"category","embeddable":true,"href":"https:\/\/bmin.info\/WP\/wp-json\/wp\/v2\/categories?post=5193"},{"taxonomy":"post_tag","embeddable":true,"href":"https:\/\/bmin.info\/WP\/wp-json\/wp\/v2\/tags?post=5193"}],"curies":[{"name":"wp","href":"https:\/\/api.w.org\/{rel}","templated":true}]}}