{"id":520,"date":"2016-03-29T20:42:34","date_gmt":"2016-03-29T19:42:34","guid":{"rendered":"http:\/\/bmin.info\/WP\/?p=520"},"modified":"2016-04-02T19:38:25","modified_gmt":"2016-04-02T18:38:25","slug":"salzburg-behindertengesetz-wie-aus-vorigem-jahrhundert","status":"publish","type":"post","link":"https:\/\/bmin.info\/WP\/2016\/03\/29\/salzburg-behindertengesetz-wie-aus-vorigem-jahrhundert\/","title":{"rendered":"Salzburg: Behindertengesetz wie aus vorigem Jahrhundert"},"content":{"rendered":"<p>Text: Thomas Neuhold \/ Der Standard vom 29. M\u00e4rz 2016<\/p>\n<p>Salzburg \u2013 35 Jahren legt das Land eine Novelle zum Behindertengesetz vor. F\u00fcr die Menschen, um die es dabei geht, d\u00fcrfte sich kaum etwas \u00e4ndern<\/p>\n<p>Arbeit macht Freude, ist sinnstiftend und kann ein wichtiger Beitrag zur sozialen Inklusion von Menschen mit Beeintr\u00e4chtigungen sein. Seit November sind zehn von dem Salzburger Verein Lebenshilfe betreute Menschen bei der Personalvermittlungsfirma Teampool im Flachgauer Seekirchen besch\u00e4ftigt. Sie sortieren Werbemittel und verpacken diese. Ein \u00e4hnliches Modell gibt es bei einem Betrieb f\u00fcr Reinigungstechnik.<\/p>\n<p>Der Wermutstropfen dabei: Alle sind nur auf geringf\u00fcgiger Basis besch\u00e4ftigt. W\u00fcrden sie mehr verdienen, w\u00fcrden sie aus der Behindertenbeihilfe des Landes fallen, sagt Vereinssprecherin Claudia Tomasini.<\/p>\n<p>Der komplette Artikel: <a href=\"http:\/\/derstandard.at\/2000033818061\/Salzburger-Behindertengesetz-wie-aus-dem-vorigen-Jahrhundert\" target=\"_blank\">derstandard.at<\/a><\/p>\n<p><em>Artikel zum Thema:<\/em><br \/>\n<strong>Neues Behindertengesetz (Salzburg): Behinderte als Berater<\/strong><br \/>\nMenschen mit Behinderung werden k\u00fcnftig die Landesregierung bei ihrer Behindertenpolitik beraten. Im neuen Behindertengesetz ist erstmals die Bildung eines solchen Beratungsgremiums verpflichtend vorgeschrieben.<br \/>\nDer komplette Artikel: <a href=\"http:\/\/salzburg.orf.at\/news\/stories\/2765345\/\" target=\"_blank\">salzburg.orf.at<\/a><\/p>\n<p><strong>Salzburger Behindertengesetz wird novelliert<\/strong><br \/>\nDer komplette Artikel:\u00a0<a href=\"https:\/\/www.bizeps.or.at\/salzburger-behindertengesetz-wird-novelliert\/\" target=\"_blank\">BIZEPS online vom 31.03.2016<\/a><\/p>\n","protected":false},"excerpt":{"rendered":"<p>Text: Thomas Neuhold \/ Der Standard vom 29. M\u00e4rz 2016 Salzburg \u2013 35 Jahren legt das Land eine Novelle zum Behindertengesetz vor. F\u00fcr die Menschen, um die es dabei geht, d\u00fcrfte sich kaum etwas \u00e4ndern Arbeit macht Freude, ist sinnstiftend und kann ein wichtiger Beitrag zur sozialen Inklusion von Menschen mit Beeintr\u00e4chtigungen sein. Seit November&#8230; <a href=\"https:\/\/bmin.info\/WP\/2016\/03\/29\/salzburg-behindertengesetz-wie-aus-vorigem-jahrhundert\/\" class=\"more-link\">Continue reading <span class=\"screen-reader-text\">Salzburg: Behindertengesetz wie aus vorigem Jahrhundert<\/span><\/a><\/p>\n","protected":false},"author":3,"featured_media":0,"comment_status":"closed","ping_status":"closed","sticky":false,"template":"","format":"standard","meta":{"footnotes":""},"categories":[3],"tags":[],"class_list":["post-520","post","type-post","status-publish","format-standard","hentry","category-info"],"_links":{"self":[{"href":"https:\/\/bmin.info\/WP\/wp-json\/wp\/v2\/posts\/520","targetHints":{"allow":["GET"]}}],"collection":[{"href":"https:\/\/bmin.info\/WP\/wp-json\/wp\/v2\/posts"}],"about":[{"href":"https:\/\/bmin.info\/WP\/wp-json\/wp\/v2\/types\/post"}],"author":[{"embeddable":true,"href":"https:\/\/bmin.info\/WP\/wp-json\/wp\/v2\/users\/3"}],"replies":[{"embeddable":true,"href":"https:\/\/bmin.info\/WP\/wp-json\/wp\/v2\/comments?post=520"}],"version-history":[{"count":5,"href":"https:\/\/bmin.info\/WP\/wp-json\/wp\/v2\/posts\/520\/revisions"}],"predecessor-version":[{"id":539,"href":"https:\/\/bmin.info\/WP\/wp-json\/wp\/v2\/posts\/520\/revisions\/539"}],"wp:attachment":[{"href":"https:\/\/bmin.info\/WP\/wp-json\/wp\/v2\/media?parent=520"}],"wp:term":[{"taxonomy":"category","embeddable":true,"href":"https:\/\/bmin.info\/WP\/wp-json\/wp\/v2\/categories?post=520"},{"taxonomy":"post_tag","embeddable":true,"href":"https:\/\/bmin.info\/WP\/wp-json\/wp\/v2\/tags?post=520"}],"curies":[{"name":"wp","href":"https:\/\/api.w.org\/{rel}","templated":true}]}}