{"id":5266,"date":"2018-06-27T08:39:49","date_gmt":"2018-06-27T07:39:49","guid":{"rendered":"http:\/\/bmin.info\/WP\/?p=5266"},"modified":"2021-09-20T07:55:19","modified_gmt":"2021-09-20T06:55:19","slug":"megafriedliches-35-jubilaeums-donauinselfest","status":"publish","type":"post","link":"https:\/\/bmin.info\/WP\/2018\/06\/27\/megafriedliches-35-jubilaeums-donauinselfest\/","title":{"rendered":"Megafriedliches 35. Jubil\u00e4ums-Donauinselfest"},"content":{"rendered":"<p>Text: Pepo Meia, Niels Cimpa<br \/>\n<strong>Wenig Verbesserungen puncto Barrierefreiheit<\/strong><br \/>\nVom 22. bis 24. Juni 2018 fand wieder das traditionelle Donauinselfest der SP\u00d6-Wien statt. Trotz launischen Wetters und Fu\u00dfball-WM pilgerten laut Veranstalter an die 2,4 Millionen Besucher zu Europas gr\u00f6\u00dftem Gratis-Freiluftfestival. Auch dieses Jahr waren wieder viele Rollstuhlfahrer unterwegs.<\/p>\n<p>Einen Audiobeitrag zum nachh\u00f6ren gibt&#8217;s auf der <a href=\"https:\/\/cba.fro.at\/379506\" target=\"_blank\" rel=\"noopener\">CBA<\/a> (Culture Broadcasting Archive)<\/p>\n<p><strong><a href=\"https:\/\/bmin.info\/WP\/wp-content\/uploads\/2018\/06\/DI18-poli.jpg\"><img loading=\"lazy\" decoding=\"async\" class=\"alignleft size-medium wp-image-5351\" src=\"https:\/\/bmin.info\/WP\/wp-content\/uploads\/2018\/06\/DI18-poli-300x199.jpg\" alt=\"\" width=\"300\" height=\"199\" \/><\/a>Megafriedlich<\/strong><br \/>\nRund 1500 K\u00fcnstler waren auf 11 B\u00fchnen und etlichen Nebenschaupl\u00e4tzen aktiv. Erfreulicherweise war es laut Sicherheitskr\u00e4ften dieses Jahr &#8222;megafriedlich&#8220;.<\/p>\n<p><strong>Wenig Verbesserungen puncto Barrierefreiheit<\/strong><br \/>\nPuncto Barrierefreiheit waren im Vergleich zu den vergangenen Jahren wenig Verbesserungen ersichtlich. Die 2012 renovierten WC-Anlagen der Donauinsel sind noch immer nicht f\u00fcr Rollstuhlfahrer zug\u00e4nglich, obwohl die Volksanwaltschaft, Medien, aber auch BMIN hier schon seit etlichen Jahren auf diese Fehler aufmerksam gemacht haben.<\/p>\n<p><a href=\"https:\/\/bmin.info\/WP\/wp-content\/uploads\/2018\/06\/DSCF0730aWC2.jpg\"><img loading=\"lazy\" decoding=\"async\" class=\" wp-image-5269 alignnone\" src=\"https:\/\/bmin.info\/WP\/wp-content\/uploads\/2018\/06\/DSCF0730aWC2-300x221.jpg\" alt=\"\" width=\"252\" height=\"185\" \/><\/a> <a href=\"https:\/\/bmin.info\/WP\/wp-content\/uploads\/2018\/06\/IMG_1485aWC1.jpg\"><img loading=\"lazy\" decoding=\"async\" class=\" wp-image-5270 alignnone\" src=\"https:\/\/bmin.info\/WP\/wp-content\/uploads\/2018\/06\/IMG_1485aWC1-300x224.jpg\" alt=\"\" width=\"247\" height=\"185\" \/><\/a> <a href=\"https:\/\/bmin.info\/WP\/wp-content\/uploads\/2018\/06\/DI18-Bella-Access.jpg\"><img loading=\"lazy\" decoding=\"async\" class=\"wp-image-5352 alignnone\" src=\"https:\/\/bmin.info\/WP\/wp-content\/uploads\/2018\/06\/DI18-Bella-Access-300x204.jpg\" alt=\"\" width=\"272\" height=\"185\" \/><\/a><\/p>\n<p>Mobile WC-Anlagen f\u00fcr mobilit\u00e4tseingeschr\u00e4nkte Personen sind kein wirklicher Ersatz f\u00fcr station\u00e4re, da z.B. keine Haltegriffe, aber auch keine Waschm\u00f6glichkeiten vorhanden sind. Au\u00dferdem waren die mobilen Behinderten-WCs (sie sind breiter und ohne Stufe zug\u00e4nglich) auf der ganzen Insel sp\u00e4rlich verteilt, teilweise schwer zug\u00e4nglich aber auch teilweise mit Vorh\u00e4ngeschl\u00f6ssern versperrt. Die Schl\u00fcssel konnte man (laut Hinweisschild) bei Securitys abholen, wobei man sich erst m\u00fchselig durchfragen muss, wo diese aufbewahrt werden. Abhilfe k\u00f6nnten m\u00f6glicherweise Euroschl\u00fcssel-Systeme schaffen.<\/p>\n<p><a href=\"https:\/\/bmin.info\/WP\/wp-content\/uploads\/2018\/06\/DI18-FSWa.jpg\"><img loading=\"lazy\" decoding=\"async\" class=\" wp-image-5315 alignnone\" src=\"https:\/\/bmin.info\/WP\/wp-content\/uploads\/2018\/06\/DI18-FSWa-300x225.jpg\" alt=\"\" width=\"304\" height=\"228\" \/>\u00a0<\/a><a href=\"https:\/\/bmin.info\/WP\/wp-content\/uploads\/2018\/06\/IMG_1508bSTUFE.jpg\"><img loading=\"lazy\" decoding=\"async\" class=\"wp-image-5276 alignnone\" src=\"https:\/\/bmin.info\/WP\/wp-content\/uploads\/2018\/06\/IMG_1508bSTUFE-248x300.jpg\" alt=\"\" width=\"188\" height=\"228\" srcset=\"https:\/\/bmin.info\/WP\/wp-content\/uploads\/2018\/06\/IMG_1508bSTUFE-248x300.jpg 248w, https:\/\/bmin.info\/WP\/wp-content\/uploads\/2018\/06\/IMG_1508bSTUFE-119x144.jpg 119w, https:\/\/bmin.info\/WP\/wp-content\/uploads\/2018\/06\/IMG_1508bSTUFE.jpg 762w\" sizes=\"auto, (max-width: 188px) 100vw, 188px\" \/><\/a> <a href=\"https:\/\/bmin.info\/WP\/wp-content\/uploads\/2018\/06\/IMG_1507aSTUFE1.jpg\"><img loading=\"lazy\" decoding=\"async\" class=\"wp-image-5277 alignnone\" src=\"https:\/\/bmin.info\/WP\/wp-content\/uploads\/2018\/06\/IMG_1507aSTUFE1-300x225.jpg\" alt=\"\" width=\"303\" height=\"228\" \/><\/a><\/p>\n<p>Auch bei den St\u00e4nden der meisten Aussteller bzw. Sponsoren (siehe Foto li. auch der FSW-Infostand) und Gastronomie, war es Rollstuhlnutzern durch eine mindestens 12-13 cm hohe Stufe nicht m\u00f6glich diese zu besuchen. Dabei w\u00e4re eine Montage einer fixierbaren mobilen &#8222;Behinderten-Rampe&#8220; sicherlich m\u00f6glich und auch erschwinglich &#8211; diese w\u00e4re auch nicht besonders aufw\u00e4ndig zu errichten.<\/p>\n<p><strong>Neu: Infopoint von Full Access am Donauinselfest &#8211; leider noch nicht barrierefrei<\/strong><br \/>\nFull Access wurde 2016 gegr\u00fcndet und versteht sich als Anlaufstelle f\u00fcr Menschen mit Behinderungen und Veranstalter_innen gleicherma\u00dfen.<\/p>\n<p><a href=\"https:\/\/bmin.info\/WP\/wp-content\/uploads\/2018\/06\/DSCF0734aBella-WC-Access.jpg\"><img loading=\"lazy\" decoding=\"async\" class=\" wp-image-5280 alignright\" src=\"https:\/\/bmin.info\/WP\/wp-content\/uploads\/2018\/06\/DSCF0734aBella-WC-Access-300x214.jpg\" alt=\"\" width=\"287\" height=\"205\" \/><\/a> <a href=\"https:\/\/bmin.info\/WP\/wp-content\/uploads\/2018\/06\/DSCF0741access.jpg\"><img loading=\"lazy\" decoding=\"async\" class=\" wp-image-5281 alignright\" src=\"https:\/\/bmin.info\/WP\/wp-content\/uploads\/2018\/06\/DSCF0741access-300x224.jpg\" alt=\"\" width=\"274\" height=\"205\" \/><\/a><\/p>\n<p>Die beiden engagierten Wiener Start-Up Unternehmerinnen konnten <a href=\"https:\/\/www.youtube.com\/watch?v=FtdqxEggV5Y&amp;feature=youtu.be\" target=\"_blank\" rel=\"noopener\">2017 die ersten Erfahrungen beim 34. Donauinselfest<\/a> (YouTube-Video) sammeln. <a href=\"http:\/\/www.fullaccess.at\" target=\"_blank\" rel=\"noopener\">Full Access<\/a> will L\u00f6sungen anbieten, die sich im Zusammenhang von Freizeitveranstaltungen und Barrierefreiheit stellen und m\u00f6chte u.a. die Zug\u00e4nglichkeit zu Veranstaltungen f\u00fcr Menschen mit den unterschiedlichsten Arten von Behinderungen verbessern. Ihr Ziel ist es die UN-Behindertenrechtskonvention, sowie den \u201eNationalen Aktionsplan Behinderung 2012\u20132020\u201c umzusetzen, um Besucher_innen mit Behinderungen ein barrierefreies Event-Erlebnis zu erm\u00f6glichen.<\/p>\n<p><strong>Mainstage: Rollstuhl-Trib\u00fcne mangelhaft<\/strong><br \/>\nDie Rollstuhl-Trib\u00fcne bei der Main-Stage (Hauptb\u00fchne) war dieses Jahr noch besser zug\u00e4nglich und auch \u00fcberdacht (Flower-Tower). Leider war diese wieder sehr weit von der B\u00fchne entfernt und die Sicht wurde durch Querstangen und, wie bei den letzten Jahren, durch Gastronomie-Zelte erschwert. Hier k\u00f6nnte man f\u00fcr n\u00e4chstes Jahr daraus lernen und die Rollstuhl-Trib\u00fcne entweder einen halben Meter erh\u00f6hen, oder das Gastronomie-Zelt etwas niedriger gestalten &#8211; vielleicht auch etwas n\u00e4her an die Hauptb\u00fchne heranr\u00fccken&#8230;<\/p>\n<p><a href=\"https:\/\/bmin.info\/WP\/wp-content\/uploads\/2018\/06\/DI18-FloTower-Rampe.jpg\"><img loading=\"lazy\" decoding=\"async\" class=\"alignnone wp-image-5285\" src=\"https:\/\/bmin.info\/WP\/wp-content\/uploads\/2018\/06\/DI18-FloTower-Rampe-219x300.jpg\" alt=\"\" width=\"190\" height=\"260\" srcset=\"https:\/\/bmin.info\/WP\/wp-content\/uploads\/2018\/06\/DI18-FloTower-Rampe-219x300.jpg 219w, https:\/\/bmin.info\/WP\/wp-content\/uploads\/2018\/06\/DI18-FloTower-Rampe-105x144.jpg 105w, https:\/\/bmin.info\/WP\/wp-content\/uploads\/2018\/06\/DI18-FloTower-Rampe.jpg 578w\" sizes=\"auto, (max-width: 190px) 100vw, 190px\" \/>\u00a0<\/a><a href=\"https:\/\/bmin.info\/WP\/wp-content\/uploads\/2018\/06\/DI18-FlowerTower2.jpg\"><img loading=\"lazy\" decoding=\"async\" class=\"alignnone wp-image-5301\" src=\"https:\/\/bmin.info\/WP\/wp-content\/uploads\/2018\/06\/DI18-FlowerTower2-225x300.jpg\" alt=\"\" width=\"195\" height=\"260\" \/><\/a> <a href=\"https:\/\/bmin.info\/WP\/wp-content\/uploads\/2018\/06\/DI18-Trib.jpg\"><img loading=\"lazy\" decoding=\"async\" class=\"alignnone wp-image-5286\" src=\"https:\/\/bmin.info\/WP\/wp-content\/uploads\/2018\/06\/DI18-Trib-300x230.jpg\" alt=\"\" width=\"339\" height=\"260\" \/><\/a><\/p>\n<p><strong>Behindertenparkpl\u00e4tze Mangelware<\/strong><br \/>\nBewachte und gekennzeichnete Behindertenparkpl\u00e4tze waren f\u00fcr Menschen mit k\u00f6rperlicher Beeintr\u00e4chtigung laut Veranstalter lediglich bei der U6 Station \u201eNeue Donau\u201c. Bei der Floridsdorfer Br\u00fccke gab es dieses Jahr keine. Eine Anfahrt ist ohnedies mit den &#8222;\u00d6ffis&#8220; anzuraten.<br \/>\n<em><strong>Anm<\/strong>.: Rollstuhlnutzer brauchen breitere Parkpl\u00e4tze (3,5 Meter)<\/em><\/p>\n<p style=\"text-align: center;\">\u00a0<strong>Polit-Prominenz am Donauinselfest<\/strong><\/p>\n<figure id=\"attachment_5290\" aria-describedby=\"caption-attachment-5290\" style=\"width: 312px\" class=\"wp-caption aligncenter\"><a href=\"https:\/\/bmin.info\/WP\/wp-content\/uploads\/2018\/06\/Ludwig-Markus-Sibrawa.jpg\"><img loading=\"lazy\" decoding=\"async\" class=\" wp-image-5290\" src=\"https:\/\/bmin.info\/WP\/wp-content\/uploads\/2018\/06\/Ludwig-Markus-Sibrawa-300x288.jpg\" alt=\"\" width=\"312\" height=\"300\" \/><\/a><figcaption id=\"caption-attachment-5290\" class=\"wp-caption-text\">Foto: Markus Sibrawa &#8211; Dr. Michael Ludwig zum ersten Mal als B\u00fcrgermeister am Donauinselfest<\/figcaption><\/figure>\n<figure id=\"attachment_5291\" aria-describedby=\"caption-attachment-5291\" style=\"width: 449px\" class=\"wp-caption aligncenter\"><a href=\"https:\/\/bmin.info\/WP\/wp-content\/uploads\/2018\/06\/Gruppe-Ziya-Erol.jpg\"><img loading=\"lazy\" decoding=\"async\" class=\" wp-image-5291\" src=\"https:\/\/bmin.info\/WP\/wp-content\/uploads\/2018\/06\/Gruppe-Ziya-Erol-300x200.jpg\" alt=\"\" width=\"449\" height=\"300\" \/><\/a><figcaption id=\"caption-attachment-5291\" class=\"wp-caption-text\">Foto: Ziya Erol &#8211; v.Li.: J\u00fcrgen Czernohorsky, Uli Sima, Peter Hacker, Veronika Kaup-Halser, Kathrin Gaal, Peter Hanke;<\/figcaption><\/figure>\n<p>An jedem der drei Festival-Tage ist erfahrungsgem\u00e4\u00df zwischen 18:00 und 24:00 am meisten los und wie in der Rushhour sollte man mit &#8222;Ber\u00fchrungs\u00e4ngsten&#8220; nicht unbedingt unterwegs sein.<\/p>\n<p><strong>Im Gro\u00dfen und Ganzen hatten wir einen angenehmen Eindruck vom 35. Donauinselfest.<\/strong> Wir wollen auch festhalten, dass sportliche Rollstuhlnutzer weniger Probleme auch mit dem teilweise unebenen Naturgel\u00e4nde der Insel haben. Mit Begleitpersonen und guter Vorbereitung kann sicherlich auch bei freiem Himmel \u00fcbernachtet werden.<\/p>\n<p>Artikel zum Thema:<br \/>\n<a href=\"https:\/\/bmin.info\/WP\/2017\/06\/26\/34-donauinselfest-2017-weniger-buehnen-mehr-sicherheit\/\" target=\"_blank\" rel=\"noopener\">34. Donauinselfest 2017: Weniger B\u00fchnen mehr Sicherheit<\/a><br \/>\n<a href=\"https:\/\/bmin.info\/WP\/2016\/06\/28\/33-donauinselfest-2016-rollstuhltribuene-aus-fehlern-wurde-gelernt\/\" target=\"_blank\" rel=\"noopener\">33. Donauinselfest 2016: Rollstuhltrib\u00fcne \u2013 aus Fehlern wurde gelernt<\/a><br \/>\n<a href=\"https:\/\/bmin.info\/WP\/2015\/06\/28\/32-donauinselfest-rollstuhltribuene-eine-frechheit\/\" target=\"_blank\" rel=\"noopener\">32. Donauinselfest: Rollstuhltrib\u00fcne eine Frechheit<\/a><br \/>\n<a href=\"http:\/\/www.bmin.info\/N-Archiv\/BMIN.achrichten\/Nachrichten\/Eintrage\/2014\/3\/31_BMIN-Erfolg__Donauinsel_-_zwei_Gehsteigabsenkungen_bei_Floridsdorfer_Brucke_-_Linie_31.html\" target=\"_blank\" rel=\"noopener\">BMIN Erfolg: Donauinsel \u2013 Zwei Gehsteigabsenkungen bei Floridsdorfer Br\u00fccke \u2013 Linie 31<\/a>\u00a0 (2014)<\/p>\n","protected":false},"excerpt":{"rendered":"<p>Text: Pepo Meia, Niels Cimpa Wenig Verbesserungen puncto Barrierefreiheit Vom 22. bis 24. Juni 2018 fand wieder das traditionelle Donauinselfest der SP\u00d6-Wien statt. Trotz launischen Wetters und Fu\u00dfball-WM pilgerten laut Veranstalter an die 2,4 Millionen Besucher zu Europas gr\u00f6\u00dftem Gratis-Freiluftfestival. Auch dieses Jahr waren wieder viele Rollstuhlfahrer unterwegs. Einen Audiobeitrag zum nachh\u00f6ren gibt&#8217;s auf der&#8230; <a href=\"https:\/\/bmin.info\/WP\/2018\/06\/27\/megafriedliches-35-jubilaeums-donauinselfest\/\" class=\"more-link\">Continue reading <span class=\"screen-reader-text\">Megafriedliches 35. Jubil\u00e4ums-Donauinselfest<\/span><\/a><\/p>\n","protected":false},"author":3,"featured_media":0,"comment_status":"closed","ping_status":"closed","sticky":false,"template":"","format":"standard","meta":{"footnotes":""},"categories":[3],"tags":[],"class_list":["post-5266","post","type-post","status-publish","format-standard","hentry","category-info"],"_links":{"self":[{"href":"https:\/\/bmin.info\/WP\/wp-json\/wp\/v2\/posts\/5266","targetHints":{"allow":["GET"]}}],"collection":[{"href":"https:\/\/bmin.info\/WP\/wp-json\/wp\/v2\/posts"}],"about":[{"href":"https:\/\/bmin.info\/WP\/wp-json\/wp\/v2\/types\/post"}],"author":[{"embeddable":true,"href":"https:\/\/bmin.info\/WP\/wp-json\/wp\/v2\/users\/3"}],"replies":[{"embeddable":true,"href":"https:\/\/bmin.info\/WP\/wp-json\/wp\/v2\/comments?post=5266"}],"version-history":[{"count":52,"href":"https:\/\/bmin.info\/WP\/wp-json\/wp\/v2\/posts\/5266\/revisions"}],"predecessor-version":[{"id":9570,"href":"https:\/\/bmin.info\/WP\/wp-json\/wp\/v2\/posts\/5266\/revisions\/9570"}],"wp:attachment":[{"href":"https:\/\/bmin.info\/WP\/wp-json\/wp\/v2\/media?parent=5266"}],"wp:term":[{"taxonomy":"category","embeddable":true,"href":"https:\/\/bmin.info\/WP\/wp-json\/wp\/v2\/categories?post=5266"},{"taxonomy":"post_tag","embeddable":true,"href":"https:\/\/bmin.info\/WP\/wp-json\/wp\/v2\/tags?post=5266"}],"curies":[{"name":"wp","href":"https:\/\/api.w.org\/{rel}","templated":true}]}}