{"id":5328,"date":"2018-06-26T09:30:03","date_gmt":"2018-06-26T08:30:03","guid":{"rendered":"http:\/\/bmin.info\/WP\/?p=5328"},"modified":"2018-07-13T09:29:01","modified_gmt":"2018-07-13T08:29:01","slug":"erste-power-parade-in-wien","status":"publish","type":"post","link":"https:\/\/bmin.info\/WP\/2018\/06\/26\/erste-power-parade-in-wien\/","title":{"rendered":"Erste Power Parade in Wien"},"content":{"rendered":"<p>Text: Pepo Meia, Niels Cimpa<br \/>\nUnter dem Motto &#8222;Alle F\u00fcr Alle&#8220; fand am 21. Juni 2018 zum ersten Mal in Wien die Power Parade statt. Bei fr\u00fchsommerlichem Wetter marschierten, rollten und demonstrierten Menschen mit verschiedensten Beeintr\u00e4chtigungen, aber auch viele Sympathisanten bei der ersten &#8222;disability pride parade&#8220; in \u00d6sterreich vom Rathaus \u00fcber die 2er Linie und den Ring zum Heldenplatz.<\/p>\n<p>Einen Audiobeitrag zum nachh\u00f6ren gibt&#8217;s auf der <a href=\"https:\/\/cba.fro.at\/379506\" target=\"_blank\" rel=\"noopener\">CBA<\/a> (Culture Broadcasting Archive)<br \/>\n<img loading=\"lazy\" decoding=\"async\" class=\"wp-image-5361 alignnone\" src=\"https:\/\/bmin.info\/WP\/wp-content\/uploads\/2018\/06\/180621PP_Rath1-300x225.jpg\" alt=\"\" width=\"376\" height=\"282\" \/>\u00a0\u00a0\u00a0 <a href=\"https:\/\/bmin.info\/WP\/wp-content\/uploads\/2018\/06\/180621PP_Rath7.jpg\"><img loading=\"lazy\" decoding=\"async\" class=\"wp-image-5360 alignnone\" src=\"https:\/\/bmin.info\/WP\/wp-content\/uploads\/2018\/06\/180621PP_Rath7-300x248.jpg\" alt=\"\" width=\"341\" height=\"282\" \/><\/a><\/p>\n<p>Valerie Clarke (Organisation) war aufgrund der technischen Startprobleme etwas im Stress. Mit etwas Versp\u00e4tung setzte sich die Parade hinter dem Rathaus schlie\u00dflich in Bewegung. Die <a href=\"http:\/\/www.gebaerdenwelt.tv\/artikel\/leben\/2018\/06\/22\/20180622692444815.html\" target=\"_blank\" rel=\"noopener\">Power Parade<\/a>, die sich vom Museumsquartier bis zum Rathaus erstreckte, war ein beeindruckender Anblick. Ein buntes Spektakel, wo mit lauten Pfeifkonzerten und Transparenten auch auf die Anliegen behinderter Menschen aufmerksam gemacht wurde. Wider Erwarten haben \u00fcber 1000 Menschen an der Parade teilgenommen.<\/p>\n<p><a href=\"https:\/\/bmin.info\/WP\/wp-content\/uploads\/2018\/06\/DSCF0681a.jpg\"><img loading=\"lazy\" decoding=\"async\" class=\"wp-image-5362 alignnone\" src=\"https:\/\/bmin.info\/WP\/wp-content\/uploads\/2018\/06\/DSCF0681a-300x185.jpg\" alt=\"\" width=\"389\" height=\"240\" \/><\/a>\u00a0\u00a0 <a href=\"https:\/\/bmin.info\/WP\/wp-content\/uploads\/2018\/06\/PP_Mus_Qua.jpg\"><img loading=\"lazy\" decoding=\"async\" class=\"wp-image-5363 alignnone\" src=\"https:\/\/bmin.info\/WP\/wp-content\/uploads\/2018\/06\/PP_Mus_Qua-300x189.jpg\" alt=\"\" width=\"381\" height=\"240\" \/><\/a><\/p>\n<p><em><strong>Anm.<\/strong>: Im Vorfeld \u00e4u\u00dferten Aktivisten Bedenken bez\u00fcglich des Termins, da die Parade an einem Donnerstag stattfand und viele Menschen mit Behinderung auch unter der Woche arbeiten.<\/em><\/p>\n<p>Au\u00dferdem haben kritische Aktivisten der Behindertenbewegung Bedenken ge\u00e4u\u00dfert, da ja verschiedenste Vereine und Organisationen, aber auch Soziale Dienstleister dabei waren. Wir sind jedoch der Meinung, dass vor allem in Zeiten wie diesen, nur eine einheitlich auftretende Behindertenbewegung auch politisch etwas bewegen kann.<\/p>\n<p>Die Forderungen einzelner Vereine und Sympathisanten waren durchaus brisant und aktuell, wie etwa die geplante K\u00fcrzung bei der Mindestsicherung, die mangelhafte Inklusion in Schulen, aber auch der beschlossene Ausbau der Sonderschulen ist ein R\u00fcckschritt. Auch die Forderung nach mehr Barrierefreiheit war auf Schildern zu lesen.<br \/>\nZum Beispiel meinte eine Teilnehmerin im Rollstuhl, dass sie wenig trinken m\u00f6chte, da keine geeigneten Behinderten-WC\u00b4s zur Verf\u00fcgung standen. Man musste zu einer \u00f6ffentlichen Behinderten-WC-Anlage mit den &#8222;\u00d6ffis&#8220; reisen.<\/p>\n<p><em><strong>Anm.<\/strong>: Mobile Behinderten-WC\u00b4s sind f\u00fcr viele mobilit\u00e4tseingeschr\u00e4nkte Personen und Rollstuhlnutzer nicht wirklich verwendbar, da keine Haltegriffe vorhanden sind. Vielleicht sind die Verantwortlichen vom 1sten Bezirk &#8211; Innere Stadt &#8211; dazu zu bewegen am Heldenplatz (Volks- und Burggarten) eine Behinderten-Toilette mit Waschgelegenheit zu errichten.<\/em><\/p>\n<p><a href=\"https:\/\/bmin.info\/WP\/wp-content\/uploads\/2018\/06\/180621PP_MaHa.jpg\"><img loading=\"lazy\" decoding=\"async\" class=\"alignleft size-medium wp-image-5359\" src=\"https:\/\/bmin.info\/WP\/wp-content\/uploads\/2018\/06\/180621PP_MaHa-300x271.jpg\" alt=\"\" width=\"300\" height=\"271\" \/><\/a>Der Privatsender OKTO hat den ganzen Tag von der Power Parade berichtet. Martin Habacher (Foto), der mit seiner Kamera dabei war, hat bei der extremen Hitze, vor allem in der Sonne, seine letzten Reserven aktivieren m\u00fcssen, um die Live-\u00dcbertragung klaglos zu erm\u00f6glichen. Einziger Kritikpunkt: Bild und Ton waren nicht synchron, was f\u00fcr die Fernseh-Zuseher zu Hause etwas irritierend war.<\/p>\n<p>Auf der B\u00fchne am Heldenplatz gab es interessante Live Acts. Auch der auf den Rollstuhl angewiesene <a href=\"https:\/\/www.behindertenrat.at\/das-team-33\/\" target=\"_blank\" rel=\"noopener\">\u00d6BR-Pr\u00e4sident Herbert Pichler<\/a> war in OKTO bei der Live-\u00dcbertragung auf der B\u00fchne mit einer k\u00e4mpferischen Rede zu sehen. Trotz des ernsten Hintergrundes genossen die Besucher das sch\u00f6ne Wetter, die gute Stimmung und das Unterhaltungsprogramm.<\/p>\n<p>Seit 2004 finden in den USA jedes Jahr \u201eDisability pride parades\u201c statt, mit dem Ziel, Bewusstsein f\u00fcr unsere Mitmenschen mit jeglicher Art von Behinderung zu schaffen. Auch Berlin feierte bereits die bunte Vielfalt. 2018 ist nun auch Wien Teil dieser Bewegung.<\/p>\n<p>R\u00fcckblick zur Power Parade: <a href=\"http:\/\/www.gebaerdenwelt.tv\/artikel\/leben\/2018\/06\/22\/20180622692444815.html\" target=\"_blank\" rel=\"noopener\">gebaerdenwelt.tv<\/a><\/p>\n<p>&nbsp;<\/p>\n","protected":false},"excerpt":{"rendered":"<p>Text: Pepo Meia, Niels Cimpa Unter dem Motto &#8222;Alle F\u00fcr Alle&#8220; fand am 21. Juni 2018 zum ersten Mal in Wien die Power Parade statt. Bei fr\u00fchsommerlichem Wetter marschierten, rollten und demonstrierten Menschen mit verschiedensten Beeintr\u00e4chtigungen, aber auch viele Sympathisanten bei der ersten &#8222;disability pride parade&#8220; in \u00d6sterreich vom Rathaus \u00fcber die 2er Linie und&#8230; <a href=\"https:\/\/bmin.info\/WP\/2018\/06\/26\/erste-power-parade-in-wien\/\" class=\"more-link\">Continue reading <span class=\"screen-reader-text\">Erste Power Parade in Wien<\/span><\/a><\/p>\n","protected":false},"author":3,"featured_media":0,"comment_status":"closed","ping_status":"closed","sticky":false,"template":"","format":"standard","meta":{"footnotes":""},"categories":[3],"tags":[],"class_list":["post-5328","post","type-post","status-publish","format-standard","hentry","category-info"],"_links":{"self":[{"href":"https:\/\/bmin.info\/WP\/wp-json\/wp\/v2\/posts\/5328","targetHints":{"allow":["GET"]}}],"collection":[{"href":"https:\/\/bmin.info\/WP\/wp-json\/wp\/v2\/posts"}],"about":[{"href":"https:\/\/bmin.info\/WP\/wp-json\/wp\/v2\/types\/post"}],"author":[{"embeddable":true,"href":"https:\/\/bmin.info\/WP\/wp-json\/wp\/v2\/users\/3"}],"replies":[{"embeddable":true,"href":"https:\/\/bmin.info\/WP\/wp-json\/wp\/v2\/comments?post=5328"}],"version-history":[{"count":24,"href":"https:\/\/bmin.info\/WP\/wp-json\/wp\/v2\/posts\/5328\/revisions"}],"predecessor-version":[{"id":5379,"href":"https:\/\/bmin.info\/WP\/wp-json\/wp\/v2\/posts\/5328\/revisions\/5379"}],"wp:attachment":[{"href":"https:\/\/bmin.info\/WP\/wp-json\/wp\/v2\/media?parent=5328"}],"wp:term":[{"taxonomy":"category","embeddable":true,"href":"https:\/\/bmin.info\/WP\/wp-json\/wp\/v2\/categories?post=5328"},{"taxonomy":"post_tag","embeddable":true,"href":"https:\/\/bmin.info\/WP\/wp-json\/wp\/v2\/tags?post=5328"}],"curies":[{"name":"wp","href":"https:\/\/api.w.org\/{rel}","templated":true}]}}