{"id":533,"date":"2016-04-04T10:12:25","date_gmt":"2016-04-04T09:12:25","guid":{"rendered":"http:\/\/bmin.info\/WP\/?p=533"},"modified":"2016-04-08T06:28:15","modified_gmt":"2016-04-08T05:28:15","slug":"barrierefreiheit-kommt-allen-zugute","status":"publish","type":"post","link":"https:\/\/bmin.info\/WP\/2016\/04\/04\/barrierefreiheit-kommt-allen-zugute\/","title":{"rendered":"Barrierefreiheit kommt allen zugute"},"content":{"rendered":"<p><b><\/b>Text: Mathias Ziegler \/ Wiener Zeitung<\/p>\n<p>Die Behindertensprecher aller Parlamentsparteien w\u00fcnschen sich Nachsch\u00e4rfungen beim Bundesbehindertengleichstellungsgesetz.<\/p>\n<p>Wien. Als h\u00e4tte ich es darauf angelegt, dabei war es ein reiner Zufallstreffer: Da bin ich also einmal mit dem Kinderwagen in der Stadt unterwegs &#8211; und sto\u00dfe dabei auf die ber\u00fchmte Ausnahme, n\u00e4mlich eine Billa-Filiale beim Schwedenplatz, die nicht barrierefrei zug\u00e4nglich ist. Zumindest ist es laut dem Rewe-Konzern eine Ausnahme, denn bereits 97 Prozent der rund 2500 Filialen von Billa, Merkur, Penny, Bipa und Adeg seien barrierefrei, so Rewe-Sprecherin Ines Schurin. Zudem werde am 5. April im 11. Bezirk eine Prototyp-Filiale f\u00fcr erweitert barrierefreies Einkaufen er\u00f6ffnet.<\/p>\n<p>H\u00f6chste Zeit, schlie\u00dflich ist ja bereits mit 1. J\u00e4nner 2016 die letzte Frist zur Umsetzung des Bundesbehindertengleichstellungsgesetzes ausgelaufen. Ab diesem Zeitpunkt m\u00fcssten eigentlich alle \u00f6ffentlich zug\u00e4nglichen Geb\u00e4ude barrierefrei sein. M\u00fcssten, wohlgemerkt. Denn erstens gibt es Ausnahmeregelungen, und zweitens &#8222;ist die Tatsache, dass es keinen Unterlassungs- und Beseitigungsanspruch zur Herstellung von Barrierefreiheit gibt, ein gro\u00dfer Wermutstropfen, der noch nicht beseitigt werden konnte&#8220;, beklagt SP\u00d6-Behindertensprecherin Ulrike K\u00f6nigsberger-Ludwig.<\/p>\n<p>Der komplette Artikel:<a href=\"http:\/\/www.wienerzeitung.at\/nachrichten\/wien\/unterwegs\/809838_Barrierefreiheit-kommt-allen-zugute.html\" target=\"_blank\">\u00a0Wiener Zeitung Online \/ 31.03.2016<\/a><\/p>\n","protected":false},"excerpt":{"rendered":"<p>Text: Mathias Ziegler \/ Wiener Zeitung Die Behindertensprecher aller Parlamentsparteien w\u00fcnschen sich Nachsch\u00e4rfungen beim Bundesbehindertengleichstellungsgesetz. Wien. Als h\u00e4tte ich es darauf angelegt, dabei war es ein reiner Zufallstreffer: Da bin ich also einmal mit dem Kinderwagen in der Stadt unterwegs &#8211; und sto\u00dfe dabei auf die ber\u00fchmte Ausnahme, n\u00e4mlich eine Billa-Filiale beim Schwedenplatz, die nicht&#8230; <a href=\"https:\/\/bmin.info\/WP\/2016\/04\/04\/barrierefreiheit-kommt-allen-zugute\/\" class=\"more-link\">Continue reading <span class=\"screen-reader-text\">Barrierefreiheit kommt allen zugute<\/span><\/a><\/p>\n","protected":false},"author":3,"featured_media":0,"comment_status":"closed","ping_status":"closed","sticky":false,"template":"","format":"standard","meta":{"footnotes":""},"categories":[3],"tags":[],"class_list":["post-533","post","type-post","status-publish","format-standard","hentry","category-info"],"_links":{"self":[{"href":"https:\/\/bmin.info\/WP\/wp-json\/wp\/v2\/posts\/533","targetHints":{"allow":["GET"]}}],"collection":[{"href":"https:\/\/bmin.info\/WP\/wp-json\/wp\/v2\/posts"}],"about":[{"href":"https:\/\/bmin.info\/WP\/wp-json\/wp\/v2\/types\/post"}],"author":[{"embeddable":true,"href":"https:\/\/bmin.info\/WP\/wp-json\/wp\/v2\/users\/3"}],"replies":[{"embeddable":true,"href":"https:\/\/bmin.info\/WP\/wp-json\/wp\/v2\/comments?post=533"}],"version-history":[{"count":3,"href":"https:\/\/bmin.info\/WP\/wp-json\/wp\/v2\/posts\/533\/revisions"}],"predecessor-version":[{"id":576,"href":"https:\/\/bmin.info\/WP\/wp-json\/wp\/v2\/posts\/533\/revisions\/576"}],"wp:attachment":[{"href":"https:\/\/bmin.info\/WP\/wp-json\/wp\/v2\/media?parent=533"}],"wp:term":[{"taxonomy":"category","embeddable":true,"href":"https:\/\/bmin.info\/WP\/wp-json\/wp\/v2\/categories?post=533"},{"taxonomy":"post_tag","embeddable":true,"href":"https:\/\/bmin.info\/WP\/wp-json\/wp\/v2\/tags?post=533"}],"curies":[{"name":"wp","href":"https:\/\/api.w.org\/{rel}","templated":true}]}}