{"id":5358,"date":"2018-06-29T22:22:37","date_gmt":"2018-06-29T21:22:37","guid":{"rendered":"http:\/\/bmin.info\/WP\/?p=5358"},"modified":"2018-09-01T00:03:59","modified_gmt":"2018-08-31T23:03:59","slug":"25-jahre-pflegegeld-vom-hilflosenzuschuss-in-richtung-selbstbestimmung","status":"publish","type":"post","link":"https:\/\/bmin.info\/WP\/2018\/06\/29\/25-jahre-pflegegeld-vom-hilflosenzuschuss-in-richtung-selbstbestimmung\/","title":{"rendered":"25 Jahre Pflegegeld &#8211; Vom Hilflosenzuschuss in Richtung Selbstbestimmung"},"content":{"rendered":"<p>Text: Bundebehindertenanwaltschaft<br \/>\nWien (OTS) &#8211; Das Bundespflegeldgesetz, das am 1.7.1993 vor nunmehr einem Viertel Jahrhundert in Kraft trat, war ein Meilenstein in der \u00f6sterreichischen Pflegevorsorge.<\/p>\n<p>Verschiedene Geldleistungen f\u00fcr pflegebed\u00fcrftigen Menschen wurden auf Grundlage des Bundespflegegeldgesetzes und der im Wesentlichen gleich gestalteten Landespflegegeldgesetze durch das Pflegegeld abgel\u00f6st. Mit der Einf\u00fchrung des Pflegegeldes wurde die Pflegevorsorge in \u00d6sterreich vereinheitlicht. Mit Hilfe der sieben Pflegegeldstufen wurde der tats\u00e4chlich vorhandene Pflegebedarf bei der Bemessung der H\u00f6he des Pflegegeldes ber\u00fccksichtigt. Dieser war und ist bis heute die wichtigste Bezugsvoraussetzung. Die Ursache und Art der Behinderung, die den Pflegebedarf bedingt, sowie das Einkommen der betroffenen Personen bleiben bei der Vergabe von Pflegegeldern unber\u00fccksichtigt.<\/p>\n<p>Die Einf\u00fchrung des Pflegegeldes war von dem Gedanken getragen, pflegebed\u00fcrftigen Menschen ein H\u00f6chstma\u00df an Selbstbestimmung zu erm\u00f6glichen. Mit Hilfe einer am Pflegebedarf orientierten Geldleistung sollten diese in die Lage versetzt werden, aus einer Reihe von Angeboten zu w\u00e4hlen und damit selbst zu bestimmen, durch wen und auf welche Weise ihre Pflege bzw. Unterst\u00fctzung erfolgt, sei es durch professionelle Pflegekr\u00e4fte in station\u00e4ren Einrichtungen oder in Privathaushalten durch pflegende Angeh\u00f6rige. Die L\u00e4nder verpflichteten sich im Zuge der Einf\u00fchrung des Pflegegeldes, die daf\u00fcr n\u00f6tigen Angebote in einem bedarfsgerechten Ausma\u00df zur Verf\u00fcgung zu stellen.<\/p>\n<p>R\u00fcckblickend kann das Pflegegeld als \u00f6sterreichisches Erfolgsmodell bezeichnet werden, an dem im Laufe der Zeit immer wieder Ver\u00e4nderungen vorgenommen wurden, dessen Grundprinzipien aber bis heute im Wesentlichen intakt sind. So wurde beispielsweise mit Einf\u00fchrung des Erschwerniszuschlages im Jahr 2009 den erschwerten Bedingungen, die mit der Pflege von Menschen mit geistigen\/psychischen Behinderungen, insbesondere mit demenziellen Erkrankungen, einhergehen, Rechnung getragen. Ein Wermutstropfen ist aus Sicht von Behindertenanwalt Hansj\u00f6rg Hofer die weitgehend mangelnde Valorisierung und der damit einhergehende Wertverlust des Pflegegeldes. \u201eSoll der urspr\u00fcngliche Zweck des Pflegegeldes langfristig erhalten bleiben, muss dessen Wertverlust regelm\u00e4\u00dfig ausgeglichen werden. Andernfalls ist ein R\u00fcckschritt in der Selbstbestimmung von Menschen mit Behinderung in \u00d6sterreich zu erwarten, der nicht nur sozialpolitisch unverantwortlich ist, sondern auch gegen die von \u00d6sterreich ratifizierte UN-Konvention \u00fcber die Rechte von Menschen mit Behinderung verst\u00f6\u00dft\u201c, so Hofer.<\/p>\n<p><em>Die Einf\u00fchrung des Pflegegeldes markierte ein Meilenstein in der \u00f6sterreichischen Pflegevorsorge und leistet einen wichtigen Beitrag zur selbstbestimmten Lebensf\u00fchrung von Menschen mit Behinderung. Um dieses Erfolgsmodell zu erhalten ist eine, vorzugsweise automatisierte, Wertsicherung des Pflegegeldes unabdingbar.<\/em><\/p>\n<p><strong>Artikel und Presseaussendungen zum Thema:<br \/>\n<\/strong><em>Pensionistenverband \u00d6sterreichs:<\/em><br \/>\n<strong>Kostelka: 25 Jahre Pflegegeld \u2013 Erfolgsgeschichte und Reformbedarf<\/strong><br \/>\n<a href=\"https:\/\/www.ots.at\/presseaussendung\/OTS_20180629_OTS0202\/kostelka-25-jahre-pflegegeld-erfolgsgeschichte-und-reformbedarf\" target=\"_blank\" rel=\"noopener\"><em>Wien (OTS)<\/em><\/a> &#8211; Deutliche Erh\u00f6hung des Pflegegeldes in allen Stufen dringend notwendig<\/p>\n<p><em>Sozialministerium:<\/em><br \/>\n<strong>Hartinger-Klein: 25 Jahre Pflegegeld \u2013 Ein Meilenstein in der Pflegevorsorge \u00d6sterreichs<\/strong><br \/>\n<a href=\"https:\/\/www.ots.at\/presseaussendung\/OTS_20180629_OTS0061\/bm-hartinger-klein-25-jahre-pflegegeld-ein-meilenstein-in-der-pflegevorsorge-oesterreichs\" target=\"_blank\" rel=\"noopener\"><em>Wien (OTS)<\/em><\/a> &#8211; Das Pflegegeld stellt seit 25 Jahren eine wichtige Sozialleistung im Pflegefall dar, die es erm\u00f6glicht, die Pflege individuell und nach den eigenen Bed\u00fcrfnissen zu gestalten.<\/p>\n<p><em>\u00d6sterreichischer Behindertenrat:<\/em><br \/>\n<strong><a href=\"https:\/\/www.ots.at\/presseaussendung\/OTS_20180511_OTS0004\/25-jahre-pflegegeld-in-oesterreich-was-bleibt-uebrig\" target=\"_blank\" rel=\"noopener\">25 Jahre Pflegegeld in \u00d6sterreich \u2013 Was bleibt \u00fcbrig?<\/a><\/strong><br \/>\n<strong><em>30 % Wertverlust seit Einf\u00fchrung des Pflegegeldes!<\/em><\/strong><br \/>\nWien (OTS) &#8211; 450.000 \u00d6sterreicherinnen und \u00d6sterreicher erhalten Pflegegeld aufgrund der pflegebedingten Mehraufwendungen. Da das Pflegegeld \u00fcber 25 Jahre lang nicht angemessen valorisiert wurde, m\u00fcssen Pflegegeldbezieherinnen und -bezieher mit einem um 30 Prozent geminderten F\u00f6rdersatz auskommen im Vergleich zu 1993. Der \u00d6sterreichische Behindertenrat fordert die Wertanpassung und die gesetzlich verankerte Valorisierung des Pflegegeldes.<\/p>\n<p>Einen Audiobeitrag zum Nachh\u00f6ren gibt&#8217;s auf der <a href=\"https:\/\/cba.fro.at\/379506\" target=\"_blank\" rel=\"noopener\">CBA<\/a> (Culture Broadcasting Archive)<\/p>\n","protected":false},"excerpt":{"rendered":"<p>Text: Bundebehindertenanwaltschaft Wien (OTS) &#8211; Das Bundespflegeldgesetz, das am 1.7.1993 vor nunmehr einem Viertel Jahrhundert in Kraft trat, war ein Meilenstein in der \u00f6sterreichischen Pflegevorsorge. Verschiedene Geldleistungen f\u00fcr pflegebed\u00fcrftigen Menschen wurden auf Grundlage des Bundespflegegeldgesetzes und der im Wesentlichen gleich gestalteten Landespflegegeldgesetze durch das Pflegegeld abgel\u00f6st. Mit der Einf\u00fchrung des Pflegegeldes wurde die Pflegevorsorge in&#8230; <a href=\"https:\/\/bmin.info\/WP\/2018\/06\/29\/25-jahre-pflegegeld-vom-hilflosenzuschuss-in-richtung-selbstbestimmung\/\" class=\"more-link\">Continue reading <span class=\"screen-reader-text\">25 Jahre Pflegegeld &#8211; Vom Hilflosenzuschuss in Richtung Selbstbestimmung<\/span><\/a><\/p>\n","protected":false},"author":3,"featured_media":0,"comment_status":"closed","ping_status":"closed","sticky":false,"template":"","format":"standard","meta":{"footnotes":""},"categories":[3],"tags":[],"class_list":["post-5358","post","type-post","status-publish","format-standard","hentry","category-info"],"_links":{"self":[{"href":"https:\/\/bmin.info\/WP\/wp-json\/wp\/v2\/posts\/5358","targetHints":{"allow":["GET"]}}],"collection":[{"href":"https:\/\/bmin.info\/WP\/wp-json\/wp\/v2\/posts"}],"about":[{"href":"https:\/\/bmin.info\/WP\/wp-json\/wp\/v2\/types\/post"}],"author":[{"embeddable":true,"href":"https:\/\/bmin.info\/WP\/wp-json\/wp\/v2\/users\/3"}],"replies":[{"embeddable":true,"href":"https:\/\/bmin.info\/WP\/wp-json\/wp\/v2\/comments?post=5358"}],"version-history":[{"count":8,"href":"https:\/\/bmin.info\/WP\/wp-json\/wp\/v2\/posts\/5358\/revisions"}],"predecessor-version":[{"id":5391,"href":"https:\/\/bmin.info\/WP\/wp-json\/wp\/v2\/posts\/5358\/revisions\/5391"}],"wp:attachment":[{"href":"https:\/\/bmin.info\/WP\/wp-json\/wp\/v2\/media?parent=5358"}],"wp:term":[{"taxonomy":"category","embeddable":true,"href":"https:\/\/bmin.info\/WP\/wp-json\/wp\/v2\/categories?post=5358"},{"taxonomy":"post_tag","embeddable":true,"href":"https:\/\/bmin.info\/WP\/wp-json\/wp\/v2\/tags?post=5358"}],"curies":[{"name":"wp","href":"https:\/\/api.w.org\/{rel}","templated":true}]}}