{"id":5481,"date":"2018-09-06T08:43:35","date_gmt":"2018-09-06T07:43:35","guid":{"rendered":"http:\/\/bmin.info\/WP\/?p=5481"},"modified":"2018-09-07T11:20:05","modified_gmt":"2018-09-07T10:20:05","slug":"ma-28-gehsteigabsenkung-schnell-und-vorbildlich-umgesetzt","status":"publish","type":"post","link":"https:\/\/bmin.info\/WP\/2018\/09\/06\/ma-28-gehsteigabsenkung-schnell-und-vorbildlich-umgesetzt\/","title":{"rendered":"MA 28: Gehsteigabsenkung schnell und vorbildlich umgesetzt"},"content":{"rendered":"<p>Text: Pepo Meia, Niels Cimpa<br \/>\n<em><strong>Bau-Boom in Wien-D\u00f6bling<\/strong><\/em><br \/>\nAnfang Juli 2018 wurde in der Greinergasse (nahe der Pfarre Nussdorf &#8211; St. Thomas) der Gehsteig neu saniert und asphaltiert. Bei einer Begehung ist uns aufgefallen, dass der Gehsteig bei einer Treppe geendet hat. Mit dem Rollstuhl konnte man weder wenden noch den Gehweg verlassen. Wir haben die Bezirksvorstehung und die MA 28 dar\u00fcber informiert (mit Foto). Zwei Monate sp\u00e4ter, Anfang September, wurde eine vorbildliche Abfahrt des Gehweges errichtet. Wir bedanken uns bei den Entscheidungstr\u00e4gern.<\/p>\n<p>&nbsp;<\/p>\n<figure id=\"attachment_5494\" aria-describedby=\"caption-attachment-5494\" style=\"width: 253px\" class=\"wp-caption alignleft\"><a href=\"https:\/\/bmin.info\/WP\/wp-content\/uploads\/2018\/09\/19.Greinerg.21a.jpg\" target=\"_blank\" rel=\"noopener\"><img loading=\"lazy\" decoding=\"async\" class=\"wp-image-5494\" src=\"https:\/\/bmin.info\/WP\/wp-content\/uploads\/2018\/09\/19.Greinerg.21a-300x225.jpg\" alt=\"\" width=\"253\" height=\"190\" \/><\/a><figcaption id=\"caption-attachment-5494\" class=\"wp-caption-text\">Gehsteig vorher &#8211; Sackgasse f\u00fcr Rollst\u00fchle<\/figcaption><\/figure>\n<figure id=\"attachment_5493\" aria-describedby=\"caption-attachment-5493\" style=\"width: 253px\" class=\"wp-caption alignright\"><a href=\"https:\/\/bmin.info\/WP\/wp-content\/uploads\/2018\/09\/19-GREINERG.21.jpg\" target=\"_blank\" rel=\"noopener\"><img loading=\"lazy\" decoding=\"async\" class=\"wp-image-5493\" src=\"https:\/\/bmin.info\/WP\/wp-content\/uploads\/2018\/09\/19-GREINERG.21-300x225.jpg\" alt=\"\" width=\"253\" height=\"190\" \/><\/a><figcaption id=\"caption-attachment-5493\" class=\"wp-caption-text\">Gehsteig nachher &#8211; vorbildliche Gehsteigabsenkung<\/figcaption><\/figure>\n","protected":false},"excerpt":{"rendered":"<p>Text: Pepo Meia, Niels Cimpa Bau-Boom in Wien-D\u00f6bling Anfang Juli 2018 wurde in der Greinergasse (nahe der Pfarre Nussdorf &#8211; St. Thomas) der Gehsteig neu saniert und asphaltiert. Bei einer Begehung ist uns aufgefallen, dass der Gehsteig bei einer Treppe geendet hat. Mit dem Rollstuhl konnte man weder wenden noch den Gehweg verlassen. Wir haben&#8230; <a href=\"https:\/\/bmin.info\/WP\/2018\/09\/06\/ma-28-gehsteigabsenkung-schnell-und-vorbildlich-umgesetzt\/\" class=\"more-link\">Continue reading <span class=\"screen-reader-text\">MA 28: Gehsteigabsenkung schnell und vorbildlich umgesetzt<\/span><\/a><\/p>\n","protected":false},"author":3,"featured_media":0,"comment_status":"closed","ping_status":"closed","sticky":false,"template":"","format":"standard","meta":{"footnotes":""},"categories":[3],"tags":[],"class_list":["post-5481","post","type-post","status-publish","format-standard","hentry","category-info"],"_links":{"self":[{"href":"https:\/\/bmin.info\/WP\/wp-json\/wp\/v2\/posts\/5481","targetHints":{"allow":["GET"]}}],"collection":[{"href":"https:\/\/bmin.info\/WP\/wp-json\/wp\/v2\/posts"}],"about":[{"href":"https:\/\/bmin.info\/WP\/wp-json\/wp\/v2\/types\/post"}],"author":[{"embeddable":true,"href":"https:\/\/bmin.info\/WP\/wp-json\/wp\/v2\/users\/3"}],"replies":[{"embeddable":true,"href":"https:\/\/bmin.info\/WP\/wp-json\/wp\/v2\/comments?post=5481"}],"version-history":[{"count":8,"href":"https:\/\/bmin.info\/WP\/wp-json\/wp\/v2\/posts\/5481\/revisions"}],"predecessor-version":[{"id":5502,"href":"https:\/\/bmin.info\/WP\/wp-json\/wp\/v2\/posts\/5481\/revisions\/5502"}],"wp:attachment":[{"href":"https:\/\/bmin.info\/WP\/wp-json\/wp\/v2\/media?parent=5481"}],"wp:term":[{"taxonomy":"category","embeddable":true,"href":"https:\/\/bmin.info\/WP\/wp-json\/wp\/v2\/categories?post=5481"},{"taxonomy":"post_tag","embeddable":true,"href":"https:\/\/bmin.info\/WP\/wp-json\/wp\/v2\/tags?post=5481"}],"curies":[{"name":"wp","href":"https:\/\/api.w.org\/{rel}","templated":true}]}}