{"id":5503,"date":"2018-09-14T17:43:58","date_gmt":"2018-09-14T16:43:58","guid":{"rendered":"http:\/\/bmin.info\/WP\/?p=5503"},"modified":"2018-09-14T17:43:58","modified_gmt":"2018-09-14T16:43:58","slug":"behindertenanwalt-hansjoerg-hofer-und-volksanwaeltin-gertrude-brinek-fordern-umfassende-barrierefreiheit","status":"publish","type":"post","link":"https:\/\/bmin.info\/WP\/2018\/09\/14\/behindertenanwalt-hansjoerg-hofer-und-volksanwaeltin-gertrude-brinek-fordern-umfassende-barrierefreiheit\/","title":{"rendered":"Behindertenanwalt Hansj\u00f6rg Hofer und Volksanw\u00e4ltin Gertrude Brinek fordern umfassende Barrierefreiheit"},"content":{"rendered":"<p>Text: Behindertenanwaltschaft<br \/>\n<em>Wien (OTS)<\/em> &#8211; Barrierefreiheit ist f\u00fcr die Selbstbestimmung und gleichberechtigte Teilhabe von Menschen mit Behinderung am gesellschaftlichen Leben eine unbedingte Voraussetzung. Das seit 1. J\u00e4nner 2006 geltende Bundes-Behindertengleichstellungsgesetz bildet die Grundlage f\u00fcr das Recht von Menschen mit Behinderung auf barrierefreien Zugang zu den Leistungen der Bundesverwaltung sowie \u00f6ffentlich angebotenen G\u00fctern und Dienstleistungen. Potentiell von Barrieren betroffen sind in \u00d6sterreich etwa 1,3 Mio. Menschen, das sind etwa 15% der \u00f6sterreichischen Wohnbev\u00f6lkerung.<\/p>\n<p>Dass es zur Umsetzung einer umfassenden Barrierefreiheit in allen Lebensbereichen in \u00d6sterreich noch ein weiter Weg ist, zeigt das Beschwerdeaufkommen bei Volksanwaltschaft und Behindertenanwaltschaft. Viele dieser Beschwerden betreffen unter anderem die Barrierefreiheit im eigenen Wohnbereich von Menschen mit Behinderung. Nicht immer haben diese die M\u00f6glichkeit, ihre Wohnumgebung barrierefrei zu gestalten. Dies betrifft insbesondere Eigent\u00fcmerInnen von Wohnungen, die dazu oft auf die Zustimmung ihrer Eigent\u00fcmerInnengemeinschaft angewiesen sind. Eine rechtliche Handhabe bei einer Verweigerung dieser Zustimmung gibt es derzeit nicht. \u201eMenschen wegen ihrer Behinderung den Zugang zur eigenen Wohnung zu verunm\u00f6glichen, widerspricht nicht nur der UN-Behindertenkonvention, sondern ist auch v\u00f6llig un\u00f6konomisch. Eine Rampe im Eingangsbereich kostet ungef\u00e4hr so viel wie ein Monat im Pflegeheim\u201c, so Behindertenanwalt Hansj\u00f6rg Hofer.<\/p>\n<p>Zahlreiche weitere Beschwerdef\u00e4lle betreffen au\u00dferdem die Barrierefreiheit von \u00f6ffentlichen Geb\u00e4uden, Kirchen, Museen, Freizeiteinrichtungen sowie \u00f6ffentlichen Verkehrsmitteln.<\/p>\n<p>Aus Sicht der Volksanw\u00e4ltin und des Behindertenanwalts ist der gegenw\u00e4rtige Umsetzungsstand der Barrierefreiheit in \u00d6sterreich unzufriedenstellend. Dazu kommt, dass nicht alle Ma\u00dfnahmen, die diese gew\u00e4hrleisten sollten auch den gesetzlichen Anforderungen entsprechen.<\/p>\n<p>Fehlende Barrierefreiheit wird h\u00e4ufig durch mangelnde Finanzierbarkeit und Regelungen des Denkmalschutzes gerechtfertigt. \u201eArgumentiert wird meist mit fehlenden wirtschaftlichen Mitteln. Gute L\u00f6sungen scheitern aber auch an Ignoranz, an Gedanken- und Phantasielosigkeit und gutem Willen\u201c, so Volksanw\u00e4ltin Gertrude Brinek. Auch der Denkmalschutz d\u00fcrfe nicht als Ausrede fungieren. Meistens k\u00f6nnten mit guten Konzepten barrierefreie L\u00f6sungen gefunden werden.<\/p>\n<p>Ein wirkungsvoller Diskriminierungsschutz, der auch einen Beseitigungs- bzw. Unterlassungsanspruch enth\u00e4lt, eine Anpassung des Wohnungseigetumsgesetzes, die die eigenst\u00e4ndige Errichtung eines barrierfreien Zugang zu Eigentumswohnungen erm\u00f6glicht,\u00a0 bundesweit einheitliche, verbindliche Regelwerke f\u00fcr barrierefreies Bauen sowie die Aufnahme von Barrierefreiheit als Pflichtfach in die Ausbildung von ArchitektInnen und anderer Professionen, die mit Bauen befasst sind, sind laut Behindertenanwalt Hofer wichtige Schl\u00fcsselaspekte, um das Ziel einer umfassenden Barrierefreiheit zur erreichen.<\/p>\n","protected":false},"excerpt":{"rendered":"<p>Text: Behindertenanwaltschaft Wien (OTS) &#8211; Barrierefreiheit ist f\u00fcr die Selbstbestimmung und gleichberechtigte Teilhabe von Menschen mit Behinderung am gesellschaftlichen Leben eine unbedingte Voraussetzung. Das seit 1. J\u00e4nner 2006 geltende Bundes-Behindertengleichstellungsgesetz bildet die Grundlage f\u00fcr das Recht von Menschen mit Behinderung auf barrierefreien Zugang zu den Leistungen der Bundesverwaltung sowie \u00f6ffentlich angebotenen G\u00fctern und Dienstleistungen. Potentiell&#8230; <a href=\"https:\/\/bmin.info\/WP\/2018\/09\/14\/behindertenanwalt-hansjoerg-hofer-und-volksanwaeltin-gertrude-brinek-fordern-umfassende-barrierefreiheit\/\" class=\"more-link\">Continue reading <span class=\"screen-reader-text\">Behindertenanwalt Hansj\u00f6rg Hofer und Volksanw\u00e4ltin Gertrude Brinek fordern umfassende Barrierefreiheit<\/span><\/a><\/p>\n","protected":false},"author":3,"featured_media":0,"comment_status":"closed","ping_status":"closed","sticky":false,"template":"","format":"standard","meta":{"footnotes":""},"categories":[3],"tags":[],"class_list":["post-5503","post","type-post","status-publish","format-standard","hentry","category-info"],"_links":{"self":[{"href":"https:\/\/bmin.info\/WP\/wp-json\/wp\/v2\/posts\/5503","targetHints":{"allow":["GET"]}}],"collection":[{"href":"https:\/\/bmin.info\/WP\/wp-json\/wp\/v2\/posts"}],"about":[{"href":"https:\/\/bmin.info\/WP\/wp-json\/wp\/v2\/types\/post"}],"author":[{"embeddable":true,"href":"https:\/\/bmin.info\/WP\/wp-json\/wp\/v2\/users\/3"}],"replies":[{"embeddable":true,"href":"https:\/\/bmin.info\/WP\/wp-json\/wp\/v2\/comments?post=5503"}],"version-history":[{"count":3,"href":"https:\/\/bmin.info\/WP\/wp-json\/wp\/v2\/posts\/5503\/revisions"}],"predecessor-version":[{"id":5507,"href":"https:\/\/bmin.info\/WP\/wp-json\/wp\/v2\/posts\/5503\/revisions\/5507"}],"wp:attachment":[{"href":"https:\/\/bmin.info\/WP\/wp-json\/wp\/v2\/media?parent=5503"}],"wp:term":[{"taxonomy":"category","embeddable":true,"href":"https:\/\/bmin.info\/WP\/wp-json\/wp\/v2\/categories?post=5503"},{"taxonomy":"post_tag","embeddable":true,"href":"https:\/\/bmin.info\/WP\/wp-json\/wp\/v2\/tags?post=5503"}],"curies":[{"name":"wp","href":"https:\/\/api.w.org\/{rel}","templated":true}]}}