{"id":5505,"date":"2018-09-20T12:06:35","date_gmt":"2018-09-20T11:06:35","guid":{"rendered":"http:\/\/bmin.info\/WP\/?p=5505"},"modified":"2018-09-20T12:22:21","modified_gmt":"2018-09-20T11:22:21","slug":"erfolgreicher-auftritt-der-oesterreichischen-behindertenbewegung-in-genf","status":"publish","type":"post","link":"https:\/\/bmin.info\/WP\/2018\/09\/20\/erfolgreicher-auftritt-der-oesterreichischen-behindertenbewegung-in-genf\/","title":{"rendered":"Erfolgreicher Auftritt der \u00f6sterreichischen Behindertenbewegung in Genf"},"content":{"rendered":"<p>Text: SLI\u00d6<br \/>\n<strong>Die Vers\u00e4umnisse \u00d6sterreichs bei der Umsetzung der \u201eKonvention \u00fcber die Rechte von Menschen Behinderungen (CRPD)\u201c stehen zum 2. Mal am Pr\u00fcfstand der Kommission der Vereinten Nationen<\/strong><br \/>\nNach der Zusammenarbeit mit den Abteilungen der UNO sind wir zuversichtlich. Die Rechtsexperten haben dargelegt, wie wir konkrete Verfahren zur Umsetzung der CRPD nutzen k\u00f6nnen, um gemeinsam verst\u00e4rkt f\u00fcr die Durchsetzung unsere Menschenrechte zu k\u00e4mpfen. Maga. Bernadette Feuerstein, Vorsitzende des Dachverbandes SLI\u00d6<\/p>\n<p>Wien (OTS) &#8211; Die Kommissionsvorsitzenden Theresia Degener und der f\u00fcr \u00d6sterreich zust\u00e4ndige Rapporteur Damjan Tadic gratulierten den VertreterInnen des Dachverbands Selbstbestimmt Leben \u00d6sterreich &#8211; SLI\u00d6, des Behindertenrates &#8211; \u00d6BR und der Hilfsgemeinschaft der Blinden und Sehschwachen zur besonderen Qualit\u00e4t und umfassenden Kompetenz der Berichterstattung.<\/p>\n<p>Darauf aufbauend konnten die Details der gravierendsten Missst\u00e4nde in den Bereichen Bildung, Arbeit, Selbstbestimmung, Pers\u00f6nliche Assistenz, Wohnen und Barrierefreiheit mit der Kommission er\u00f6rtert werden.<\/p>\n<p>Besonderes Augenmerk galt in den Diskussionen mit Juristen und mit der Vorsitzenden der Kommission den aktuellen Verschlechterungen und dem extremen R\u00fcckschritt in der Bildungsintegration: \u201eWie kann es im aktuellen Regierungsprogramm die Forderung nach Sonderschulen wie in den 1950er Jahren geben, obwohl die Sonderp\u00e4dagogik bereits Teil der allgemeinen P\u00e4dagogikausbildung ist?\u201c \u00e4u\u00dfert sich Tadic besorgt.<br \/>\nIm f\u00f6deralen \u00d6sterreich gibt es nicht nur gravierende S\u00e4umnisse bei der Umsetzung der CRPD, sondern neue Diskriminierungen und R\u00fcckschritte bei den B\u00fcrgerrechten. Die mit Juristen der UN gepr\u00fcften Beispiele, wie die Verschlechterungen in den Bauordnungen die einzelne Gruppen behinderter Menschen ausgrenzen, sind eindeutige Verst\u00f6\u00dfe gegen die CRPD.<\/p>\n<p>Dazu ein Jurist des UN-Hochkommissariats f\u00fcr die Rechte behinderter Menschen: \u201e10 Jahre w\u00e4ren lang genug, um das Diskriminierungsverbot ins f\u00f6derale Recht Umzusetzen.\u201c<\/p>\n<p>Das Arbeitstreffen in Genf war jedenfalls ein erfolgreicher Start zur Staatenpr\u00fcfung, es hat Wege f\u00fcr Rechtsverfahren mit der UNO er\u00f6ffnet, um endlich sanktionierbare Rechte zu schaffen.<\/p>\n<p>\u201c\u201eNach der Zusammenarbeit mit den Abteilungen der UNO sind wir zuversichtlich. Die Rechtsexperten haben dargelegt, wie wir konkrete Verfahren zur Umsetzung der CRPD nutzen k\u00f6nnen, um gemeinsam verst\u00e4rkt f\u00fcr die Durchsetzung unsere Menschenrechte zu k\u00e4mpfen\u201c,\u00a0\u201dfasst die Vorsitzende des Dachverbandes SLI\u00d6 Maga. Bernadette Feuerstein zusammen.<\/p>\n<p>Presseaussendung zum Thema:<br \/>\n<a href=\"https:\/\/volksanwaltschaft.gv.at\/artikel\/Kraeuter-fordert-vor-UN-Ausschuss-in-Genf-Gleichstellung-von-Menschen-mit-Behinderungen?topic_type=aktuelles&amp;archiv=0\" target=\"_blank\" rel=\"noopener\">Kr\u00e4uter fordert vor UN-Ausschuss in Genf Gleichstellung von Menschen mit Behinderungen<\/a><\/p>\n","protected":false},"excerpt":{"rendered":"<p>Text: SLI\u00d6 Die Vers\u00e4umnisse \u00d6sterreichs bei der Umsetzung der \u201eKonvention \u00fcber die Rechte von Menschen Behinderungen (CRPD)\u201c stehen zum 2. Mal am Pr\u00fcfstand der Kommission der Vereinten Nationen Nach der Zusammenarbeit mit den Abteilungen der UNO sind wir zuversichtlich. Die Rechtsexperten haben dargelegt, wie wir konkrete Verfahren zur Umsetzung der CRPD nutzen k\u00f6nnen, um gemeinsam&#8230; <a href=\"https:\/\/bmin.info\/WP\/2018\/09\/20\/erfolgreicher-auftritt-der-oesterreichischen-behindertenbewegung-in-genf\/\" class=\"more-link\">Continue reading <span class=\"screen-reader-text\">Erfolgreicher Auftritt der \u00f6sterreichischen Behindertenbewegung in Genf<\/span><\/a><\/p>\n","protected":false},"author":3,"featured_media":0,"comment_status":"closed","ping_status":"closed","sticky":false,"template":"","format":"standard","meta":{"footnotes":""},"categories":[3],"tags":[],"class_list":["post-5505","post","type-post","status-publish","format-standard","hentry","category-info"],"_links":{"self":[{"href":"https:\/\/bmin.info\/WP\/wp-json\/wp\/v2\/posts\/5505","targetHints":{"allow":["GET"]}}],"collection":[{"href":"https:\/\/bmin.info\/WP\/wp-json\/wp\/v2\/posts"}],"about":[{"href":"https:\/\/bmin.info\/WP\/wp-json\/wp\/v2\/types\/post"}],"author":[{"embeddable":true,"href":"https:\/\/bmin.info\/WP\/wp-json\/wp\/v2\/users\/3"}],"replies":[{"embeddable":true,"href":"https:\/\/bmin.info\/WP\/wp-json\/wp\/v2\/comments?post=5505"}],"version-history":[{"count":4,"href":"https:\/\/bmin.info\/WP\/wp-json\/wp\/v2\/posts\/5505\/revisions"}],"predecessor-version":[{"id":5512,"href":"https:\/\/bmin.info\/WP\/wp-json\/wp\/v2\/posts\/5505\/revisions\/5512"}],"wp:attachment":[{"href":"https:\/\/bmin.info\/WP\/wp-json\/wp\/v2\/media?parent=5505"}],"wp:term":[{"taxonomy":"category","embeddable":true,"href":"https:\/\/bmin.info\/WP\/wp-json\/wp\/v2\/categories?post=5505"},{"taxonomy":"post_tag","embeddable":true,"href":"https:\/\/bmin.info\/WP\/wp-json\/wp\/v2\/tags?post=5505"}],"curies":[{"name":"wp","href":"https:\/\/api.w.org\/{rel}","templated":true}]}}