{"id":5561,"date":"2018-10-05T12:14:06","date_gmt":"2018-10-05T11:14:06","guid":{"rendered":"http:\/\/bmin.info\/WP\/?p=5561"},"modified":"2021-10-18T17:39:47","modified_gmt":"2021-10-18T16:39:47","slug":"kurier-tag-2018-podium-und-interviews","status":"publish","type":"post","link":"https:\/\/bmin.info\/WP\/2018\/10\/05\/kurier-tag-2018-podium-und-interviews\/","title":{"rendered":"Kurier-Tag 2018: Podium und Interviews"},"content":{"rendered":"<p>Text: Pepo Meia, David Herrmann, Niels Cimpa<br \/>\n<em>Michael Ludwig, Michael H\u00e4upl, Erwin Pr\u00f6ll, Othmar Karras, Christoph Chorherr, Christian K\u00fchn, Klaus Eckel, Christian Kolonovits, Gernot Kulis, Robert Reumann<\/em><br \/>\nAm 28. Sept. 2018, fand wieder in Wien-D\u00f6bling zum 7ten mal der <a href=\"https:\/\/kurier.at\/chronik\/wien\/kuriertag-2018\/400078919\" target=\"_blank\" rel=\"noopener\">Kurier-Tag<\/a> statt. Dieses Jahr wurde die Zug\u00e4nglichkeit f\u00fcr Rollstuhlnutzer optimal gel\u00f6st. Das Veranstaltungszelt war \u00fcber eine breite Rampe komplett berollbar. Die Verantwortlichen haben damit ihr Versprechen von letzen Jahr, den barrierefreien Zugang zu verbessern, gehalten.<\/p>\n<p><a href=\"https:\/\/bmin.info\/WP\/wp-content\/uploads\/2018\/10\/180927Kuriertag_Rampe.jpg\"><img loading=\"lazy\" decoding=\"async\" class=\"aligncenter wp-image-5588\" src=\"https:\/\/bmin.info\/WP\/wp-content\/uploads\/2018\/10\/180927Kuriertag_Rampe-300x194.jpg\" alt=\"\" width=\"341\" height=\"220\" \/><\/a><\/p>\n<p>Wie \u00fcblich waren auch beim Kuriertag 2018 wieder Pers\u00f6nlichkeiten aus Politik, Sport und Kultur anwesend \u2013 und am Podium fanden interessante aber auch witzige Mediengespr\u00e4che statt. Ex-Chefredakteur und Kurier-Herausgeber <a href=\"https:\/\/de.wikipedia.org\/wiki\/Helmut_Brandst\u00e4tter\" target=\"_blank\" rel=\"noopener\">Dr. Helmut Brandst\u00e4tter<\/a> und die neue Chefredakteurin <a href=\"https:\/\/de.wikipedia.org\/wiki\/Martina_Salomon\" target=\"_blank\" rel=\"noopener\">Martina Salomon<\/a> waren wieder im Dauereinsatz. Die Pressefreiheit sehen vielen Medien und Journalisten durch die Turbolenzen im Innenministerium als bedroht.<\/p>\n<p>Pepo Meia war auch diese Jahr vor Ort und machte wieder einige Interviews.<\/p>\n<div id='gallery-1' class='gallery galleryid-5561 gallery-columns-3 gallery-size-thumbnail'><figure class='gallery-item'>\n\t\t\t<div class='gallery-icon landscape'>\n\t\t\t\t<a href='https:\/\/bmin.info\/WP\/2018\/10\/05\/kurier-tag-2018-podium-und-interviews\/ludw_mei2\/'><img loading=\"lazy\" decoding=\"async\" width=\"150\" height=\"150\" src=\"https:\/\/bmin.info\/WP\/wp-content\/uploads\/2018\/10\/Ludw_Mei2-150x150.jpg\" class=\"attachment-thumbnail size-thumbnail\" alt=\"\" \/><\/a>\n\t\t\t<\/div><\/figure><figure class='gallery-item'>\n\t\t\t<div class='gallery-icon portrait'>\n\t\t\t\t<a href='https:\/\/bmin.info\/WP\/2018\/10\/05\/kurier-tag-2018-podium-und-interviews\/haeupl_mei\/'><img loading=\"lazy\" decoding=\"async\" width=\"150\" height=\"150\" src=\"https:\/\/bmin.info\/WP\/wp-content\/uploads\/2018\/10\/Haeupl_Mei-150x150.jpg\" class=\"attachment-thumbnail size-thumbnail\" alt=\"\" \/><\/a>\n\t\t\t<\/div><\/figure><figure class='gallery-item'>\n\t\t\t<div class='gallery-icon landscape'>\n\t\t\t\t<a href='https:\/\/bmin.info\/WP\/2018\/10\/05\/kurier-tag-2018-podium-und-interviews\/proell-mei3\/'><img loading=\"lazy\" decoding=\"async\" width=\"150\" height=\"150\" src=\"https:\/\/bmin.info\/WP\/wp-content\/uploads\/2018\/10\/Proell-Mei3-150x150.jpg\" class=\"attachment-thumbnail size-thumbnail\" alt=\"\" \/><\/a>\n\t\t\t<\/div><\/figure><figure class='gallery-item'>\n\t\t\t<div class='gallery-icon landscape'>\n\t\t\t\t<a href='https:\/\/bmin.info\/WP\/2018\/10\/05\/kurier-tag-2018-podium-und-interviews\/kolon_mei\/'><img loading=\"lazy\" decoding=\"async\" width=\"150\" height=\"150\" src=\"https:\/\/bmin.info\/WP\/wp-content\/uploads\/2018\/10\/Kolon_Mei-150x150.jpg\" class=\"attachment-thumbnail size-thumbnail\" alt=\"\" srcset=\"https:\/\/bmin.info\/WP\/wp-content\/uploads\/2018\/10\/Kolon_Mei-150x150.jpg 150w, https:\/\/bmin.info\/WP\/wp-content\/uploads\/2018\/10\/Kolon_Mei-300x298.jpg 300w, https:\/\/bmin.info\/WP\/wp-content\/uploads\/2018\/10\/Kolon_Mei-768x763.jpg 768w, https:\/\/bmin.info\/WP\/wp-content\/uploads\/2018\/10\/Kolon_Mei-e1548243261831.jpg 1024w, https:\/\/bmin.info\/WP\/wp-content\/uploads\/2018\/10\/Kolon_Mei-144x144.jpg 144w\" sizes=\"auto, (max-width: 150px) 100vw, 150px\" \/><\/a>\n\t\t\t<\/div><\/figure><figure class='gallery-item'>\n\t\t\t<div class='gallery-icon landscape'>\n\t\t\t\t<a href='https:\/\/bmin.info\/WP\/2018\/10\/05\/kurier-tag-2018-podium-und-interviews\/kulis_mei\/'><img loading=\"lazy\" decoding=\"async\" width=\"150\" height=\"150\" src=\"https:\/\/bmin.info\/WP\/wp-content\/uploads\/2018\/10\/Kulis_Mei-150x150.jpg\" class=\"attachment-thumbnail size-thumbnail\" alt=\"\" \/><\/a>\n\t\t\t<\/div><\/figure><figure class='gallery-item'>\n\t\t\t<div class='gallery-icon portrait'>\n\t\t\t\t<a href='https:\/\/bmin.info\/WP\/2018\/10\/05\/kurier-tag-2018-podium-und-interviews\/reumann_mei\/'><img loading=\"lazy\" decoding=\"async\" width=\"150\" height=\"150\" src=\"https:\/\/bmin.info\/WP\/wp-content\/uploads\/2018\/10\/Reumann_Mei-150x150.jpg\" class=\"attachment-thumbnail size-thumbnail\" alt=\"\" \/><\/a>\n\t\t\t<\/div><\/figure>\n\t\t<\/div>\n\n<p>Alle Beitr\u00e4ge gibt&#8217;s auf der CBA zum Nachh\u00f6ren:<\/p>\n<p><a href=\"https:\/\/cba.fro.at\/384770\" target=\"_blank\" rel=\"noopener\">Kuriertag 2018: Michael Ludwig am Podium<\/a><br \/>\nWiens B\u00fcrgermeister Michael Ludwig \u00e4u\u00dfert sich\u00a0im Gespr\u00e4ch mit Chefredakteurin Martina Salomon zur neuen SP\u00d6-Vorsitzenden Pamela Rendi-Wagner. Der 57-J\u00e4hrige habe kein mangelndes Vertrauen an die Tatkraft der neuen SP-Chefin.<\/p>\n<p><a href=\"https:\/\/cba.fro.at\/384772\" target=\"_blank\" rel=\"noopener\">Kuriertag 2018: Michael Ludwig im Interview<\/a><br \/>\nMichael Ludwig spricht mit Pepo Meia \u00fcber die turbulenten Tage der SP\u00d6 nach dem Abgang Christian Kerns. Der Wiener B\u00fcrgermeister will vor allem gegen den Sozialabbau vorgehen.<\/p>\n<p><a href=\"https:\/\/cba.fro.at\/384816\" target=\"_blank\" rel=\"noopener\">Kuriertag 2018: Michael H\u00e4upl und Erwin Pr\u00f6ll am Podium<\/a><br \/>\nMichael H\u00e4upl und Erwin Pr\u00f6ll sprechen mit Herausgeber Helmut Brandst\u00e4tter \u00fcber &#8222;Ihr Leben nach der Politik&#8220;. Die beiden Ex-Landesf\u00fcrsten von Wien und Nieder\u00f6sterreich erfreuen sich, keine 24-st\u00fcndige Verf\u00fcgbarkeit mehr einhalten zu m\u00fcssen.<\/p>\n<p><a href=\"https:\/\/cba.fro.at\/384773\" target=\"_blank\" rel=\"noopener\">Kuriertag 2018: Michael H\u00e4upl im Interview<\/a><br \/>\nDer ehemalige B\u00fcrgermeister von Wien, Michael H\u00e4upl genie\u00dft die neugewonnene Freizeit am Neufeldersee und pr\u00e4sentiert demn\u00e4chst sein Buch, wie er Pepo Meia verr\u00e4t.<\/p>\n<p><a href=\"https:\/\/cba.fro.at\/384775\" target=\"_blank\" rel=\"noopener\">Kuriertag 2018: Erwin Pr\u00f6ll im Interview<\/a><br \/>\nErwin Pr\u00f6ll freut sich \u00fcber seine Polit-Pension. Durch den Radsport ist der ehemalige Landeshauptmann Nieder\u00f6sterreichs rank und schlank wie selten zuvor. Die aktuelle Tagespolitik beobachtet der 71-J\u00e4hrige jetzt als interessierter Konsument, wie er Pepo Meia erz\u00e4hlt. Auch Barrierefreiheit wurde thematisiert.<\/p>\n<p><a href=\"https:\/\/cba.fro.at\/384820\" target=\"_blank\" rel=\"noopener\">Kuriertag 2018: Christoph Chorherr und Christian K\u00fchn am Podium<\/a><br \/>\nChristoph Chorherr und Christian K\u00fchn diskutieren mit Chefredakteurin Martina Salomon bei der Podiumsdiskussion \u00fcber \u201eWien und seine Hochh\u00e4user.\u201c W\u00e4hrend der langj\u00e4hrige Gr\u00fcn-Politiker Chorherr die besten Architekten f\u00fcr die aktuellen Entwicklungen miteinbeziehen will, erkennt der Studiendekan Architektur der TU-Wien generell\u00a0 Fortschritte in der Stadtentwicklung.\u00a0 Hei\u00df diskutiert wird auch das Heumarkt-Projekt.<\/p>\n<p><a href=\"https:\/\/cba.fro.at\/384833\" target=\"_blank\" rel=\"noopener\">Kuriertag 2018: Klaus Eckel am Podium<\/a><br \/>\nKlaus Eckel gibt bei der Blattkritik mit Helmut Brandst\u00e4tter seine Qualit\u00e4ten als Kabarettist zum Besten. Der spitz\u00fcngige Spa\u00dfmacher erkl\u00e4rt augenzwinkernd, warum sich die \u00d6sterreicher jetzt vor dem Wolf und nicht mehr l\u00e4nger vor dem IS f\u00fcrchten.<\/p>\n<p><a href=\"https:\/\/cba.fro.at\/384827\" target=\"_blank\" rel=\"noopener\">Kuriertag 2018: Robert Reumann im Interview<\/a><br \/>\nRobert Reumann, der normalerweise als Gesellschaftsreporter sein Brot verdient, \u00e4u\u00dfert sich bei Pepo Meia u.a. auch zur aktuellen politischen Situation.<\/p>\n<p><a href=\"https:\/\/cba.fro.at\/384831\" target=\"_blank\" rel=\"noopener\">Kuriertag 2018: Christian Kolonovits im Interview<\/a><br \/>\nChristian Kolonovits spricht mit Pepo Meia \u00fcber soziale Medien. Der 66-j\u00e4hrige Musiker ben\u00f6tigt diese Medien allerdings selbst nicht. Das AKM-Mitglied sieht sie jedoch als wichtiges Kommunikationsmittel. Musikplattformen sollen auch angemessene Tantiemen f\u00fcr Musikproduktionen entrichten, so Star-Produzent aus D\u00f6bling<\/p>\n<p><a href=\"https:\/\/cba.fro.at\/384829\" target=\"_blank\" rel=\"noopener\">Kuriertag 2018: Gernot Kulis im Interview<\/a><br \/>\nGernot Kulis ist gerade mit seinem Comedyprogramm Herkules auf Tour. Damit beansprucht der \u00d63-Callboy die Lachmuskeln des Publikums. Auch der Goleador, Hans Krankl kommt im Interview mit Pepo Meia zur Sprache.<\/p>\n<p><a href=\"https:\/\/cba.fro.at\/384837\" target=\"_blank\" rel=\"noopener\">Kuriertag 2018: Othmar Karas am Podium<\/a><br \/>\nOthmar Karas nimmt bei der Podiumsdiskussion mit Margaretha Kopeinig zu seiner beruflichen Zukunft Stellung. Ob der langj\u00e4hrige \u00d6VP-EU-Abgeordnete auch bei den kommenden Europaparlamentswahlen 2019 als Kandidat zur Verf\u00fcgung steht, will Karas allerdings nicht verraten. Der 60-J\u00e4hrige bef\u00fcrwortet den europ\u00e4ischen Grundgedanken, um den wachsenden Nationalismus klein zuhalten. Und er spart auch nicht mit Kritik an der FP\u00d6.<\/p>\n<p>Artikel zum Thema: BMIN-Info: <a href=\"https:\/\/bmin.info\/WP\/2017\/10\/04\/kurier-tag-resetarits-pilz-griess-mahrer-hammerschmied-und-doskozil-im-interview\/\" target=\"_blank\" rel=\"noopener\">Kuriertag 2017<\/a><\/p>\n","protected":false},"excerpt":{"rendered":"<p>Text: Pepo Meia, David Herrmann, Niels Cimpa Michael Ludwig, Michael H\u00e4upl, Erwin Pr\u00f6ll, Othmar Karras, Christoph Chorherr, Christian K\u00fchn, Klaus Eckel, Christian Kolonovits, Gernot Kulis, Robert Reumann Am 28. Sept. 2018, fand wieder in Wien-D\u00f6bling zum 7ten mal der Kurier-Tag statt. Dieses Jahr wurde die Zug\u00e4nglichkeit f\u00fcr Rollstuhlnutzer optimal gel\u00f6st. Das Veranstaltungszelt war \u00fcber eine&#8230; <a href=\"https:\/\/bmin.info\/WP\/2018\/10\/05\/kurier-tag-2018-podium-und-interviews\/\" class=\"more-link\">Continue reading <span class=\"screen-reader-text\">Kurier-Tag 2018: Podium und Interviews<\/span><\/a><\/p>\n","protected":false},"author":3,"featured_media":0,"comment_status":"closed","ping_status":"closed","sticky":false,"template":"","format":"standard","meta":{"footnotes":""},"categories":[3],"tags":[],"class_list":["post-5561","post","type-post","status-publish","format-standard","hentry","category-info"],"_links":{"self":[{"href":"https:\/\/bmin.info\/WP\/wp-json\/wp\/v2\/posts\/5561","targetHints":{"allow":["GET"]}}],"collection":[{"href":"https:\/\/bmin.info\/WP\/wp-json\/wp\/v2\/posts"}],"about":[{"href":"https:\/\/bmin.info\/WP\/wp-json\/wp\/v2\/types\/post"}],"author":[{"embeddable":true,"href":"https:\/\/bmin.info\/WP\/wp-json\/wp\/v2\/users\/3"}],"replies":[{"embeddable":true,"href":"https:\/\/bmin.info\/WP\/wp-json\/wp\/v2\/comments?post=5561"}],"version-history":[{"count":11,"href":"https:\/\/bmin.info\/WP\/wp-json\/wp\/v2\/posts\/5561\/revisions"}],"predecessor-version":[{"id":9798,"href":"https:\/\/bmin.info\/WP\/wp-json\/wp\/v2\/posts\/5561\/revisions\/9798"}],"wp:attachment":[{"href":"https:\/\/bmin.info\/WP\/wp-json\/wp\/v2\/media?parent=5561"}],"wp:term":[{"taxonomy":"category","embeddable":true,"href":"https:\/\/bmin.info\/WP\/wp-json\/wp\/v2\/categories?post=5561"},{"taxonomy":"post_tag","embeddable":true,"href":"https:\/\/bmin.info\/WP\/wp-json\/wp\/v2\/tags?post=5561"}],"curies":[{"name":"wp","href":"https:\/\/api.w.org\/{rel}","templated":true}]}}