{"id":570,"date":"2016-04-06T18:47:58","date_gmt":"2016-04-06T17:47:58","guid":{"rendered":"http:\/\/bmin.info\/WP\/?p=570"},"modified":"2016-04-06T18:47:58","modified_gmt":"2016-04-06T17:47:58","slug":"gute-intention-aber-zahnloses-gesetz","status":"publish","type":"post","link":"https:\/\/bmin.info\/WP\/2016\/04\/06\/gute-intention-aber-zahnloses-gesetz\/","title":{"rendered":"&#8222;Gute Intention, aber zahnloses Gesetz&#8220;"},"content":{"rendered":"<p>Text: Mathias Ziegler (Wiener Zeitung)<br \/>\nBehindertenvertreter Martin Ladst\u00e4tter sieht immer noch viel Nachholbedarf bei der Barrierefreiheit.<\/p>\n<p>Wien. Mit 1. J\u00e4nner ist die letzte \u00dcbergangsfrist zum Bundesbehindertengleichstellungsgesetz ausgelaufen. Eine echte Besserung sieht Martin Ladst\u00e4tter, Obmann des Vereins &#8222;Bizeps &#8211; Zentrum f\u00fcr ein Selbstbestimmtes Leben&#8220;, nach den ersten drei Monaten nicht, wie er im Interview betont.<br \/>\n&#8222;<strong><em>Wiener Zeitung<\/em><\/strong>&#8222;: Was ist aus Ihrer Sicht seit 1. J\u00e4nner besser geworden?<br \/>\n<strong><em>Martin Ladst\u00e4tter<\/em><\/strong>: N\u00e4chste Frage bitte.<\/p>\n<p>Ist es tats\u00e4chlich so schlimm?<\/p>\n<p>Naja, also wenn es darum geht, ob es einen Push durch diese allerletzte Frist gegeben hat &#8211; da w\u00fcrde ich sagen: Nein, den gibt es nicht. Es wurde zwar rund um den Jahreswechsel sehr viel dar\u00fcber berichtet, und der eine oder andere hat sicher dar\u00fcber nachgedacht, was das f\u00fcr ihn selbst bedeutet. Aber dass jetzt fl\u00e4chendeckend angefangen worden w\u00e4re, die Probleme zu beseitigen, sehe ich nicht.<\/p>\n<p>Wir haben gerade eine Erhebung gestartet. Wien r\u00fchmt sich ja seit vielen Jahren der Barrierefreiheit. Da hei\u00dft es aber oft, dass es im Altbau schwieriger ist als im Neubau. Wir nehmen das jetzt zum Anlass, alle f\u00fcnf neuen Lokale in der Seestadt Aspern zu testen, die ja auf der gr\u00fcnen Wiese errichtet wurden, wo es eigentlich keine Ausrede gibt.<\/p>\n<p>Der komplette Artikel: <a href=\"http:\/\/www.wienerzeitung.at\/nachrichten\/top_news\/809766_Gute-Intention-aber-zahnloses-Gesetz.html\" target=\"_blank\">Wiener Zeitung Online \/ 31.03.2016<\/a><\/p>\n","protected":false},"excerpt":{"rendered":"<p>Text: Mathias Ziegler (Wiener Zeitung) Behindertenvertreter Martin Ladst\u00e4tter sieht immer noch viel Nachholbedarf bei der Barrierefreiheit. Wien. Mit 1. J\u00e4nner ist die letzte \u00dcbergangsfrist zum Bundesbehindertengleichstellungsgesetz ausgelaufen. Eine echte Besserung sieht Martin Ladst\u00e4tter, Obmann des Vereins &#8222;Bizeps &#8211; Zentrum f\u00fcr ein Selbstbestimmtes Leben&#8220;, nach den ersten drei Monaten nicht, wie er im Interview betont. &#8222;Wiener&#8230; <a href=\"https:\/\/bmin.info\/WP\/2016\/04\/06\/gute-intention-aber-zahnloses-gesetz\/\" class=\"more-link\">Continue reading <span class=\"screen-reader-text\">&#8222;Gute Intention, aber zahnloses Gesetz&#8220;<\/span><\/a><\/p>\n","protected":false},"author":3,"featured_media":0,"comment_status":"closed","ping_status":"closed","sticky":false,"template":"","format":"standard","meta":{"footnotes":""},"categories":[3],"tags":[],"class_list":["post-570","post","type-post","status-publish","format-standard","hentry","category-info"],"_links":{"self":[{"href":"https:\/\/bmin.info\/WP\/wp-json\/wp\/v2\/posts\/570","targetHints":{"allow":["GET"]}}],"collection":[{"href":"https:\/\/bmin.info\/WP\/wp-json\/wp\/v2\/posts"}],"about":[{"href":"https:\/\/bmin.info\/WP\/wp-json\/wp\/v2\/types\/post"}],"author":[{"embeddable":true,"href":"https:\/\/bmin.info\/WP\/wp-json\/wp\/v2\/users\/3"}],"replies":[{"embeddable":true,"href":"https:\/\/bmin.info\/WP\/wp-json\/wp\/v2\/comments?post=570"}],"version-history":[{"count":2,"href":"https:\/\/bmin.info\/WP\/wp-json\/wp\/v2\/posts\/570\/revisions"}],"predecessor-version":[{"id":575,"href":"https:\/\/bmin.info\/WP\/wp-json\/wp\/v2\/posts\/570\/revisions\/575"}],"wp:attachment":[{"href":"https:\/\/bmin.info\/WP\/wp-json\/wp\/v2\/media?parent=570"}],"wp:term":[{"taxonomy":"category","embeddable":true,"href":"https:\/\/bmin.info\/WP\/wp-json\/wp\/v2\/categories?post=570"},{"taxonomy":"post_tag","embeddable":true,"href":"https:\/\/bmin.info\/WP\/wp-json\/wp\/v2\/tags?post=570"}],"curies":[{"name":"wp","href":"https:\/\/api.w.org\/{rel}","templated":true}]}}