{"id":5728,"date":"2018-11-16T08:54:26","date_gmt":"2018-11-16T07:54:26","guid":{"rendered":"http:\/\/bmin.info\/WP\/?p=5728"},"modified":"2018-11-17T17:55:35","modified_gmt":"2018-11-17T16:55:35","slug":"oebb-talent-falsche-beschriftung-wird-umgehend-korrigiert","status":"publish","type":"post","link":"https:\/\/bmin.info\/WP\/2018\/11\/16\/oebb-talent-falsche-beschriftung-wird-umgehend-korrigiert\/","title":{"rendered":"\u00d6BB &#8222;TALENT&#8220;: Falsche Beschriftung wird umgehend korrigiert"},"content":{"rendered":"<p>Text: Pepo Meia<br \/>\nDie \u00d6BB-Personenverkehr hat rasch auf den BMIN-Artikel vom 5. 11. 2018 \u201e<a href=\"https:\/\/bmin.info\/WP\/2018\/11\/05\/oebb-talent-rollstuhlnutzer-vergessen\/\" target=\"_blank\" rel=\"noopener\">\u00d6BB Talent: Rollstuhlnutzer vergessen<\/a>\u201c reagiert. Man hat sich entschuldigt und uns wurde mitgeteilt, dass die falsche Beschriftung dieses TALENT\u2013Triebwagens umgehend korrigiert wird.<\/p>\n<p>Auch bei richtiger Beschriftung wird es bei Bahnkurzstrecken immer wieder Probleme geben.<\/p>\n<div id='gallery-1' class='gallery galleryid-5728 gallery-columns-4 gallery-size-thumbnail'><figure class='gallery-item'>\n\t\t\t<div class='gallery-icon landscape'>\n\t\t\t\t<a href='https:\/\/bmin.info\/WP\/2018\/11\/05\/oebb-talent-rollstuhlnutzer-vergessen\/attachment\/435\/'><img loading=\"lazy\" decoding=\"async\" width=\"150\" height=\"150\" src=\"https:\/\/bmin.info\/WP\/wp-content\/uploads\/2018\/11\/435-150x150.jpg\" class=\"attachment-thumbnail size-thumbnail\" alt=\"\" \/><\/a>\n\t\t\t<\/div><\/figure><figure class='gallery-item'>\n\t\t\t<div class='gallery-icon landscape'>\n\t\t\t\t<a href='https:\/\/bmin.info\/WP\/2018\/11\/05\/oebb-talent-rollstuhlnutzer-vergessen\/839a\/'><img loading=\"lazy\" decoding=\"async\" width=\"150\" height=\"150\" src=\"https:\/\/bmin.info\/WP\/wp-content\/uploads\/2018\/11\/839a-150x150.jpg\" class=\"attachment-thumbnail size-thumbnail\" alt=\"\" \/><\/a>\n\t\t\t<\/div><\/figure><figure class='gallery-item'>\n\t\t\t<div class='gallery-icon landscape'>\n\t\t\t\t<a href='https:\/\/bmin.info\/WP\/2018\/11\/05\/oebb-talent-rollstuhlnutzer-vergessen\/attachment\/831\/'><img loading=\"lazy\" decoding=\"async\" width=\"150\" height=\"150\" src=\"https:\/\/bmin.info\/WP\/wp-content\/uploads\/2018\/11\/831-150x150.jpg\" class=\"attachment-thumbnail size-thumbnail\" alt=\"\" \/><\/a>\n\t\t\t<\/div><\/figure><figure class='gallery-item'>\n\t\t\t<div class='gallery-icon landscape'>\n\t\t\t\t<a href='https:\/\/bmin.info\/WP\/2018\/11\/05\/oebb-talent-rollstuhlnutzer-vergessen\/attachment\/835\/'><img loading=\"lazy\" decoding=\"async\" width=\"150\" height=\"150\" src=\"https:\/\/bmin.info\/WP\/wp-content\/uploads\/2018\/11\/835-150x150.jpg\" class=\"attachment-thumbnail size-thumbnail\" alt=\"\" \/><\/a>\n\t\t\t<\/div><\/figure><figure class='gallery-item'>\n\t\t\t<div class='gallery-icon landscape'>\n\t\t\t\t<a href='https:\/\/bmin.info\/WP\/2016\/03\/11\/oebb-diskriminierung-von-menschen-mit-behinderung\/oberd02\/'><img loading=\"lazy\" decoding=\"async\" width=\"150\" height=\"150\" src=\"https:\/\/bmin.info\/WP\/wp-content\/uploads\/2016\/03\/Oberd02-150x150.jpg\" class=\"attachment-thumbnail size-thumbnail\" alt=\"\" \/><\/a>\n\t\t\t<\/div><\/figure><figure class='gallery-item'>\n\t\t\t<div class='gallery-icon landscape'>\n\t\t\t\t<a href='https:\/\/bmin.info\/WP\/2016\/03\/11\/oebb-diskriminierung-von-menschen-mit-behinderung\/oberd03\/'><img loading=\"lazy\" decoding=\"async\" width=\"150\" height=\"150\" src=\"https:\/\/bmin.info\/WP\/wp-content\/uploads\/2016\/03\/Oberd03-150x150.jpg\" class=\"attachment-thumbnail size-thumbnail\" alt=\"\" \/><\/a>\n\t\t\t<\/div><\/figure><figure class='gallery-item'>\n\t\t\t<div class='gallery-icon portrait'>\n\t\t\t\t<a href='https:\/\/bmin.info\/WP\/2016\/03\/11\/oebb-diskriminierung-von-menschen-mit-behinderung\/attachment\/09\/'><img loading=\"lazy\" decoding=\"async\" width=\"120\" height=\"150\" src=\"https:\/\/bmin.info\/WP\/wp-content\/uploads\/2016\/03\/09-120x150.jpg\" class=\"attachment-thumbnail size-thumbnail\" alt=\"\" \/><\/a>\n\t\t\t<\/div><\/figure><figure class='gallery-item'>\n\t\t\t<div class='gallery-icon portrait'>\n\t\t\t\t<a href='https:\/\/bmin.info\/WP\/2016\/03\/11\/oebb-diskriminierung-von-menschen-mit-behinderung\/attachment\/11\/'><img loading=\"lazy\" decoding=\"async\" width=\"119\" height=\"150\" src=\"https:\/\/bmin.info\/WP\/wp-content\/uploads\/2016\/03\/11-119x150.jpg\" class=\"attachment-thumbnail size-thumbnail\" alt=\"\" \/><\/a>\n\t\t\t<\/div><\/figure>\n\t\t<\/div>\n\n<p style=\"text-align: center;\">(Bildgalerie: Bild anklicken zur Vergr\u00f6\u00dferung)<\/p>\n<p><strong>BMIN-Forderung &#8211; Verbesserungsvorschlag<\/strong>: Die Z\u00fcge der \u00d6BB, auch der &#8222;TALENT-Garnituren&#8220;, sind so ausgerichtet, dass es kein vorne und kein hinten gibt \u2013 sie k\u00f6nnen in beide Richtungen fahren. Somit ist es bei Bahnstrecken, wie z.B. bei der S 45, nicht zu vermeiden, dass die Einstiegshilfe (integrierte Rollstuhlrampe) in der einen Richtung beim Zugf\u00fchrer positioniert ist und in der anderen NICHT. Zugversp\u00e4tungen sind bei Bedarf dieser Einstiegshilfe somit vorprogrammiert. Um dies zu vermeiden, w\u00e4re eine Nachr\u00fcstung einer zweiten integrierten Einstiegshilfe bei allen \u201ealten\u201c TALENT-Garnituren notwendig. Die Kosten sind sicherlich \u00fcberschaubar.<\/p>\n<p>Artikel zum Thema:<br \/>\n<a href=\"https:\/\/bmin.info\/WP\/2016\/03\/11\/oebb-diskriminierung-von-menschen-mit-behinderung\/\" target=\"_blank\" rel=\"noopener\">\u00d6BB: Diskriminierung von Menschen mit Behinderung<\/a> (BMIN-Info vom 3.11.2016)<br \/>\n<em>Nur ein Rollstuhlplatz pro Zuggarnitur (\u201eTalent\u201c) vorhanden<\/em><\/p>\n","protected":false},"excerpt":{"rendered":"<p>Text: Pepo Meia Die \u00d6BB-Personenverkehr hat rasch auf den BMIN-Artikel vom 5. 11. 2018 \u201e\u00d6BB Talent: Rollstuhlnutzer vergessen\u201c reagiert. Man hat sich entschuldigt und uns wurde mitgeteilt, dass die falsche Beschriftung dieses TALENT\u2013Triebwagens umgehend korrigiert wird. Auch bei richtiger Beschriftung wird es bei Bahnkurzstrecken immer wieder Probleme geben. (Bildgalerie: Bild anklicken zur Vergr\u00f6\u00dferung) BMIN-Forderung &#8211;&#8230; <a href=\"https:\/\/bmin.info\/WP\/2018\/11\/16\/oebb-talent-falsche-beschriftung-wird-umgehend-korrigiert\/\" class=\"more-link\">Continue reading <span class=\"screen-reader-text\">\u00d6BB &#8222;TALENT&#8220;: Falsche Beschriftung wird umgehend korrigiert<\/span><\/a><\/p>\n","protected":false},"author":3,"featured_media":0,"comment_status":"closed","ping_status":"closed","sticky":false,"template":"","format":"standard","meta":{"footnotes":""},"categories":[3],"tags":[],"class_list":["post-5728","post","type-post","status-publish","format-standard","hentry","category-info"],"_links":{"self":[{"href":"https:\/\/bmin.info\/WP\/wp-json\/wp\/v2\/posts\/5728","targetHints":{"allow":["GET"]}}],"collection":[{"href":"https:\/\/bmin.info\/WP\/wp-json\/wp\/v2\/posts"}],"about":[{"href":"https:\/\/bmin.info\/WP\/wp-json\/wp\/v2\/types\/post"}],"author":[{"embeddable":true,"href":"https:\/\/bmin.info\/WP\/wp-json\/wp\/v2\/users\/3"}],"replies":[{"embeddable":true,"href":"https:\/\/bmin.info\/WP\/wp-json\/wp\/v2\/comments?post=5728"}],"version-history":[{"count":11,"href":"https:\/\/bmin.info\/WP\/wp-json\/wp\/v2\/posts\/5728\/revisions"}],"predecessor-version":[{"id":5843,"href":"https:\/\/bmin.info\/WP\/wp-json\/wp\/v2\/posts\/5728\/revisions\/5843"}],"wp:attachment":[{"href":"https:\/\/bmin.info\/WP\/wp-json\/wp\/v2\/media?parent=5728"}],"wp:term":[{"taxonomy":"category","embeddable":true,"href":"https:\/\/bmin.info\/WP\/wp-json\/wp\/v2\/categories?post=5728"},{"taxonomy":"post_tag","embeddable":true,"href":"https:\/\/bmin.info\/WP\/wp-json\/wp\/v2\/tags?post=5728"}],"curies":[{"name":"wp","href":"https:\/\/api.w.org\/{rel}","templated":true}]}}