{"id":5765,"date":"2018-11-28T10:53:44","date_gmt":"2018-11-28T09:53:44","guid":{"rendered":"http:\/\/bmin.info\/WP\/?p=5765"},"modified":"2018-11-28T11:53:58","modified_gmt":"2018-11-28T10:53:58","slug":"jeder-fuer-jeden-2018","status":"publish","type":"post","link":"https:\/\/bmin.info\/WP\/2018\/11\/28\/jeder-fuer-jeden-2018\/","title":{"rendered":"JedeR f\u00fcr JedeN 2018"},"content":{"rendered":"<p>Text: Rathauskorrespondenz<br \/>\nJedeR f\u00fcr JedeN hie\u00df es heuer bereits zum elften Mal im Wiener Rathaus! Die Messe f\u00fcr Menschen mit Behinderung stand unter dem Ehrenschutz von B\u00fcrgermeister Dr. Michael Ludwig und soll das Zusammenleben von Menschen mit und ohne Behinderung in Wien weiter verbessern.<\/p>\n<p><a href=\"https:\/\/bmin.info\/WP\/wp-content\/uploads\/2018\/11\/JfJ_Sujet.jpg\"><img loading=\"lazy\" decoding=\"async\" class=\"alignleft size-medium wp-image-5773\" src=\"https:\/\/bmin.info\/WP\/wp-content\/uploads\/2018\/11\/JfJ_Sujet-300x225.jpg\" alt=\"\" width=\"300\" height=\"225\" srcset=\"https:\/\/bmin.info\/WP\/wp-content\/uploads\/2018\/11\/JfJ_Sujet.jpg 300w, https:\/\/bmin.info\/WP\/wp-content\/uploads\/2018\/11\/JfJ_Sujet-144x108.jpg 144w\" sizes=\"auto, (max-width: 300px) 100vw, 300px\" \/><\/a><\/p>\n<p>Zahlreiche Wiener Selbsthilfegruppen, Behindertenorganisationen und themenspezifische Einrichtungen stellten ihre vielf\u00e4ltigen Unterst\u00fctzungsangebote vor. Die BesucherInnen erwartete ein abwechslungsreiches Programm mit Vortr\u00e4ge und Diskussionen zu den Themenschwerpunkten Reisen mit Behinderung und chronischer Erkrankung, Kreativit\u00e4t als Potential f\u00fcr Gesundheit und das neue Erwachsenenschutzgesetz.<br \/>\nAbgerundet wurde der Tag durch ein bunt gemischtes Unterhaltungsprogramm.<br \/>\nH\u00f6hepunkt der Veranstaltung war die <a href=\"https:\/\/e83d6209d13c25ced13f413a9d26674e0824ff69-m.proxy.startpage.com\/ub\/sp\/hjx\/xxx\/ST\/mn1FlCZh0QWK2pNRE5IEZA\/\/\/\/\/\/\/\/\/\/Preis%20der%20Menschlichkeit.2273.0.html?SURFLY_TAB_PREFIX=_surfly_tab0#parent=stadt\" target=\"_blank\" rel=\"noopener\">Verleihung des Preises der Menschlichkeit<\/a>. Der Preis wird alle zwei Jahre f\u00fcr besonderen ehrenamtlichen Einsatz vergeben.<br \/>\n<a href=\"https:\/\/e83d6209d13c25ced13f413a9d26674e0824ff69-m.proxy.startpage.com\/ub\/sp\/hjx\/xxx\/ST\/mn1FlCZh0QWK2pNRE5IEZA\/\/\/\/\/\/\/\/\/\/JedeR-fuer.2274.0.html?SURFLY_TAB_PREFIX=_surfly_tab0\" target=\"_blank\" rel=\"noopener\">Zur Fotogalerie<\/a><br \/>\nGef\u00f6rdert aus Mitteln der Sozialversicherung<\/p>\n","protected":false},"excerpt":{"rendered":"<p>Text: Rathauskorrespondenz JedeR f\u00fcr JedeN hie\u00df es heuer bereits zum elften Mal im Wiener Rathaus! Die Messe f\u00fcr Menschen mit Behinderung stand unter dem Ehrenschutz von B\u00fcrgermeister Dr. Michael Ludwig und soll das Zusammenleben von Menschen mit und ohne Behinderung in Wien weiter verbessern. Zahlreiche Wiener Selbsthilfegruppen, Behindertenorganisationen und themenspezifische Einrichtungen stellten ihre vielf\u00e4ltigen Unterst\u00fctzungsangebote&#8230; <a href=\"https:\/\/bmin.info\/WP\/2018\/11\/28\/jeder-fuer-jeden-2018\/\" class=\"more-link\">Continue reading <span class=\"screen-reader-text\">JedeR f\u00fcr JedeN 2018<\/span><\/a><\/p>\n","protected":false},"author":3,"featured_media":0,"comment_status":"closed","ping_status":"closed","sticky":false,"template":"","format":"standard","meta":{"footnotes":""},"categories":[3],"tags":[],"class_list":["post-5765","post","type-post","status-publish","format-standard","hentry","category-info"],"_links":{"self":[{"href":"https:\/\/bmin.info\/WP\/wp-json\/wp\/v2\/posts\/5765","targetHints":{"allow":["GET"]}}],"collection":[{"href":"https:\/\/bmin.info\/WP\/wp-json\/wp\/v2\/posts"}],"about":[{"href":"https:\/\/bmin.info\/WP\/wp-json\/wp\/v2\/types\/post"}],"author":[{"embeddable":true,"href":"https:\/\/bmin.info\/WP\/wp-json\/wp\/v2\/users\/3"}],"replies":[{"embeddable":true,"href":"https:\/\/bmin.info\/WP\/wp-json\/wp\/v2\/comments?post=5765"}],"version-history":[{"count":3,"href":"https:\/\/bmin.info\/WP\/wp-json\/wp\/v2\/posts\/5765\/revisions"}],"predecessor-version":[{"id":5775,"href":"https:\/\/bmin.info\/WP\/wp-json\/wp\/v2\/posts\/5765\/revisions\/5775"}],"wp:attachment":[{"href":"https:\/\/bmin.info\/WP\/wp-json\/wp\/v2\/media?parent=5765"}],"wp:term":[{"taxonomy":"category","embeddable":true,"href":"https:\/\/bmin.info\/WP\/wp-json\/wp\/v2\/categories?post=5765"},{"taxonomy":"post_tag","embeddable":true,"href":"https:\/\/bmin.info\/WP\/wp-json\/wp\/v2\/tags?post=5765"}],"curies":[{"name":"wp","href":"https:\/\/api.w.org\/{rel}","templated":true}]}}