{"id":578,"date":"2016-04-13T08:53:18","date_gmt":"2016-04-13T07:53:18","guid":{"rendered":"http:\/\/bmin.info\/WP\/?p=578"},"modified":"2016-04-13T17:57:23","modified_gmt":"2016-04-13T16:57:23","slug":"exklusivinterview-mit-peter-hacker","status":"publish","type":"post","link":"https:\/\/bmin.info\/WP\/2016\/04\/13\/exklusivinterview-mit-peter-hacker\/","title":{"rendered":"Exklusivinterview mit Peter Hacker"},"content":{"rendered":"<p>Am 11. April 2016 gab Peter Hacker, Gesch\u00e4ftsf\u00fchrer vom Fonds Soziales Wien (FSW), Pepo Meia und Mag.a Bernadette Feuerstein (SLI \u00d6sterreich) ein ausf\u00fchrliches Interview. Der Sozialmanager ist seit Sommer 2015 auch Fl\u00fcchtlingskoordinator.<\/p>\n<p><em>Hacker glaubt nicht an Zuf\u00e4lle in der medialen Berichterstattung und ist (sinngem\u00e4\u00df) der Meinung, dass das Fl\u00fcchtlingsthema von diversen Kr\u00e4ften missbraucht wird, um gezielt eine Sozialdebatte \u201eanzuzetteln\u201c um auch Sozialdienstleistungen in ganz \u00d6sterreich zu k\u00fcrzen und im Sozialwesen das Spektrum und die Finanzierung der diversen Leistungen zu reduzieren und in Frage zu stellen. Wien ist weit weg von einer Ausnahmesituation. Es ist machbar 10.000 zus\u00e4tzliche Fl\u00fcchtlinge in der Stadt unterzubringen ohne dass in irgendeiner Form Sozialleistungen gek\u00fcrzt werden m\u00fcssen.<\/em><\/p>\n<p><a href=\"https:\/\/bmin.info\/WP\/wp-content\/uploads\/2016\/04\/HackFeuerMei.jpg\" rel=\"attachment wp-att-586\"><img loading=\"lazy\" decoding=\"async\" class=\"wp-image-586 aligncenter\" src=\"https:\/\/bmin.info\/WP\/wp-content\/uploads\/2016\/04\/HackFeuerMei-300x146.jpg\" alt=\"HackFeuerMei\" width=\"536\" height=\"260\" \/><\/a><\/p>\n<p>Folgende Themenbereiche wurden angesprochen: Behindertenhilfe, Pers\u00f6nliche Assistenz, Pflegegelderg\u00e4nzungsleistung (PGE), Pflegegeld, Fl\u00fcchtlinge mit Behinderung, Senioren- und Pflegeheime, u.a.;<\/p>\n<p>Das komplette Interview: <a href=\"http:\/\/cba.fro.at\/313317\" target=\"_blank\">Cultural Broadcasting Archive &#8211; CBA<\/a><\/p>\n","protected":false},"excerpt":{"rendered":"<p>Am 11. April 2016 gab Peter Hacker, Gesch\u00e4ftsf\u00fchrer vom Fonds Soziales Wien (FSW), Pepo Meia und Mag.a Bernadette Feuerstein (SLI \u00d6sterreich) ein ausf\u00fchrliches Interview. Der Sozialmanager ist seit Sommer 2015 auch Fl\u00fcchtlingskoordinator. Hacker glaubt nicht an Zuf\u00e4lle in der medialen Berichterstattung und ist (sinngem\u00e4\u00df) der Meinung, dass das Fl\u00fcchtlingsthema von diversen Kr\u00e4ften missbraucht wird, um&#8230; <a href=\"https:\/\/bmin.info\/WP\/2016\/04\/13\/exklusivinterview-mit-peter-hacker\/\" class=\"more-link\">Continue reading <span class=\"screen-reader-text\">Exklusivinterview mit Peter Hacker<\/span><\/a><\/p>\n","protected":false},"author":3,"featured_media":0,"comment_status":"closed","ping_status":"closed","sticky":false,"template":"","format":"standard","meta":{"footnotes":""},"categories":[3],"tags":[],"class_list":["post-578","post","type-post","status-publish","format-standard","hentry","category-info"],"_links":{"self":[{"href":"https:\/\/bmin.info\/WP\/wp-json\/wp\/v2\/posts\/578","targetHints":{"allow":["GET"]}}],"collection":[{"href":"https:\/\/bmin.info\/WP\/wp-json\/wp\/v2\/posts"}],"about":[{"href":"https:\/\/bmin.info\/WP\/wp-json\/wp\/v2\/types\/post"}],"author":[{"embeddable":true,"href":"https:\/\/bmin.info\/WP\/wp-json\/wp\/v2\/users\/3"}],"replies":[{"embeddable":true,"href":"https:\/\/bmin.info\/WP\/wp-json\/wp\/v2\/comments?post=578"}],"version-history":[{"count":4,"href":"https:\/\/bmin.info\/WP\/wp-json\/wp\/v2\/posts\/578\/revisions"}],"predecessor-version":[{"id":589,"href":"https:\/\/bmin.info\/WP\/wp-json\/wp\/v2\/posts\/578\/revisions\/589"}],"wp:attachment":[{"href":"https:\/\/bmin.info\/WP\/wp-json\/wp\/v2\/media?parent=578"}],"wp:term":[{"taxonomy":"category","embeddable":true,"href":"https:\/\/bmin.info\/WP\/wp-json\/wp\/v2\/categories?post=578"},{"taxonomy":"post_tag","embeddable":true,"href":"https:\/\/bmin.info\/WP\/wp-json\/wp\/v2\/tags?post=578"}],"curies":[{"name":"wp","href":"https:\/\/api.w.org\/{rel}","templated":true}]}}