{"id":606,"date":"2016-04-26T14:11:20","date_gmt":"2016-04-26T13:11:20","guid":{"rendered":"http:\/\/bmin.info\/WP\/?p=606"},"modified":"2016-04-26T14:11:20","modified_gmt":"2016-04-26T13:11:20","slug":"mindestsicherung-lassen-uns-nicht-das-letzte-hemd-nehmen","status":"publish","type":"post","link":"https:\/\/bmin.info\/WP\/2016\/04\/26\/mindestsicherung-lassen-uns-nicht-das-letzte-hemd-nehmen\/","title":{"rendered":"Mindestsicherung: Lassen uns nicht das letzte Hemd nehmen!"},"content":{"rendered":"<p>Wir machen zum Thema, was bisher kaum Thema war: Fehlende Soforthilfe, Aufwand bei Menschen mit Behinderungen, Unterhalt, mangelnde Gesundheitshilfe, Nichtinanspruchnahme, Vollzug, Wohnen<\/p>\n<p>Vor dem Wirtschafts-, Sozial- und Lebensministerium machte die Armutskonferenz am Montag (25. April 2016) auf Verschlechterungen und vergessene Probleme in der Mindestsicherung aufmerksam. \u201eWir lassen uns von euch nicht das letzte Hemd nehmen!\u201c richteten Armutsbetroffene und PraktikerInnen aus sozialen Organisationen mit hunderten aufgespannten Hemden den Verhandlern ihren Widerstand gegen eine \u201ePolitik der sozialen Ausgrenzung\u201c aus.<\/p>\n<p>Seit einem halben Jahr tobt jetzt schon die Debatte zur Mindestsicherung. Diejenigen, die das in ihrem Alltag betrifft, kommen aber nicht vor. Sie werden nicht gefragt, wie ihr Leben aussieht. Sie werden nicht gefragt, welche Probleme sie bewegen. \u201eLeben ist mehr als \u00dcberleben!, so der Tenor vieler Betroffener aus Arbeitsloseninitiativen, Stra\u00dfenzeitungen, Alleinerziehenden, Familiengruppen und SelbstvertreterInnen von Menschen mit psychischen Beeintr\u00e4chtigungen.<\/p>\n<p>Mehr dazu: <a href=\"http:\/\/www.armutskonferenz.at\/news\/news-2016\/mindestsicherung-lassen-uns-nicht-das-letzte-hemd-nehmen.html\" target=\"_blank\">Armutskomferenz \/ News<\/a><\/p>\n","protected":false},"excerpt":{"rendered":"<p>Wir machen zum Thema, was bisher kaum Thema war: Fehlende Soforthilfe, Aufwand bei Menschen mit Behinderungen, Unterhalt, mangelnde Gesundheitshilfe, Nichtinanspruchnahme, Vollzug, Wohnen Vor dem Wirtschafts-, Sozial- und Lebensministerium machte die Armutskonferenz am Montag (25. April 2016) auf Verschlechterungen und vergessene Probleme in der Mindestsicherung aufmerksam. \u201eWir lassen uns von euch nicht das letzte Hemd nehmen!\u201c&#8230; <a href=\"https:\/\/bmin.info\/WP\/2016\/04\/26\/mindestsicherung-lassen-uns-nicht-das-letzte-hemd-nehmen\/\" class=\"more-link\">Continue reading <span class=\"screen-reader-text\">Mindestsicherung: Lassen uns nicht das letzte Hemd nehmen!<\/span><\/a><\/p>\n","protected":false},"author":3,"featured_media":0,"comment_status":"closed","ping_status":"closed","sticky":false,"template":"","format":"standard","meta":{"footnotes":""},"categories":[3],"tags":[],"class_list":["post-606","post","type-post","status-publish","format-standard","hentry","category-info"],"_links":{"self":[{"href":"https:\/\/bmin.info\/WP\/wp-json\/wp\/v2\/posts\/606","targetHints":{"allow":["GET"]}}],"collection":[{"href":"https:\/\/bmin.info\/WP\/wp-json\/wp\/v2\/posts"}],"about":[{"href":"https:\/\/bmin.info\/WP\/wp-json\/wp\/v2\/types\/post"}],"author":[{"embeddable":true,"href":"https:\/\/bmin.info\/WP\/wp-json\/wp\/v2\/users\/3"}],"replies":[{"embeddable":true,"href":"https:\/\/bmin.info\/WP\/wp-json\/wp\/v2\/comments?post=606"}],"version-history":[{"count":2,"href":"https:\/\/bmin.info\/WP\/wp-json\/wp\/v2\/posts\/606\/revisions"}],"predecessor-version":[{"id":610,"href":"https:\/\/bmin.info\/WP\/wp-json\/wp\/v2\/posts\/606\/revisions\/610"}],"wp:attachment":[{"href":"https:\/\/bmin.info\/WP\/wp-json\/wp\/v2\/media?parent=606"}],"wp:term":[{"taxonomy":"category","embeddable":true,"href":"https:\/\/bmin.info\/WP\/wp-json\/wp\/v2\/categories?post=606"},{"taxonomy":"post_tag","embeddable":true,"href":"https:\/\/bmin.info\/WP\/wp-json\/wp\/v2\/tags?post=606"}],"curies":[{"name":"wp","href":"https:\/\/api.w.org\/{rel}","templated":true}]}}