{"id":612,"date":"2016-05-05T14:44:58","date_gmt":"2016-05-05T13:44:58","guid":{"rendered":"http:\/\/bmin.info\/WP\/?p=612"},"modified":"2016-05-05T14:47:56","modified_gmt":"2016-05-05T13:47:56","slug":"1-mai-2016-treppenlift-verweigerte-arbeit","status":"publish","type":"post","link":"https:\/\/bmin.info\/WP\/2016\/05\/05\/1-mai-2016-treppenlift-verweigerte-arbeit\/","title":{"rendered":"1. Mai 2016: Treppenlift verweigerte Arbeit"},"content":{"rendered":"<p>Text: Niels Cimpa, David Herrmann-Meng<br \/>\n<em><strong>Ausstellung \u201cRotes Wien\u201c im Karl-Marx-Hof \u2013 Feuerwehr befreite E-Rollstuhlfahrer<\/strong><\/em><br \/>\nDer Rollstuhlfahrer Josef M. besuchte am Tag der Arbeit die Ausstellung <a href=\"http:\/\/dasrotewien-waschsalon.at\/in\/\" target=\"_blank\">\u201eDas Rote Wien\u201c<\/a>. Ein Treppenlift erm\u00f6glicht seit einigen Jahren den Zugang in den ehemaligen Waschsalon, in dem diese interessante Dauerausstellung ihren Platz hat.<\/p>\n<p>Auch die Zufahrt ist f\u00fcr mobilit\u00e4tseingeschr\u00e4nkte Personen selbstst\u00e4ndig \u00fcber eine sogenannte \u201eBehinderten-Rampe\u201c m\u00f6glich. Jedoch ist nur der Nebeneingang befahrbar, da diese Rampe nur f\u00fcr diese Dauerausstellung errichtet wurde. Der Haupteingang, der tags\u00fcber ge\u00f6ffnet ist, ist f\u00fcr diese Bev\u00f6lkerungsgruppe leider noch immer nicht zug\u00e4nglich, somit auch die R\u00e4umlichkeiten im Erdgeschoss&#8230;<\/p>\n<p><a href=\"https:\/\/bmin.info\/WP\/wp-content\/uploads\/2016\/05\/KMH-Waschk484.jpg\"><img loading=\"lazy\" decoding=\"async\" class=\"alignnone  wp-image-617\" src=\"https:\/\/bmin.info\/WP\/wp-content\/uploads\/2016\/05\/KMH-Waschk484-300x225.jpg\" alt=\"KMH Waschk484\" width=\"271\" height=\"203\" srcset=\"https:\/\/bmin.info\/WP\/wp-content\/uploads\/2016\/05\/KMH-Waschk484-300x225.jpg 300w, https:\/\/bmin.info\/WP\/wp-content\/uploads\/2016\/05\/KMH-Waschk484-144x108.jpg 144w, https:\/\/bmin.info\/WP\/wp-content\/uploads\/2016\/05\/KMH-Waschk484.jpg 640w\" sizes=\"auto, (max-width: 271px) 100vw, 271px\" \/><\/a>\u00a0 \u00a0<a href=\"https:\/\/bmin.info\/WP\/wp-content\/uploads\/2016\/05\/KMH-Waschk488.jpg\"><img loading=\"lazy\" decoding=\"async\" class=\"alignnone  wp-image-618\" src=\"https:\/\/bmin.info\/WP\/wp-content\/uploads\/2016\/05\/KMH-Waschk488-300x225.jpg\" alt=\"KMH Waschk488\" width=\"271\" height=\"203\" srcset=\"https:\/\/bmin.info\/WP\/wp-content\/uploads\/2016\/05\/KMH-Waschk488-300x225.jpg 300w, https:\/\/bmin.info\/WP\/wp-content\/uploads\/2016\/05\/KMH-Waschk488-144x108.jpg 144w, https:\/\/bmin.info\/WP\/wp-content\/uploads\/2016\/05\/KMH-Waschk488.jpg 640w\" sizes=\"auto, (max-width: 271px) 100vw, 271px\" \/><\/a>\u00a0 \u00a0<a href=\"https:\/\/bmin.info\/WP\/wp-content\/uploads\/2016\/05\/KMH-Waschk482.jpg\"><img loading=\"lazy\" decoding=\"async\" class=\"alignnone  wp-image-616\" src=\"https:\/\/bmin.info\/WP\/wp-content\/uploads\/2016\/05\/KMH-Waschk482-300x225.jpg\" alt=\"KMH Waschk482\" width=\"271\" height=\"203\" srcset=\"https:\/\/bmin.info\/WP\/wp-content\/uploads\/2016\/05\/KMH-Waschk482-300x225.jpg 300w, https:\/\/bmin.info\/WP\/wp-content\/uploads\/2016\/05\/KMH-Waschk482-144x108.jpg 144w, https:\/\/bmin.info\/WP\/wp-content\/uploads\/2016\/05\/KMH-Waschk482.jpg 640w\" sizes=\"auto, (max-width: 271px) 100vw, 271px\" \/><\/a><\/p>\n<p>Um 13 Uhr begann die F\u00fchrung und Josef M. gelangte mit dem Schr\u00e4gaufzug in den 1. Stock. Nach ca. 30 Minuten wollte er die Ausstellung wieder verlassen und ein Angestellter steuerte mit einer Fernbedienung den Treppenlift. Nach ca. 2 Meter Fahrt abw\u00e4rts \u201estreikte\u201c der Treppenlift. Niemand konnte die Ausstellung besuchen oder verlassen, da die denkmalgesch\u00fctzte Stiege v\u00f6llig blockiert wurde. Eine andere Angestellte versuchte mit der Handkurbel den Betroffenen zuerst nach unten, dann nach oben zu bef\u00f6rdern. Dies erwies sich als unm\u00f6glich, da sich der Treppenlift nur millimeterweise bewegte. Nach mehreren Interventionen auch der Besucher, wurde endlich die Feuerwehr verst\u00e4ndigt. Nach Beratung wurde der Betroffene mit einem Provisorium der Handkurbel und einem Akku-Schrauber ins Parterre bef\u00f6rdert. Die ganze Aktion dauerte \u00fcber 90 Minuten. Der Betroffene bedankte sich \u00fcbergl\u00fccklich bei der Wiener Berufsfeuerwehr, denn er hatte schon die Bef\u00fcrchtung, am Treppenlift \u00fcbernachten zu m\u00fcssen&#8230;<\/p>\n<p><a href=\"http:\/\/dasrotewien-waschsalon.at\/in\/index.php?article_id=3\" target=\"_blank\">Lageplan zur Ausstellung \u201eDas Rote Wien\u201c<\/a><\/p>\n","protected":false},"excerpt":{"rendered":"<p>Text: Niels Cimpa, David Herrmann-Meng Ausstellung \u201cRotes Wien\u201c im Karl-Marx-Hof \u2013 Feuerwehr befreite E-Rollstuhlfahrer Der Rollstuhlfahrer Josef M. besuchte am Tag der Arbeit die Ausstellung \u201eDas Rote Wien\u201c. Ein Treppenlift erm\u00f6glicht seit einigen Jahren den Zugang in den ehemaligen Waschsalon, in dem diese interessante Dauerausstellung ihren Platz hat. Auch die Zufahrt ist f\u00fcr mobilit\u00e4tseingeschr\u00e4nkte Personen&#8230; <a href=\"https:\/\/bmin.info\/WP\/2016\/05\/05\/1-mai-2016-treppenlift-verweigerte-arbeit\/\" class=\"more-link\">Continue reading <span class=\"screen-reader-text\">1. Mai 2016: Treppenlift verweigerte Arbeit<\/span><\/a><\/p>\n","protected":false},"author":3,"featured_media":0,"comment_status":"closed","ping_status":"closed","sticky":false,"template":"","format":"standard","meta":{"footnotes":""},"categories":[3],"tags":[],"class_list":["post-612","post","type-post","status-publish","format-standard","hentry","category-info"],"_links":{"self":[{"href":"https:\/\/bmin.info\/WP\/wp-json\/wp\/v2\/posts\/612","targetHints":{"allow":["GET"]}}],"collection":[{"href":"https:\/\/bmin.info\/WP\/wp-json\/wp\/v2\/posts"}],"about":[{"href":"https:\/\/bmin.info\/WP\/wp-json\/wp\/v2\/types\/post"}],"author":[{"embeddable":true,"href":"https:\/\/bmin.info\/WP\/wp-json\/wp\/v2\/users\/3"}],"replies":[{"embeddable":true,"href":"https:\/\/bmin.info\/WP\/wp-json\/wp\/v2\/comments?post=612"}],"version-history":[{"count":6,"href":"https:\/\/bmin.info\/WP\/wp-json\/wp\/v2\/posts\/612\/revisions"}],"predecessor-version":[{"id":622,"href":"https:\/\/bmin.info\/WP\/wp-json\/wp\/v2\/posts\/612\/revisions\/622"}],"wp:attachment":[{"href":"https:\/\/bmin.info\/WP\/wp-json\/wp\/v2\/media?parent=612"}],"wp:term":[{"taxonomy":"category","embeddable":true,"href":"https:\/\/bmin.info\/WP\/wp-json\/wp\/v2\/categories?post=612"},{"taxonomy":"post_tag","embeddable":true,"href":"https:\/\/bmin.info\/WP\/wp-json\/wp\/v2\/tags?post=612"}],"curies":[{"name":"wp","href":"https:\/\/api.w.org\/{rel}","templated":true}]}}