{"id":614,"date":"2016-05-06T09:09:45","date_gmt":"2016-05-06T08:09:45","guid":{"rendered":"http:\/\/bmin.info\/WP\/?p=614"},"modified":"2016-05-06T09:09:45","modified_gmt":"2016-05-06T08:09:45","slug":"protesttag-ohne-protest","status":"publish","type":"post","link":"https:\/\/bmin.info\/WP\/2016\/05\/06\/protesttag-ohne-protest\/","title":{"rendered":"Protesttag\u2026 ohne Protest"},"content":{"rendered":"<p>Text: <a href=\"http:\/\/www.bmin.info\/Aktivist\/Aktivist\/Stix.html\" target=\"_blank\">Thomas Stix<\/a> (ein Kommentar)<br \/>\n<strong><em>Heute ist der 5. Mai, das ist der Europ\u00e4ische Protesttag zur Gleichstellung von Menschen mit Behinderung. Von Protest ist wenig zu sehen. Manche wollen auch gar nichts mehr von einem Protesttag wissen, und nennt diesen Tag verniedlichend \u201eTag der Inklusion\u201c.\u00a0<\/em><\/strong><\/p>\n<p>Um die Behindertenpolitik in unserem Land steht es schlecht. Stillstand ist die Regel. Ein Beispiel: Pers\u00f6nliche Assistenz. Da geht weder im Bund noch auf L\u00e4nderebene etwas weiter. Im Jahr 2008 etwa wurde die PA-Regelung in Wien als Meilenstein gefeiert. Zurecht war diese Regelung ein echter Fortschritt. In den vergangenen 8 Jahren wurde aber in diese Richtung von der Stadt Wien nichts mehr getan, im Gegenteil, das PA-System wird regelrecht ausgehungert; die F\u00f6rderung wurde seit dem Bestehen kein einziges Mal valorisiert, durch den Geldwertverlust wird die F\u00f6rderung Jahr f\u00fcr Jahr scheibchenweise reduziert.<\/p>\n<p>Am 11. April 2016 haben <a href=\"http:\/\/www.bmin.info\/Aktivist\/Aktivist\/Meia.html\" target=\"_blank\">Pepo Meia<\/a> (BMIN) und <a href=\"http:\/\/www.bmin.info\/Aktivist\/Aktivist\/Feuerstein.html\" target=\"_blank\">Mag.a Bernadette Feuerstein<\/a> (SLI \u00d6sterreich) ein Interview mit dem Gesch\u00e4ftsf\u00fchrer des Fonds Soziales Wien, Peter Hacker, gef\u00fchrt. Man kann dabei sehr klar die Abneigung Peter Hackers gegen\u00fcber der Pers\u00f6nlichen Assistenz wahrnehmen. Er weicht der Frage, warum diese nicht valorisiert wird, immer wieder aus, und \u2013 das ist der noch gr\u00f6\u00dfere Skandal \u2013 er schlie\u00dft eine Pers\u00f6nliche Assistenz f\u00fcr Menschen mit Lernschwierigkeiten kategorisch aus. Was hat das mit einer lebendigen UN-Behindertenkonvention zu tun? Es deutet eher darauf hin, dass die Stadt Wien an v\u00f6llig veralteten Vorstellungen vom Leben behinderter Menschen festh\u00e4lt.<\/p>\n<p>Bei BIZEPS gibt es jetzt Protestaufkleber (\u201eI h\u00e4tt\u2019 gern einkauft!\u201c) zu bestellen. Diese k\u00f6nnen an Gesch\u00e4ften und Lokaleing\u00e4ngen angebracht werden, die nicht barrierefrei sind. Sch\u00f6ne Idee, aber Achtung: Diese \u201eAufkleber\u201c sind nur \u201ePost-Its\u201c, die leicht wieder entfernbar sind und keinerlei R\u00fcckst\u00e4nde hinterlassen. Mein pers\u00f6nlicher Tipp dazu: Nehmen Sie sich, wenn Sie diese \u201eAufkleber\u201c wo anbringen wollen, auch eine Tube Superkleber mit und kleben Sie die Dinger ordentlich fest. Warum soll unser Protest f\u00fcr die Betriebe, die uns diskriminieren, nicht unangenehm und schwierig zu entfernen sein? Ist die Diskriminierung f\u00fcr uns etwa angenehm?!<\/p>\n<p>Die Behindertenbewegung muss wieder lernen, Phantasie zu haben, sich etwas zuzutrauen und zu protestieren, sich zu bewegen. Ansonsten wird auch die Behindertenpolitik weiterhin im Nichtstun verharren.<\/p>\n<p>Das Interview mit Peter Hacker kann im\u00a0<a href=\"https:\/\/cba.fro.at\/313317\" target=\"_blank\">Cultural Broadcasting Archive<\/a> (CBA) des Verbands Freier Radios \u00d6sterreich nachgeh\u00f6rt werden.<\/p>\n","protected":false},"excerpt":{"rendered":"<p>Text: Thomas Stix (ein Kommentar) Heute ist der 5. Mai, das ist der Europ\u00e4ische Protesttag zur Gleichstellung von Menschen mit Behinderung. Von Protest ist wenig zu sehen. Manche wollen auch gar nichts mehr von einem Protesttag wissen, und nennt diesen Tag verniedlichend \u201eTag der Inklusion\u201c.\u00a0 Um die Behindertenpolitik in unserem Land steht es schlecht. Stillstand&#8230; <a href=\"https:\/\/bmin.info\/WP\/2016\/05\/06\/protesttag-ohne-protest\/\" class=\"more-link\">Continue reading <span class=\"screen-reader-text\">Protesttag\u2026 ohne Protest<\/span><\/a><\/p>\n","protected":false},"author":3,"featured_media":0,"comment_status":"closed","ping_status":"closed","sticky":false,"template":"","format":"standard","meta":{"footnotes":""},"categories":[3],"tags":[],"class_list":["post-614","post","type-post","status-publish","format-standard","hentry","category-info"],"_links":{"self":[{"href":"https:\/\/bmin.info\/WP\/wp-json\/wp\/v2\/posts\/614","targetHints":{"allow":["GET"]}}],"collection":[{"href":"https:\/\/bmin.info\/WP\/wp-json\/wp\/v2\/posts"}],"about":[{"href":"https:\/\/bmin.info\/WP\/wp-json\/wp\/v2\/types\/post"}],"author":[{"embeddable":true,"href":"https:\/\/bmin.info\/WP\/wp-json\/wp\/v2\/users\/3"}],"replies":[{"embeddable":true,"href":"https:\/\/bmin.info\/WP\/wp-json\/wp\/v2\/comments?post=614"}],"version-history":[{"count":3,"href":"https:\/\/bmin.info\/WP\/wp-json\/wp\/v2\/posts\/614\/revisions"}],"predecessor-version":[{"id":626,"href":"https:\/\/bmin.info\/WP\/wp-json\/wp\/v2\/posts\/614\/revisions\/626"}],"wp:attachment":[{"href":"https:\/\/bmin.info\/WP\/wp-json\/wp\/v2\/media?parent=614"}],"wp:term":[{"taxonomy":"category","embeddable":true,"href":"https:\/\/bmin.info\/WP\/wp-json\/wp\/v2\/categories?post=614"},{"taxonomy":"post_tag","embeddable":true,"href":"https:\/\/bmin.info\/WP\/wp-json\/wp\/v2\/tags?post=614"}],"curies":[{"name":"wp","href":"https:\/\/api.w.org\/{rel}","templated":true}]}}