{"id":6373,"date":"2019-04-24T06:51:53","date_gmt":"2019-04-24T05:51:53","guid":{"rendered":"https:\/\/bmin.info\/WP\/?p=6373"},"modified":"2019-04-24T06:54:12","modified_gmt":"2019-04-24T05:54:12","slug":"barrierefreie-schanigaerten","status":"publish","type":"post","link":"https:\/\/bmin.info\/WP\/2019\/04\/24\/barrierefreie-schanigaerten\/","title":{"rendered":"Barrierefreie Schanig\u00e4rten?"},"content":{"rendered":"<p>Text: Pepo Meia<br \/>\nDie Schanigarten-Saison hat wieder begonnen. Leider sind diese \u00f6fter nicht barrierefrei zug\u00e4nglich, wodurch Rollstuhlnutzer ausgegrenzt werden.<\/p>\n<p>Es geht auch um Schanig\u00e4rten-Podeste, die in der H\u00f6he falsch konzipiert sind &#8211; und dadurch m\u00fcssen Rollstuhlnutzer eine Stufe \u00fcberwinden. Auch Zug\u00e4nge zu Schanig\u00e4rten sind mitunter nur durch Lokalit\u00e4ten mit Stufen bzw. \u00fcber gef\u00e4hrliche Schienenrampen zu erreichen.<\/p>\n<p><a href=\"https:\/\/bmin.info\/WP\/wp-content\/uploads\/2019\/04\/180415_Schanig_1090b.jpg\"><img loading=\"lazy\" decoding=\"async\" class=\" wp-image-6379 aligncenter\" src=\"https:\/\/bmin.info\/WP\/wp-content\/uploads\/2019\/04\/180415_Schanig_1090b-300x225.jpg\" alt=\"\" width=\"425\" height=\"319\" srcset=\"https:\/\/bmin.info\/WP\/wp-content\/uploads\/2019\/04\/180415_Schanig_1090b-300x225.jpg 300w, https:\/\/bmin.info\/WP\/wp-content\/uploads\/2019\/04\/180415_Schanig_1090b-768x576.jpg 768w, https:\/\/bmin.info\/WP\/wp-content\/uploads\/2019\/04\/180415_Schanig_1090b-1024x768.jpg 1024w, https:\/\/bmin.info\/WP\/wp-content\/uploads\/2019\/04\/180415_Schanig_1090b-144x108.jpg 144w, https:\/\/bmin.info\/WP\/wp-content\/uploads\/2019\/04\/180415_Schanig_1090b.jpg 1280w\" sizes=\"auto, (max-width: 425px) 100vw, 425px\" \/><\/a><\/p>\n<p>Ein Lokal im 9ten Bezirk in der Berggasse ist ein gutes Beispiel, da wir schon seit 2013 immer wieder auf diesen mangelhaften Schanigarten hinweisen &#8211; bisher ohne Erfolg &#8211; siehe letzter BMIN-Artikel vom 13. April 2018: <a href=\"https:\/\/bmin.info\/WP\/2018\/04\/13\/schanigaerten-rollstuhlfahrer-unerwuenscht\/\">Schanig\u00e4rten: Rollstuhlfahrer unerw\u00fcnscht?<\/a><\/p>\n<p>Der <a href=\"https:\/\/www.wien.gv.at\/stadtentwicklung\/studien\/pdf\/e000004.pdf\">Schanigartenleitfaden<\/a> d\u00fcrfte nicht ausreichend sein, um barrierefreie Zug\u00e4nglichkeit zu gew\u00e4hrleisten. Die barrierefreie Zug\u00e4nglichkeit f\u00fcr Schanig\u00e4rten kann scheinbar nur durch das Bundesbehinderten-Gleichstellungsgesetz eingeklagt werden. Leider mangelt es wohl an rechtlichen Konsequenzen und an der Kontrolle der zust\u00e4ndigen Magistratsbeamten.<\/p>\n<p>Artikel zum Thema:<br \/>\n<a href=\"https:\/\/bmin.info\/WP\/2018\/08\/29\/wien-heiligenstadt-neuer-barrierefreier-ankerbrot-schanigarten\/\">Wien Heiligenstadt: Neuer, barrierefreier Ankerbrot-Schanigarten<\/a>&nbsp;(29. Aug. 2018)<br \/>\n<a href=\"https:\/\/bmin.info\/WP\/2018\/04\/13\/schanigaerten-rollstuhlfahrer-unerwuenscht\/\">Schanig\u00e4rten: Rollstuhlfahrer unerw\u00fcnscht?<\/a>&nbsp;(13. April 2018)<br \/>\n<a href=\"http:\/\/www.bmin.info\/N-Archiv\/BMIN.achrichten\/Nachrichten\/Eintrage\/2013\/10\/11_Wann_wir_die_Schanigartenrichtlinie_der_Stadt_Wien_endlich_umgesetzt.html\">Wann wird die Schanigartenrichtlinie der Stadt Wien endlich umgesetzt?<\/a> (11. Okt. 2013)<br \/>\n<a href=\"http:\/\/www.bmin.info\/N-Archiv\/BMIN.achrichten\/Nachrichten\/Eintrage\/2013\/6\/22_BMIN-Initiative__Barrierefreie_Schanigarten.html\">BMIN-Initiative: Barrierefreie Schanig\u00e4rten<\/a> (22. Juni 2013)<br \/>\n<a href=\"http:\/\/www.bmin.info\/N-Archiv\/BMIN.achrichten\/Nachrichten\/Eintrage\/2013\/6\/19_Schanigarten_Rollstuhlfahrer_unerwunscht%21.html\">Schanigarten \u2013 Rollstuhlfahrer unerw\u00fcnscht!<\/a> (19.Juni 2013)<\/p>\n<p><a href=\"https:\/\/www.wien.gv.at\/stadtentwicklung\/studien\/pdf\/e000004.pdf\">Leitfaden barrierefreie Schanig\u00e4rten in Wien<\/a><b> <\/b>(wien.gv.at \/ PDF)<\/p>\n","protected":false},"excerpt":{"rendered":"<p>Text: Pepo Meia Die Schanigarten-Saison hat wieder begonnen. Leider sind diese \u00f6fter nicht barrierefrei zug\u00e4nglich, wodurch Rollstuhlnutzer ausgegrenzt werden. Es geht auch um Schanig\u00e4rten-Podeste, die in der H\u00f6he falsch konzipiert sind &#8211; und dadurch m\u00fcssen Rollstuhlnutzer eine Stufe \u00fcberwinden. Auch Zug\u00e4nge zu Schanig\u00e4rten sind mitunter nur durch Lokalit\u00e4ten mit Stufen bzw. \u00fcber gef\u00e4hrliche Schienenrampen zu&#8230; <a href=\"https:\/\/bmin.info\/WP\/2019\/04\/24\/barrierefreie-schanigaerten\/\" class=\"more-link\">Continue reading <span class=\"screen-reader-text\">Barrierefreie Schanig\u00e4rten?<\/span><\/a><\/p>\n","protected":false},"author":3,"featured_media":0,"comment_status":"closed","ping_status":"closed","sticky":false,"template":"","format":"standard","meta":{"footnotes":""},"categories":[3],"tags":[],"class_list":["post-6373","post","type-post","status-publish","format-standard","hentry","category-info"],"_links":{"self":[{"href":"https:\/\/bmin.info\/WP\/wp-json\/wp\/v2\/posts\/6373","targetHints":{"allow":["GET"]}}],"collection":[{"href":"https:\/\/bmin.info\/WP\/wp-json\/wp\/v2\/posts"}],"about":[{"href":"https:\/\/bmin.info\/WP\/wp-json\/wp\/v2\/types\/post"}],"author":[{"embeddable":true,"href":"https:\/\/bmin.info\/WP\/wp-json\/wp\/v2\/users\/3"}],"replies":[{"embeddable":true,"href":"https:\/\/bmin.info\/WP\/wp-json\/wp\/v2\/comments?post=6373"}],"version-history":[{"count":7,"href":"https:\/\/bmin.info\/WP\/wp-json\/wp\/v2\/posts\/6373\/revisions"}],"predecessor-version":[{"id":6543,"href":"https:\/\/bmin.info\/WP\/wp-json\/wp\/v2\/posts\/6373\/revisions\/6543"}],"wp:attachment":[{"href":"https:\/\/bmin.info\/WP\/wp-json\/wp\/v2\/media?parent=6373"}],"wp:term":[{"taxonomy":"category","embeddable":true,"href":"https:\/\/bmin.info\/WP\/wp-json\/wp\/v2\/categories?post=6373"},{"taxonomy":"post_tag","embeddable":true,"href":"https:\/\/bmin.info\/WP\/wp-json\/wp\/v2\/tags?post=6373"}],"curies":[{"name":"wp","href":"https:\/\/api.w.org\/{rel}","templated":true}]}}