{"id":6480,"date":"2019-05-06T13:30:43","date_gmt":"2019-05-06T12:30:43","guid":{"rendered":"https:\/\/bmin.info\/WP\/?p=6480"},"modified":"2019-05-07T06:42:59","modified_gmt":"2019-05-07T05:42:59","slug":"1-mai-2019-interviews-vom-wiener-rathausplatz","status":"publish","type":"post","link":"https:\/\/bmin.info\/WP\/2019\/05\/06\/1-mai-2019-interviews-vom-wiener-rathausplatz\/","title":{"rendered":"1. Mai 2019: Interviews vom Wiener Rathausplatz"},"content":{"rendered":"<p>Text: Pepo Meia, Niels Cimpa<br \/>\nWie jedes Jahr veranstaltete die SP\u00d6 auch heuer wieder den traditionellen Maiaufmarsch in der Bundeshauptstadt Wien. Bei fr\u00fchlingshaftem Wetter kamen laut Veranstalter \u00fcber 120.000 Menschen zum Wiener Rathausplatz. Alle <a href=\"https:\/\/cba.fro.at\/404780\">Festreden<\/a> gibt&#8217;s auf der <a href=\"https:\/\/cba.fro.at\/404780\">CBA<\/a> zum Nachh\u00f6ren.<\/p>\n<p><a href=\"https:\/\/bmin.info\/WP\/wp-content\/uploads\/2019\/05\/B\u00fchne1_Mai_19_415.jpg\"><img loading=\"lazy\" decoding=\"async\" class=\" wp-image-6495 aligncenter\" src=\"https:\/\/bmin.info\/WP\/wp-content\/uploads\/2019\/05\/B\u00fchne1_Mai_19_415-300x226.jpg\" alt=\"\" width=\"400\" height=\"301\" srcset=\"https:\/\/bmin.info\/WP\/wp-content\/uploads\/2019\/05\/B\u00fchne1_Mai_19_415-300x226.jpg 300w, https:\/\/bmin.info\/WP\/wp-content\/uploads\/2019\/05\/B\u00fchne1_Mai_19_415-768x580.jpg 768w, https:\/\/bmin.info\/WP\/wp-content\/uploads\/2019\/05\/B\u00fchne1_Mai_19_415-1024x773.jpg 1024w, https:\/\/bmin.info\/WP\/wp-content\/uploads\/2019\/05\/B\u00fchne1_Mai_19_415-144x109.jpg 144w, https:\/\/bmin.info\/WP\/wp-content\/uploads\/2019\/05\/B\u00fchne1_Mai_19_415.jpg 1280w\" sizes=\"auto, (max-width: 400px) 100vw, 400px\" \/><\/a><\/p>\n<p>Pepo Meia war vor Ort und hatte wieder interessante Interviewpartner:<br \/>\n<strong>Johannes Jarolim<\/strong> (Justizsprecher der SP\u00d6), Bezirksvorsteher von der Donaustadt <strong>Ernst Nevrivy, Bruno Aigner<\/strong> (Querdenker und ehemalige \u201elinke Hand\u201c von BP Heinz Fischer), <strong>Christian Tschabitscher<\/strong> (Klubobmann der SP\u00d6-D\u00f6bling), <strong>Aktivisten der Sozialistischen Jugend<\/strong> (SJ-Hernals), Altb\u00fcrgermeister <strong>Michael H\u00e4upl<\/strong>, Meinungsforscher <strong>G\u00fcnther Ogris<\/strong>, die ehemalige Volksanw\u00e4ltin <strong>Terezija Stoisits<\/strong> (Gr\u00fcne) und EU-Spitzenkandidat der SP\u00d6 <strong>Andreas Schieder<\/strong> (<a href=\"https:\/\/cba.fro.at\/404915\">CBA<\/a>).<\/p>\n<p>Alle Interviews &#8211; <a href=\"https:\/\/cba.fro.at\/405081\">auf der CBA<\/a><\/p>\n","protected":false},"excerpt":{"rendered":"<p>Text: Pepo Meia, Niels Cimpa Wie jedes Jahr veranstaltete die SP\u00d6 auch heuer wieder den traditionellen Maiaufmarsch in der Bundeshauptstadt Wien. Bei fr\u00fchlingshaftem Wetter kamen laut Veranstalter \u00fcber 120.000 Menschen zum Wiener Rathausplatz. Alle Festreden gibt&#8217;s auf der CBA zum Nachh\u00f6ren. Pepo Meia war vor Ort und hatte wieder interessante Interviewpartner: Johannes Jarolim (Justizsprecher der&#8230; <a href=\"https:\/\/bmin.info\/WP\/2019\/05\/06\/1-mai-2019-interviews-vom-wiener-rathausplatz\/\" class=\"more-link\">Continue reading <span class=\"screen-reader-text\">1. Mai 2019: Interviews vom Wiener Rathausplatz<\/span><\/a><\/p>\n","protected":false},"author":3,"featured_media":0,"comment_status":"closed","ping_status":"closed","sticky":false,"template":"","format":"standard","meta":{"footnotes":""},"categories":[3],"tags":[],"class_list":["post-6480","post","type-post","status-publish","format-standard","hentry","category-info"],"_links":{"self":[{"href":"https:\/\/bmin.info\/WP\/wp-json\/wp\/v2\/posts\/6480","targetHints":{"allow":["GET"]}}],"collection":[{"href":"https:\/\/bmin.info\/WP\/wp-json\/wp\/v2\/posts"}],"about":[{"href":"https:\/\/bmin.info\/WP\/wp-json\/wp\/v2\/types\/post"}],"author":[{"embeddable":true,"href":"https:\/\/bmin.info\/WP\/wp-json\/wp\/v2\/users\/3"}],"replies":[{"embeddable":true,"href":"https:\/\/bmin.info\/WP\/wp-json\/wp\/v2\/comments?post=6480"}],"version-history":[{"count":7,"href":"https:\/\/bmin.info\/WP\/wp-json\/wp\/v2\/posts\/6480\/revisions"}],"predecessor-version":[{"id":6518,"href":"https:\/\/bmin.info\/WP\/wp-json\/wp\/v2\/posts\/6480\/revisions\/6518"}],"wp:attachment":[{"href":"https:\/\/bmin.info\/WP\/wp-json\/wp\/v2\/media?parent=6480"}],"wp:term":[{"taxonomy":"category","embeddable":true,"href":"https:\/\/bmin.info\/WP\/wp-json\/wp\/v2\/categories?post=6480"},{"taxonomy":"post_tag","embeddable":true,"href":"https:\/\/bmin.info\/WP\/wp-json\/wp\/v2\/tags?post=6480"}],"curies":[{"name":"wp","href":"https:\/\/api.w.org\/{rel}","templated":true}]}}