{"id":6519,"date":"2019-05-15T15:29:32","date_gmt":"2019-05-15T14:29:32","guid":{"rendered":"https:\/\/bmin.info\/WP\/?p=6519"},"modified":"2019-05-15T15:29:32","modified_gmt":"2019-05-15T14:29:32","slug":"massnahmen-fuer-einen-barrierefreien-alltag","status":"publish","type":"post","link":"https:\/\/bmin.info\/WP\/2019\/05\/15\/massnahmen-fuer-einen-barrierefreien-alltag\/","title":{"rendered":"Ma\u00dfnahmen f\u00fcr einen barrierefreien Alltag"},"content":{"rendered":"<p>Text: Behindertenanwaltschaft\/Volksanwaltschaft<br \/>\n<em>Menschen mit Behinderungen sind im Alltag nach wie vor mit kleinen und gro\u00dfen Benachteiligungen konfrontiert. Zahlreiche Beschwerdef\u00e4lle aus den Bereichen Bauen, Wohnen, Zugang zu \u00f6ffentlichen Geb\u00e4uden sowie Verkehr zeigen einen klaren Nachholbedarf auf.<\/em><\/p>\n<p>Am Ende ihrer Funktionsperiode zieht Volksanw\u00e4ltin Dr. Gertrude Brinek Res\u00fcmee zu den Hindernissen, die noch abgebaut werden m\u00fcssen und stellt &#8211; gemeinsam mit Behindertenanwalt Dr. Hansj\u00f6rg Hofer &#8211; legistische Anregungen auf dem Weg zu einem barrierefreien Leben in \u00d6sterreich vor: Ich beschr\u00e4nke mich auf die von mir in den letzten elf Jahren bearbeiteten Themen betreffend Bauen, Wohnen, Wohnbauf\u00f6rderungen und \u00f6ffentliches Verkehrswesen, Denkmalschutz. Wesentliche Aspekte waren exemplarisch Thema von \u00fcber 15 F\u00e4llen in der Fernsehsendung B\u00fcrgeranwalt, hinzukommen dutzende Er\u00f6rterungen in anderen Medien sowie \u00f6ffentliche Vortr\u00e4ge und Diskussionen. Dabei stand f\u00fcr mich im Vordergrund, dass es sich beim Abbau von Barrieren nicht um ein \u201eNischenproblem\u201c f\u00fcr Menschen mit Behinderungen handelt, sondern dass von Barrieren auch \u00e4ltere, alters- und mobilit\u00e4tseingeschr\u00e4nkte Personen (mit Seh- und Gehschwierigkeiten) ebenso wie junge Menschen (z. B. Kinderwagen) betroffen sind.<\/p>\n<p>Wahrgenommen habe ich bei der Behandlung vieler Beschwerden \u2013 trotz zahlreicher Rechtsvorschriften, dass die betroffenen Personen h\u00e4ufig noch immer als \u201eBittsteller\u201c auftreten m\u00fcssen, wiewohl sie ein Recht auf eine inklusive Lebensraumgestaltung und Lebensf\u00fchrung haben.<\/p>\n<p>Damit sollen keineswegs die Bem\u00fchungen der Verwaltung geschm\u00e4lert werden, aufgrund derer in den aufgezeigten Einzelf\u00e4llen zumeist sachgerechte L\u00f6sungen gefunden werden konnten. (Derartige Beschwerden sollten aber erst gar nicht bei uns landen).<\/p>\n<p>Gerne und nachdr\u00fccklich verweise ich auf die Verpflichtungen, die aus der UN-Behindertenrechtskonvention und der EU Charta resultieren. Darin wird neben dem Bekenntnis der Union zum Recht auf umfassende Integration von Menschen mit Behinderung auch explizit \u00e4lteren Personen dieses Recht einger\u00e4umt. In Art. 25 hei\u00dft es \u201edie Union anerkennt und achtet das Recht \u00e4lterer Menschen auf ein w\u00fcrdiges und unabh\u00e4ngiges Leben und auf Teilnahme am sozialen und kulturellen Leben.\u201c<\/p>\n<p>Erst j\u00fcngst hat die Ministerin f\u00fcr Arbeit, Soziales, Gesundheit und Konsumentenschutz in einem Ministerratsvortrag die Weiterf\u00fchrung des Nationalen Aktionsplanes Behinderung f\u00fcr den Zeitraum 2021-2030 angek\u00fcndigt. Der derzeitige Aktionsplan l\u00e4uft 2020 aus.<\/p>\n<p>In vielen Bereichen ist ein solcher Plan nicht allein als \u201eNationaler Aktionsplan Behinderung\u201c aufzufassen und auszugestalten, sondern als ein Generationenplan, der eine volle Teilnahme am \u00f6ffentlichen Leben f\u00fcr alle gew\u00e4hrleisten soll.<\/p>\n<p><strong>Ein neuer Nationaler Aktionsplan im Sinne eines \u201eGenerationenplans\u201c sollte in den von mir genannten Bereichen folgende Ziele verfolgen.<\/strong><\/p>\n<p>\u2022 Harmonisierung der Rechtsvorschriften<br \/>\n\u2022 Harmonisierung des F\u00f6rderungswesens<br \/>\n\u2022 Barrierefreier Zugang und behindertengerechte Nutzung \u00f6ffentlicher Geb\u00e4ude<br \/>\n\u2022 Ausreichende Verf\u00fcgbarkeit barrierefreier und behindertengerechter Wohnungen<br \/>\n\u2022 Barrierefreiheit und Denkmalschutz<br \/>\n\u2022 Nutzung \u00f6ffentlicher Verkehrsmittel<\/p>\n<p><strong>Quintessenz<\/strong><br \/>\nEin selbst\u00e4ndiges Leben f\u00fchren zu k\u00f6nnen bedeutet, im t\u00e4glichen Leben weitgehend und wo immer es m\u00f6glich ist, ohne fremde Hilfe zurechtzukommen. Das ist Ma\u00dfgabe und Ziel zugleich!<\/p>\n<p>F\u00fcr ein barrierefreies, besser: inklusives Leben, sind viele weitere Schritte und Veranlassungen notwendig, die auf eine Umsetzung warten.<\/p>\n<p><strong>Anm.<\/strong>: Anwesende Politiker beim Pressegespr\u00e4ch: NAbg: <a href=\"https:\/\/www.parlament.gv.at\/WWER\/PAD_16218\/\">Martina Diesner-Wais<\/a> (\u00d6VP) und eine parlamentarische Mitarbeiterin der NAbg. <a href=\"https:\/\/www.parlament.gv.at\/WWER\/PAD_01986\/\">Dr. Gudrun Kugler-Lang<\/a> (\u00d6VP).<\/p>\n","protected":false},"excerpt":{"rendered":"<p>Text: Behindertenanwaltschaft\/Volksanwaltschaft Menschen mit Behinderungen sind im Alltag nach wie vor mit kleinen und gro\u00dfen Benachteiligungen konfrontiert. Zahlreiche Beschwerdef\u00e4lle aus den Bereichen Bauen, Wohnen, Zugang zu \u00f6ffentlichen Geb\u00e4uden sowie Verkehr zeigen einen klaren Nachholbedarf auf. Am Ende ihrer Funktionsperiode zieht Volksanw\u00e4ltin Dr. Gertrude Brinek Res\u00fcmee zu den Hindernissen, die noch abgebaut werden m\u00fcssen und stellt&#8230; <a href=\"https:\/\/bmin.info\/WP\/2019\/05\/15\/massnahmen-fuer-einen-barrierefreien-alltag\/\" class=\"more-link\">Continue reading <span class=\"screen-reader-text\">Ma\u00dfnahmen f\u00fcr einen barrierefreien Alltag<\/span><\/a><\/p>\n","protected":false},"author":3,"featured_media":0,"comment_status":"closed","ping_status":"closed","sticky":false,"template":"","format":"standard","meta":{"footnotes":""},"categories":[3],"tags":[],"class_list":["post-6519","post","type-post","status-publish","format-standard","hentry","category-info"],"_links":{"self":[{"href":"https:\/\/bmin.info\/WP\/wp-json\/wp\/v2\/posts\/6519","targetHints":{"allow":["GET"]}}],"collection":[{"href":"https:\/\/bmin.info\/WP\/wp-json\/wp\/v2\/posts"}],"about":[{"href":"https:\/\/bmin.info\/WP\/wp-json\/wp\/v2\/types\/post"}],"author":[{"embeddable":true,"href":"https:\/\/bmin.info\/WP\/wp-json\/wp\/v2\/users\/3"}],"replies":[{"embeddable":true,"href":"https:\/\/bmin.info\/WP\/wp-json\/wp\/v2\/comments?post=6519"}],"version-history":[{"count":4,"href":"https:\/\/bmin.info\/WP\/wp-json\/wp\/v2\/posts\/6519\/revisions"}],"predecessor-version":[{"id":6524,"href":"https:\/\/bmin.info\/WP\/wp-json\/wp\/v2\/posts\/6519\/revisions\/6524"}],"wp:attachment":[{"href":"https:\/\/bmin.info\/WP\/wp-json\/wp\/v2\/media?parent=6519"}],"wp:term":[{"taxonomy":"category","embeddable":true,"href":"https:\/\/bmin.info\/WP\/wp-json\/wp\/v2\/categories?post=6519"},{"taxonomy":"post_tag","embeddable":true,"href":"https:\/\/bmin.info\/WP\/wp-json\/wp\/v2\/tags?post=6519"}],"curies":[{"name":"wp","href":"https:\/\/api.w.org\/{rel}","templated":true}]}}