{"id":6532,"date":"2019-05-31T09:35:46","date_gmt":"2019-05-31T08:35:46","guid":{"rendered":"https:\/\/bmin.info\/WP\/?p=6532"},"modified":"2020-06-27T13:36:02","modified_gmt":"2020-06-27T12:36:02","slug":"wird-schanigartenleitfaden-ignoriert","status":"publish","type":"post","link":"https:\/\/bmin.info\/WP\/2019\/05\/31\/wird-schanigartenleitfaden-ignoriert\/","title":{"rendered":"Wird Schanigartenleitfaden ignoriert?"},"content":{"rendered":"<p>Text: Pepo Meia, Niels Cimpa<br \/>\n<em><strong>Eissalon Veganista: Neuer Schanigarten f\u00fcr Rollstuhlnutzer nicht zug\u00e4nglich\u2028<\/strong><\/em><br \/>\nNicht barrierefreie Schanig\u00e4rten sollten in Wien schon l\u00e4ngst der Vergangenheit angeh\u00f6ren. Es gibt in Wien seit 2013 einen <a href=\"https:\/\/www.wien.gv.at\/stadtentwicklung\/studien\/pdf\/e000004.pdf\">Schanigartenleitfaden<\/a>, der bei Neubewilligungen auch zwingend umgesetzt werden muss. Dieser schreibt barrierefreie Zug\u00e4nglichkeit vor.<\/p>\n<p>Seit Anfang M\u00e4rz 2019 gibt es in Wien D\u00f6bling, D\u00f6blinger Hauptstra\u00dfe 57, einen neuen Eissalon mit dazugeh\u00f6rigem Schanigarten. Lobenswert ist der ebenerdige Zugang zum Lokal. Bem\u00e4ngeln muss man allerdings den neuen Schanigarten, der ca. eine 10 cm hohe Stufe hat (siehe Fotos darunter).<\/p>\n<p><a href=\"https:\/\/bmin.info\/WP\/wp-content\/uploads\/2019\/05\/190530_Eis_Vegan1.jpg\"><img loading=\"lazy\" decoding=\"async\" class=\"size-medium wp-image-6539 alignnone\" src=\"https:\/\/bmin.info\/WP\/wp-content\/uploads\/2019\/05\/190530_Eis_Vegan1-300x200.jpg\" alt=\"\" width=\"300\" height=\"200\" srcset=\"https:\/\/bmin.info\/WP\/wp-content\/uploads\/2019\/05\/190530_Eis_Vegan1-300x200.jpg 300w, https:\/\/bmin.info\/WP\/wp-content\/uploads\/2019\/05\/190530_Eis_Vegan1-768x512.jpg 768w, https:\/\/bmin.info\/WP\/wp-content\/uploads\/2019\/05\/190530_Eis_Vegan1-1024x683.jpg 1024w, https:\/\/bmin.info\/WP\/wp-content\/uploads\/2019\/05\/190530_Eis_Vegan1-144x96.jpg 144w, https:\/\/bmin.info\/WP\/wp-content\/uploads\/2019\/05\/190530_Eis_Vegan1.jpg 1280w\" sizes=\"auto, (max-width: 300px) 100vw, 300px\" \/><\/a> \u00a0\u00a0 \u00a0<a href=\"https:\/\/bmin.info\/WP\/wp-content\/uploads\/2019\/05\/190530_Eis_Vegan2.jpg\"><img loading=\"lazy\" decoding=\"async\" class=\"size-medium wp-image-6540 alignnone\" src=\"https:\/\/bmin.info\/WP\/wp-content\/uploads\/2019\/05\/190530_Eis_Vegan2-300x200.jpg\" alt=\"\" width=\"300\" height=\"200\" srcset=\"https:\/\/bmin.info\/WP\/wp-content\/uploads\/2019\/05\/190530_Eis_Vegan2-300x200.jpg 300w, https:\/\/bmin.info\/WP\/wp-content\/uploads\/2019\/05\/190530_Eis_Vegan2-768x512.jpg 768w, https:\/\/bmin.info\/WP\/wp-content\/uploads\/2019\/05\/190530_Eis_Vegan2-1024x683.jpg 1024w, https:\/\/bmin.info\/WP\/wp-content\/uploads\/2019\/05\/190530_Eis_Vegan2-144x96.jpg 144w, https:\/\/bmin.info\/WP\/wp-content\/uploads\/2019\/05\/190530_Eis_Vegan2.jpg 1200w\" sizes=\"auto, (max-width: 300px) 100vw, 300px\" \/><\/a><\/p>\n<p>Ob schon seitens der MBA 21 eine Bewilligung ausgestellt wurde, konnten wir nicht in Erfahrung bringen.<\/p>\n<p>Artikel zum Thema:<br \/>\n<a href=\"https:\/\/bmin.info\/WP\/2019\/04\/24\/barrierefreie-schanigaerten\/\">Barrierefreie Schanig\u00e4rten?<\/a>\u00a0(24. April 2019)<br \/>\n<a href=\"https:\/\/bmin.info\/WP\/2018\/08\/29\/wien-heiligenstadt-neuer-barrierefreier-ankerbrot-schanigarten\/\">Wien Heiligenstadt: Neuer, barrierefreier Ankerbrot-Schanigarten<\/a>\u00a0(29. Aug. 2018)<br \/>\n<a href=\"https:\/\/bmin.info\/WP\/2018\/04\/13\/schanigaerten-rollstuhlfahrer-unerwuenscht\/\">Schanig\u00e4rten: Rollstuhlfahrer unerw\u00fcnscht?<\/a>\u00a0(13. April 2018)<br \/>\n<a href=\"http:\/\/www.bmin.info\/N-Archiv\/BMIN.achrichten\/Nachrichten\/Eintrage\/2013\/10\/11_Wann_wir_die_Schanigartenrichtlinie_der_Stadt_Wien_endlich_umgesetzt.html\">Wann wird die Schanigartenrichtlinie der Stadt Wien endlich umgesetzt?<\/a> (11. Okt. 2013)<br \/>\n<a href=\"http:\/\/www.bmin.info\/N-Archiv\/BMIN.achrichten\/Nachrichten\/Eintrage\/2013\/6\/22_BMIN-Initiative__Barrierefreie_Schanigarten.html\">BMIN-Initiative: Barrierefreie Schanig\u00e4rten<\/a> (22. Juni 2013)<br \/>\n<a href=\"http:\/\/www.bmin.info\/N-Archiv\/BMIN.achrichten\/Nachrichten\/Eintrage\/2013\/6\/19_Schanigarten_Rollstuhlfahrer_unerwunscht%21.html\">Schanigarten \u2013 Rollstuhlfahrer unerw\u00fcnscht!<\/a> (19.Juni 2013)<\/p>\n<p><a href=\"https:\/\/www.wien.gv.at\/stadtentwicklung\/studien\/pdf\/e000004.pdf\">Leitfaden barrierefreie Schanig\u00e4rten in Wien<\/a><b> <\/b>(wien.gv.at \/ PDF)<\/p>\n","protected":false},"excerpt":{"rendered":"<p>Text: Pepo Meia, Niels Cimpa Eissalon Veganista: Neuer Schanigarten f\u00fcr Rollstuhlnutzer nicht zug\u00e4nglich\u2028 Nicht barrierefreie Schanig\u00e4rten sollten in Wien schon l\u00e4ngst der Vergangenheit angeh\u00f6ren. Es gibt in Wien seit 2013 einen Schanigartenleitfaden, der bei Neubewilligungen auch zwingend umgesetzt werden muss. Dieser schreibt barrierefreie Zug\u00e4nglichkeit vor. Seit Anfang M\u00e4rz 2019 gibt es in Wien D\u00f6bling, D\u00f6blinger&#8230; <a href=\"https:\/\/bmin.info\/WP\/2019\/05\/31\/wird-schanigartenleitfaden-ignoriert\/\" class=\"more-link\">Continue reading <span class=\"screen-reader-text\">Wird Schanigartenleitfaden ignoriert?<\/span><\/a><\/p>\n","protected":false},"author":3,"featured_media":0,"comment_status":"closed","ping_status":"closed","sticky":false,"template":"","format":"standard","meta":{"footnotes":""},"categories":[3],"tags":[],"class_list":["post-6532","post","type-post","status-publish","format-standard","hentry","category-info"],"_links":{"self":[{"href":"https:\/\/bmin.info\/WP\/wp-json\/wp\/v2\/posts\/6532","targetHints":{"allow":["GET"]}}],"collection":[{"href":"https:\/\/bmin.info\/WP\/wp-json\/wp\/v2\/posts"}],"about":[{"href":"https:\/\/bmin.info\/WP\/wp-json\/wp\/v2\/types\/post"}],"author":[{"embeddable":true,"href":"https:\/\/bmin.info\/WP\/wp-json\/wp\/v2\/users\/3"}],"replies":[{"embeddable":true,"href":"https:\/\/bmin.info\/WP\/wp-json\/wp\/v2\/comments?post=6532"}],"version-history":[{"count":7,"href":"https:\/\/bmin.info\/WP\/wp-json\/wp\/v2\/posts\/6532\/revisions"}],"predecessor-version":[{"id":7767,"href":"https:\/\/bmin.info\/WP\/wp-json\/wp\/v2\/posts\/6532\/revisions\/7767"}],"wp:attachment":[{"href":"https:\/\/bmin.info\/WP\/wp-json\/wp\/v2\/media?parent=6532"}],"wp:term":[{"taxonomy":"category","embeddable":true,"href":"https:\/\/bmin.info\/WP\/wp-json\/wp\/v2\/categories?post=6532"},{"taxonomy":"post_tag","embeddable":true,"href":"https:\/\/bmin.info\/WP\/wp-json\/wp\/v2\/tags?post=6532"}],"curies":[{"name":"wp","href":"https:\/\/api.w.org\/{rel}","templated":true}]}}