{"id":6548,"date":"2019-06-03T17:29:04","date_gmt":"2019-06-03T16:29:04","guid":{"rendered":"https:\/\/bmin.info\/WP\/?p=6548"},"modified":"2019-06-03T17:38:16","modified_gmt":"2019-06-03T16:38:16","slug":"uebergangsregierung-von-bp-van-der-bellen-angelobt","status":"publish","type":"post","link":"https:\/\/bmin.info\/WP\/2019\/06\/03\/uebergangsregierung-von-bp-van-der-bellen-angelobt\/","title":{"rendered":"\u00dcbergangsregierung von BP Van der Bellen angelobt"},"content":{"rendered":"<p>Text: Pepo Meia, Niels Cimpa, David Herrmann<br \/>\n<em><strong>\u00d6sterreich hat erste Bundeskanzlerin \/ Zusammenfassung der Ereignisse<\/strong><\/em><br \/>\nNach der Ver\u00f6ffentlichung des skandal\u00f6sen \u201eIbiza-Videos\u201c am 17. Mai 2019 und dem sofortigen R\u00fccktritt von Vizekanzler und FP\u00d6-Langzeitparteichef Heinz-Christian Strache, wollte Bundeskanzler Sebastian Kurz (\u00d6VP) den umstrittenen Innenminister Herbert Kickl entlassen. Daraufhin traten alle FP\u00d6 Minister zwei Tage nach HC Strache zur\u00fcck. Die Koalition mit der FP\u00d6, die nicht einmal eineinhalb Jahre dauerte, ist Geschichte und Neuwahlen wurden von Kanzler Kurz angek\u00fcndigt. Rasch wurde eine \u00dcbergangsregierung unter Hartwig L\u00f6ger (vorm. Finanzminister) installiert. Am 27. Mai wurde von der SP\u00d6 ein Misstrauensantrag gegen die gesamte Bundesregierung im Parlament eingebracht und fand eine Mehrheit. Auch die FP\u00d6 und die Liste JETZT (vormals Liste PILZ) stimmten dem Antrag zu. Die kurzeitige \u00dcbergangsregierung und Kanzler Kurz wurden von Bundespr\u00e4sident (BP) Alexander Van der Bellen am 28. Mai entlassen. Am 30. Mai betraute er die Pr\u00e4sidentin des Verfassungsgerichtshofs, Brigitte Bierlein, mit der Bildung einer neuen \u00dcbergangsregierung. Schon am Montag den 3. Juni hat nun BP Van der Bellen die neue Bundesregierung angelobt.<\/p>\n<p>Das Kabinett von Bundeskanzlerin Brigitte Bierlein besteht aus zw\u00f6lf Mitgliedern und bleibt bis zur Angelobung der neuen Regierung im Amt. Die Neuwahlen zum Nationalrat finden voraussichtlich im September 2019 statt.<br \/>\nEs besteht Geschlechterparit\u00e4t, denn sechs Minister sind Frauen und diese Regierung ist somit die bisher weiblichste in der Zweiten Republik.<br \/>\nKanzlerin Bierlein appellierte an die Parteien, m\u00f6glichst rasch Vorkehrungen f\u00fcr Neuwahlen in die Wege zu leiten.<br \/>\nSie \u00e4u\u00dferte ihren &#8222;tief empfundenen Dank&#8220; und erinnerte an die &#8222;gro\u00dfe Verantwortung&#8220;, die mit diesem Amt verbunden sei. Sie sei sich dieser bewusst und nehme sie &#8222;mit Demut an&#8220;.<\/p>\n<p><strong>Die Namen der neue Regierung<\/strong>:<br \/>\n\u2022 <strong>Kanzlerin<\/strong>: Brigitte Bierlein<br \/>\n\u2022 <strong>Vizekanzler und Justizminister<\/strong>: Clemens Jabloner (Er ist auch f\u00fcr Kultur und Kunst zust\u00e4ndig.)<br \/>\n\u2022 <strong>Au\u00dfen- und Europaminister<\/strong>: Alexander Schallenberg<br \/>\n\u2022 <strong>Innenminister<\/strong>: Wolfgang Peschorn<br \/>\n\u2022 <strong>Finanzminister<\/strong>: Eduard M\u00fcller (Er \u00fcbernimmt auch die Agenden f\u00fcr \u00f6ffentlichen Dienst und Sport.)<br \/>\n\u2022 <strong>Sozialministerin<\/strong>: Brigitte Zarfl<br \/>\n\u2022 <strong>Wirtschaftsministerin<\/strong>: Elisabeth Udolf-Strobl<br \/>\n\u2022 <strong>Infrastrukturminister<\/strong>: Andreas Reichhardt (Er war unter Ex-Verkehrsminister Norbert Hofer (FP\u00d6) Generalsekret\u00e4r.)<br \/>\n\u2022 <strong>Verteidigungsminister<\/strong>: Thomas Starlinger<br \/>\n\u2022 <strong>Landwirtschafts- und Umweltministerin<\/strong>: Maria Patek<br \/>\n\u2022 <strong>Bildungsministerin<\/strong>: Iris Eliisa Rauskala<br \/>\n\u2022 <strong>Frauen- und Familienministerin<\/strong>: Ines Stilling<\/p>\n","protected":false},"excerpt":{"rendered":"<p>Text: Pepo Meia, Niels Cimpa, David Herrmann \u00d6sterreich hat erste Bundeskanzlerin \/ Zusammenfassung der Ereignisse Nach der Ver\u00f6ffentlichung des skandal\u00f6sen \u201eIbiza-Videos\u201c am 17. Mai 2019 und dem sofortigen R\u00fccktritt von Vizekanzler und FP\u00d6-Langzeitparteichef Heinz-Christian Strache, wollte Bundeskanzler Sebastian Kurz (\u00d6VP) den umstrittenen Innenminister Herbert Kickl entlassen. Daraufhin traten alle FP\u00d6 Minister zwei Tage nach HC&#8230; <a href=\"https:\/\/bmin.info\/WP\/2019\/06\/03\/uebergangsregierung-von-bp-van-der-bellen-angelobt\/\" class=\"more-link\">Continue reading <span class=\"screen-reader-text\">\u00dcbergangsregierung von BP Van der Bellen angelobt<\/span><\/a><\/p>\n","protected":false},"author":3,"featured_media":0,"comment_status":"closed","ping_status":"closed","sticky":false,"template":"","format":"standard","meta":{"footnotes":""},"categories":[3],"tags":[],"class_list":["post-6548","post","type-post","status-publish","format-standard","hentry","category-info"],"_links":{"self":[{"href":"https:\/\/bmin.info\/WP\/wp-json\/wp\/v2\/posts\/6548","targetHints":{"allow":["GET"]}}],"collection":[{"href":"https:\/\/bmin.info\/WP\/wp-json\/wp\/v2\/posts"}],"about":[{"href":"https:\/\/bmin.info\/WP\/wp-json\/wp\/v2\/types\/post"}],"author":[{"embeddable":true,"href":"https:\/\/bmin.info\/WP\/wp-json\/wp\/v2\/users\/3"}],"replies":[{"embeddable":true,"href":"https:\/\/bmin.info\/WP\/wp-json\/wp\/v2\/comments?post=6548"}],"version-history":[{"count":6,"href":"https:\/\/bmin.info\/WP\/wp-json\/wp\/v2\/posts\/6548\/revisions"}],"predecessor-version":[{"id":6556,"href":"https:\/\/bmin.info\/WP\/wp-json\/wp\/v2\/posts\/6548\/revisions\/6556"}],"wp:attachment":[{"href":"https:\/\/bmin.info\/WP\/wp-json\/wp\/v2\/media?parent=6548"}],"wp:term":[{"taxonomy":"category","embeddable":true,"href":"https:\/\/bmin.info\/WP\/wp-json\/wp\/v2\/categories?post=6548"},{"taxonomy":"post_tag","embeddable":true,"href":"https:\/\/bmin.info\/WP\/wp-json\/wp\/v2\/tags?post=6548"}],"curies":[{"name":"wp","href":"https:\/\/api.w.org\/{rel}","templated":true}]}}